{"id":13334,"date":"2024-09-25T14:20:48","date_gmt":"2024-09-25T13:20:48","guid":{"rendered":"http:\/\/lafilledecorinthe.com\/wordpress\/?p=13334"},"modified":"2025-11-29T21:47:36","modified_gmt":"2025-11-29T20:47:36","slug":"maternelle-au-cinema-95-20242025","status":"publish","type":"post","link":"https:\/\/lafilledecorinthe.com\/wordpress\/2024\/09\/maternelle-au-cinema-95-20242025\/","title":{"rendered":"\u00ab\u00a0Maternelle au Cin\u00e9ma\u00a0\u00bb 95 &#8211; 2024\/2025"},"content":{"rendered":"\n<p><strong>Conf\u00e9rence au \u2026<\/strong><br>Cin\u00e9ma <em>Utopia<\/em> \u00e0\u00a0\u00a0Camillelvis, 9\u2019, 2008<\/p>\n\n\n<div class=\"wp-block-image\">\n<figure class=\"aligncenter\"><a href=\"https:\/\/lafilledecorinthe.com\/wordpress\/wp-content\/uploads\/2024\/09\/1.png\"><img loading=\"lazy\" decoding=\"async\" width=\"1280\" height=\"689\" src=\"https:\/\/lafilledecorinthe.com\/wordpress\/wp-content\/uploads\/2024\/09\/1-1280x689.png\" alt=\"1\" class=\"wp-image-13357\" srcset=\"https:\/\/lafilledecorinthe.com\/wordpress\/wp-content\/uploads\/2024\/09\/1-1280x689.png 1280w, https:\/\/lafilledecorinthe.com\/wordpress\/wp-content\/uploads\/2024\/09\/1-680x366.png 680w, https:\/\/lafilledecorinthe.com\/wordpress\/wp-content\/uploads\/2024\/09\/1-500x269.png 500w\" sizes=\"auto, (max-width: 1280px) 100vw, 1280px\" \/><\/a><figcaption class=\"wp-element-caption\">Inukshuk, Camillelvis, 9\u2019, 2008<\/figcaption><\/figure>\n<\/div>\n\n\n<p>Une bibliographie <em>litt\u00e9rature jeunesse <\/em>sur les ours,&nbsp;<a href=\"https:\/\/www.ricochet-jeunes.org\/articles\/ne-vendez-pas-la-peau-de-lours-avant-davoir-lu-cette-bibliographie\" target=\"_blank\" rel=\"noopener\">Ne vendez pas la peau de l&rsquo;ours avant d&rsquo;avoir lu cette bibliographie!<\/a><\/p>\n\n\n<div class=\"wp-block-image\">\n<figure class=\"aligncenter\"><a href=\"https:\/\/lafilledecorinthe.com\/wordpress\/wp-content\/uploads\/2024\/09\/2.png\"><img loading=\"lazy\" decoding=\"async\" width=\"2196\" height=\"1234\" src=\"https:\/\/lafilledecorinthe.com\/wordpress\/wp-content\/uploads\/2024\/09\/2.png\" alt=\"2\" class=\"wp-image-13358\" srcset=\"https:\/\/lafilledecorinthe.com\/wordpress\/wp-content\/uploads\/2024\/09\/2.png 2196w, https:\/\/lafilledecorinthe.com\/wordpress\/wp-content\/uploads\/2024\/09\/2-680x382.png 680w, https:\/\/lafilledecorinthe.com\/wordpress\/wp-content\/uploads\/2024\/09\/2-1280x719.png 1280w, https:\/\/lafilledecorinthe.com\/wordpress\/wp-content\/uploads\/2024\/09\/2-500x281.png 500w\" sizes=\"auto, (max-width: 2196px) 100vw, 2196px\" \/><\/a><figcaption class=\"wp-element-caption\">L\u2019effet de mes rides, Claude Delafosse, 13\u2019, 2022<\/figcaption><\/figure>\n<\/div>\n\n\n<p><strong>Documents \u00e0 t\u00e9l\u00e9charger :<\/strong>&nbsp;<a href=\"https:\/\/lafilledecorinthe.com\/wordpress\/wp-content\/uploads\/2024\/09\/Biblio25ans-copie.pdf\">Biblio25ans<\/a>,&nbsp;<a href=\"https:\/\/lafilledecorinthe.com\/wordpress\/wp-content\/uploads\/2024\/09\/Le-motif-du-cercle.pdf\">Le motif du cercle<\/a>,&nbsp;<a href=\"https:\/\/lafilledecorinthe.com\/wordpress\/wp-content\/uploads\/2024\/09\/Points-de-vue\u2026-.pdf\">Points de vue\u2026<\/a>,&nbsp;<a href=\"https:\/\/lafilledecorinthe.com\/wordpress\/wp-content\/uploads\/2024\/09\/le-regard-d\u2019Inukshuk-.pdf\">le regard d\u2019Inukshuk<\/a>,&nbsp;<a href=\"https:\/\/lafilledecorinthe.com\/wordpress\/wp-content\/uploads\/2024\/09\/Les-vrais-gens-.pdf\">Les vrais gens<\/a>,&nbsp;<a href=\"https:\/\/lafilledecorinthe.com\/wordpress\/wp-content\/uploads\/2024\/09\/Tout-s\u2019anime-.pdf\">Tout s\u2019anime !<\/a>,&nbsp;<a href=\"https:\/\/lafilledecorinthe.com\/wordpress\/wp-content\/uploads\/2024\/09\/Me\u0301mory-.pdf\">Me\u0301mory<\/a>,&nbsp;<a href=\"https:\/\/lafilledecorinthe.com\/wordpress\/wp-content\/uploads\/2024\/09\/Invente-une-histoire-La-sorcie\u0300re-le-gnome-et-l\u2019e\u0301cureuil-\u2026.pdf\">Invente une histoire ! La sorcie\u0300re, le gnome et l\u2019e\u0301cureuil \u2026<\/a><\/p>\n\n\n<div class=\"wp-block-image\">\n<figure class=\"aligncenter\"><a href=\"https:\/\/lafilledecorinthe.com\/wordpress\/wp-content\/uploads\/2024\/09\/sce\u0300ne-coupe\u0301e.jpg\"><img loading=\"lazy\" decoding=\"async\" width=\"1200\" height=\"1012\" src=\"https:\/\/lafilledecorinthe.com\/wordpress\/wp-content\/uploads\/2024\/09\/sce\u0300ne-coupe\u0301e.jpg\" alt=\"sce\u0300ne coupe\u0301e\" class=\"wp-image-13369\" srcset=\"https:\/\/lafilledecorinthe.com\/wordpress\/wp-content\/uploads\/2024\/09\/sce\u0300ne-coupe\u0301e.jpg 1200w, https:\/\/lafilledecorinthe.com\/wordpress\/wp-content\/uploads\/2024\/09\/sce\u0300ne-coupe\u0301e-680x573.jpg 680w, https:\/\/lafilledecorinthe.com\/wordpress\/wp-content\/uploads\/2024\/09\/sce\u0300ne-coupe\u0301e-356x300.jpg 356w\" sizes=\"auto, (max-width: 1200px) 100vw, 1200px\" \/><\/a><figcaption class=\"wp-element-caption\">Sc\u00e8ne coup\u00e9e de \u00ab\u00a0Panda, Petit Panda\u00a0\u00bb d&rsquo;Isao Takahata et Hayaho Miyazaki, 1972<\/figcaption><\/figure>\n<\/div>\n\n\n<p><strong>Documents \u00e0 t\u00e9l\u00e9charger :&nbsp;<\/strong><a href=\"https:\/\/lafilledecorinthe.com\/wordpress\/wp-content\/uploads\/2024\/09\/BiblioPanda.pdf\">BiblioPanda<\/a>&nbsp;et aussi <a title=\"\u00ab&nbsp;Panda, Petit Panda&nbsp;\u00bb, Maternelle au Cin\u00e9ma 92\" href=\"https:\/\/lafilledecorinthe.com\/wordpress\/2023\/11\/panda-petit-panda-maternelle-au-cinema-92\/\">ici&nbsp;<\/a>!<\/p>\n\n\n\n<p><\/p>\n","protected":false},"excerpt":{"rendered":"<p>Conf\u00e9rence au \u2026Cin\u00e9ma Utopia \u00e0\u00a0\u00a0Camillelvis, 9\u2019, 2008 Une bibliographie litt\u00e9rature jeunesse sur les ours,&nbsp;Ne vendez pas la peau de l&rsquo;ours avant d&rsquo;avoir lu cette bibliographie! Documents \u00e0 t\u00e9l\u00e9charger :&nbsp;Biblio25ans,&nbsp;Le motif du cercle,&nbsp;Points de vue\u2026,&nbsp;le regard d\u2019Inukshuk,&nbsp;Les vrais gens,&nbsp;Tout s\u2019anime !,&nbsp;Me\u0301mory,&nbsp;Invente une histoire ! La sorcie\u0300re, le gnome et l\u2019e\u0301cureuil \u2026 Documents \u00e0 t\u00e9l\u00e9charger :&nbsp;BiblioPanda&nbsp;et aussi&#8230;<\/p>\n","protected":false},"author":2,"featured_media":13356,"comment_status":"open","ping_status":"open","sticky":false,"template":"","format":"standard","meta":{"_kad_post_transparent":"","_kad_post_title":"","_kad_post_layout":"","_kad_post_sidebar_id":"","_kad_post_content_style":"","_kad_post_vertical_padding":"","_kad_post_feature":"","_kad_post_feature_position":"","_kad_post_header":false,"_kad_post_footer":false,"_kad_post_classname":"","footnotes":""},"categories":[8],"tags":[2365,2036,2418,2416,2420,2415,2421,221,657,2419,2376,2366,2417],"class_list":["post-13334","post","type-post","status-publish","format-standard","has-post-thumbnail","hentry","category-formations-adultes","tag-panda","tag-2036","tag-camillelvis","tag-cinema-utopia","tag-claude-delafosse","tag-ecransvo","tag-hayaho-miyazaki","tag-inukshuk","tag-isao-takahata","tag-leffet-de-mes-rides","tag-maternelle-au-cinema","tag-petit-panda","tag-saint-ouen-laumone"],"_links":{"self":[{"href":"https:\/\/lafilledecorinthe.com\/wordpress\/wp-json\/wp\/v2\/posts\/13334","targetHints":{"allow":["GET"]}}],"collection":[{"href":"https:\/\/lafilledecorinthe.com\/wordpress\/wp-json\/wp\/v2\/posts"}],"about":[{"href":"https:\/\/lafilledecorinthe.com\/wordpress\/wp-json\/wp\/v2\/types\/post"}],"author":[{"embeddable":true,"href":"https:\/\/lafilledecorinthe.com\/wordpress\/wp-json\/wp\/v2\/users\/2"}],"replies":[{"embeddable":true,"href":"https:\/\/lafilledecorinthe.com\/wordpress\/wp-json\/wp\/v2\/comments?post=13334"}],"version-history":[{"count":10,"href":"https:\/\/lafilledecorinthe.com\/wordpress\/wp-json\/wp\/v2\/posts\/13334\/revisions"}],"predecessor-version":[{"id":14330,"href":"https:\/\/lafilledecorinthe.com\/wordpress\/wp-json\/wp\/v2\/posts\/13334\/revisions\/14330"}],"wp:featuredmedia":[{"embeddable":true,"href":"https:\/\/lafilledecorinthe.com\/wordpress\/wp-json\/wp\/v2\/media\/13356"}],"wp:attachment":[{"href":"https:\/\/lafilledecorinthe.com\/wordpress\/wp-json\/wp\/v2\/media?parent=13334"}],"wp:term":[{"taxonomy":"category","embeddable":true,"href":"https:\/\/lafilledecorinthe.com\/wordpress\/wp-json\/wp\/v2\/categories?post=13334"},{"taxonomy":"post_tag","embeddable":true,"href":"https:\/\/lafilledecorinthe.com\/wordpress\/wp-json\/wp\/v2\/tags?post=13334"}],"curies":[{"name":"wp","href":"https:\/\/api.w.org\/{rel}","templated":true}]}}