{"id":13332,"date":"2024-10-04T13:33:13","date_gmt":"2024-10-04T12:33:13","guid":{"rendered":"http:\/\/lafilledecorinthe.com\/wordpress\/?p=13332"},"modified":"2025-11-29T21:46:34","modified_gmt":"2025-11-29T20:46:34","slug":"les-quatre-cents-coups-ecole-et-cinema-94","status":"publish","type":"post","link":"https:\/\/lafilledecorinthe.com\/wordpress\/2024\/10\/les-quatre-cents-coups-ecole-et-cinema-94\/","title":{"rendered":"\u00ab\u00a0Les quatre cents coups\u00a0\u00bb \u00c9cole et Cin\u00e9ma 94"},"content":{"rendered":"\n<blockquote class=\"wp-block-quote is-layout-flow wp-block-quote-is-layout-flow\">\n<p><em>Choisir un film, c&rsquo;\u00e9tait un m\u00e9lange. Je choisissais un film en fonction d&rsquo;une vague chimie entre le titre, l&rsquo;affiche, les photos, le nom des gens et le contenu qu&rsquo;on devine&#8230; Un film qui \u00e9voquait du romanesque, des sentiments, une esp\u00e8ce de violence int\u00e9rieure&#8230; Voil\u00e0 je devine que cela va me convenir.<\/em><br><i>Fran\u00e7ois Truffaut, l\u2019homme-cin\u00e9ma<\/i>, \u00e9pisode 6,\u00a0<a href=\"https:\/\/www.radiofrance.fr\/franceculture\/podcasts\/serie-francois-truffaut-l-homme-cinema\" target=\"_blank\" rel=\"noopener\">France Culture<\/a>, 2018<\/p>\n<\/blockquote>\n\n\n\n<p><strong>Projection-conf\u00e9rence :<\/strong><br><em>Les quatre cents coups, <\/em>Fran\u00e7ois Truffaut,<em>\u00a0<\/em>1959<br>3 Cin\u00e9s Robespierre\u00a0\u00e0 Vitry-sur-Seine<br>Mercredi\u00a09 octobre 2024<\/p>\n\n\n\n<p><strong>Documents&nbsp;\u00e0 t\u00e9l\u00e9charger :&nbsp;<\/strong><a href=\"https:\/\/lafilledecorinthe.com\/wordpress\/wp-content\/uploads\/2024\/10\/Pour-aller-plus-loin-.pdf\">Pour aller plus loin<\/a>,&nbsp;<a href=\"https:\/\/lafilledecorinthe.com\/wordpress\/wp-content\/uploads\/2024\/10\/Les-me\u0301tiers-du-cine\u0301ma-.pdf\">Les me\u0301tiers du cine\u0301ma<\/a>,&nbsp;<a href=\"https:\/\/lafilledecorinthe.com\/wordpress\/wp-content\/uploads\/2024\/10\/Un-enchai\u0302nement-fatal-.pdf\">Un enchai\u0302nement fatal<\/a>,&nbsp;<a href=\"https:\/\/lafilledecorinthe.com\/wordpress\/wp-content\/uploads\/2024\/10\/Elle-est-morte-.pdf\">Elle est morte !<\/a>,&nbsp;<a href=\"https:\/\/lafilledecorinthe.com\/wordpress\/wp-content\/uploads\/2024\/10\/Trois-sce\u0300nes-\u00ab-de\u0301croche\u0301es-\u00bb-.pdf\">Trois sce\u0300nes \u00ab&nbsp;de\u0301croche\u0301es&nbsp;\u00bb<\/a>,&nbsp;<a href=\"https:\/\/lafilledecorinthe.com\/wordpress\/wp-content\/uploads\/2024\/10\/Antoine-au-commissariat.pdf\">Antoine au commissariat<\/a>,&nbsp;<a href=\"https:\/\/lafilledecorinthe.com\/wordpress\/wp-content\/uploads\/2024\/10\/La-course-d\u2019Antoine-.pdf\">La course d\u2019Antoine<\/a>,&nbsp;<a href=\"https:\/\/lafilledecorinthe.com\/wordpress\/wp-content\/uploads\/2024\/10\/Lexique-.pdf\">Lexique<\/a><\/p>\n\n\n<div class=\"wp-block-image\">\n<figure class=\"aligncenter\"><a href=\"https:\/\/lafilledecorinthe.com\/wordpress\/wp-content\/uploads\/2024\/10\/Capture-d\u2019e\u0301cran-2024-10-04-a\u0300-14.17.29.png\"><img loading=\"lazy\" decoding=\"async\" width=\"1910\" height=\"466\" src=\"https:\/\/lafilledecorinthe.com\/wordpress\/wp-content\/uploads\/2024\/10\/Capture-d\u2019e\u0301cran-2024-10-04-a\u0300-14.17.29.png\" alt=\"Capture d\u2019e\u0301cran 2024-10-04 a\u0300 14.17.29\" class=\"wp-image-13395\" srcset=\"https:\/\/lafilledecorinthe.com\/wordpress\/wp-content\/uploads\/2024\/10\/Capture-d\u2019e\u0301cran-2024-10-04-a\u0300-14.17.29.png 1910w, https:\/\/lafilledecorinthe.com\/wordpress\/wp-content\/uploads\/2024\/10\/Capture-d\u2019e\u0301cran-2024-10-04-a\u0300-14.17.29-680x166.png 680w, https:\/\/lafilledecorinthe.com\/wordpress\/wp-content\/uploads\/2024\/10\/Capture-d\u2019e\u0301cran-2024-10-04-a\u0300-14.17.29-1280x312.png 1280w, https:\/\/lafilledecorinthe.com\/wordpress\/wp-content\/uploads\/2024\/10\/Capture-d\u2019e\u0301cran-2024-10-04-a\u0300-14.17.29-500x122.png 500w\" sizes=\"auto, (max-width: 1910px) 100vw, 1910px\" \/><\/a><figcaption class=\"wp-element-caption\">Le <a href=\"https:\/\/www.youtube.com\/watch?v=JL7-Sk0DGIk\" target=\"_blank\" rel=\"noopener\">casting<\/a> des 400 coups, Jean-Pierre L\u00e9aud, Patrick Auffray et Richard Kanayan<\/figcaption><\/figure>\n<\/div>\n\n<div class=\"wp-block-image\">\n<figure class=\"aligncenter\"><a href=\"https:\/\/lafilledecorinthe.com\/wordpress\/wp-content\/uploads\/2024\/10\/Cannes.png\"><img loading=\"lazy\" decoding=\"async\" width=\"1914\" height=\"1070\" src=\"https:\/\/lafilledecorinthe.com\/wordpress\/wp-content\/uploads\/2024\/10\/Cannes.png\" alt=\"Cannes\" class=\"wp-image-13396\" srcset=\"https:\/\/lafilledecorinthe.com\/wordpress\/wp-content\/uploads\/2024\/10\/Cannes.png 1914w, https:\/\/lafilledecorinthe.com\/wordpress\/wp-content\/uploads\/2024\/10\/Cannes-680x380.png 680w, https:\/\/lafilledecorinthe.com\/wordpress\/wp-content\/uploads\/2024\/10\/Cannes-1280x716.png 1280w, https:\/\/lafilledecorinthe.com\/wordpress\/wp-content\/uploads\/2024\/10\/Cannes-500x280.png 500w\" sizes=\"auto, (max-width: 1914px) 100vw, 1914px\" \/><\/a><figcaption class=\"wp-element-caption\">Un<a href=\"https:\/\/www.youtube.com\/watch?v=zvQp2xiHaDs\" target=\"_blank\" rel=\"noopener\"> interview<\/a> de Jean-Pierre L\u00e9aud par Fran\u00e7ois Chalais lors du festival de Cannes, 1959<\/figcaption><\/figure>\n<\/div>\n\n<div class=\"wp-block-image\">\n<figure class=\"aligncenter\"><a href=\"https:\/\/lafilledecorinthe.com\/wordpress\/wp-content\/uploads\/2024\/10\/MO1.png\"><img loading=\"lazy\" decoding=\"async\" width=\"1914\" height=\"1070\" src=\"https:\/\/lafilledecorinthe.com\/wordpress\/wp-content\/uploads\/2024\/10\/MO1.png\" alt=\"MO1\" class=\"wp-image-13397\" srcset=\"https:\/\/lafilledecorinthe.com\/wordpress\/wp-content\/uploads\/2024\/10\/MO1.png 1914w, https:\/\/lafilledecorinthe.com\/wordpress\/wp-content\/uploads\/2024\/10\/MO1-680x380.png 680w, https:\/\/lafilledecorinthe.com\/wordpress\/wp-content\/uploads\/2024\/10\/MO1-1280x716.png 1280w, https:\/\/lafilledecorinthe.com\/wordpress\/wp-content\/uploads\/2024\/10\/MO1-500x280.png 500w\" sizes=\"auto, (max-width: 1914px) 100vw, 1914px\" \/><\/a><\/figure>\n<\/div>\n\n\n<p><\/p>\n\n\n<div class=\"wp-block-image\">\n<figure class=\"aligncenter\"><a href=\"https:\/\/lafilledecorinthe.com\/wordpress\/wp-content\/uploads\/2024\/10\/MO2.png\"><img loading=\"lazy\" decoding=\"async\" width=\"1914\" height=\"1070\" src=\"https:\/\/lafilledecorinthe.com\/wordpress\/wp-content\/uploads\/2024\/10\/MO2.png\" alt=\"MO2\" class=\"wp-image-13398\" srcset=\"https:\/\/lafilledecorinthe.com\/wordpress\/wp-content\/uploads\/2024\/10\/MO2.png 1914w, https:\/\/lafilledecorinthe.com\/wordpress\/wp-content\/uploads\/2024\/10\/MO2-680x380.png 680w, https:\/\/lafilledecorinthe.com\/wordpress\/wp-content\/uploads\/2024\/10\/MO2-1280x716.png 1280w, https:\/\/lafilledecorinthe.com\/wordpress\/wp-content\/uploads\/2024\/10\/MO2-500x280.png 500w\" sizes=\"auto, (max-width: 1914px) 100vw, 1914px\" \/><\/a><\/figure>\n<\/div>\n\n\n<p><\/p>\n\n\n\n<p>Et&nbsp;<a title=\"Atelier \u00ab&nbsp;Enfances au cin\u00e9ma&nbsp;\u00bb : initiation \u00e0 la critique de cin\u00e9ma\" href=\"https:\/\/lafilledecorinthe.com\/wordpress\/2016\/05\/atelier-enfances-au-cinema-initiation-a-la-critique-de-cinema\/\" target=\"_blank\" rel=\"noopener\">un atelier sur la critique<\/a> avec des \u00e9l\u00e8ves de CM1-CM2<\/p>\n\n\n<div class=\"wp-block-image\">\n<figure class=\"aligncenter\"><a href=\"https:\/\/lafilledecorinthe.com\/wordpress\/wp-content\/uploads\/2024\/10\/Affiches_C3_web.jpg\"><img loading=\"lazy\" decoding=\"async\" width=\"905\" height=\"1280\" src=\"https:\/\/lafilledecorinthe.com\/wordpress\/wp-content\/uploads\/2024\/10\/Affiches_C3_web-905x1280.jpg\" alt=\"Affiches_C3_web\" class=\"wp-image-13408\" srcset=\"https:\/\/lafilledecorinthe.com\/wordpress\/wp-content\/uploads\/2024\/10\/Affiches_C3_web-905x1280.jpg 905w, https:\/\/lafilledecorinthe.com\/wordpress\/wp-content\/uploads\/2024\/10\/Affiches_C3_web-481x680.jpg 481w, https:\/\/lafilledecorinthe.com\/wordpress\/wp-content\/uploads\/2024\/10\/Affiches_C3_web-212x300.jpg 212w\" sizes=\"auto, (max-width: 905px) 100vw, 905px\" \/><\/a><figcaption class=\"wp-element-caption\">Affiche r\u00e9alis\u00e9e par Marjane Benghanem, 2024<\/figcaption><\/figure>\n<\/div>\n\n\n<p>&nbsp;<\/p>\n","protected":false},"excerpt":{"rendered":"<p>Choisir un film, c&rsquo;\u00e9tait un m\u00e9lange. Je choisissais un film en fonction d&rsquo;une vague chimie entre le titre, l&rsquo;affiche, les photos, le nom des gens et le contenu qu&rsquo;on devine&#8230; Un film qui \u00e9voquait du romanesque, des sentiments, une esp\u00e8ce de violence int\u00e9rieure&#8230; Voil\u00e0 je devine que cela va me convenir.Fran\u00e7ois Truffaut, l\u2019homme-cin\u00e9ma, \u00e9pisode 6,\u00a0France&#8230;<\/p>\n","protected":false},"author":2,"featured_media":13375,"comment_status":"open","ping_status":"open","sticky":false,"template":"","format":"standard","meta":{"_kad_post_transparent":"","_kad_post_title":"","_kad_post_layout":"","_kad_post_sidebar_id":"","_kad_post_content_style":"","_kad_post_vertical_padding":"","_kad_post_feature":"","_kad_post_feature_position":"","_kad_post_header":false,"_kad_post_footer":false,"_kad_post_classname":"","footnotes":""},"categories":[8],"tags":[2422,679,2425,1795,2423,2424,2431],"class_list":["post-13332","post","type-post","status-publish","format-standard","has-post-thumbnail","hentry","category-formations-adultes","tag-les-quatre-cents-coups","tag-3-cines-robespierre","tag-atelier-critique","tag-ecole-et-cinema-94","tag-francois-truffaut","tag-jean-pierre-leaud","tag-marjane-benghanem"],"_links":{"self":[{"href":"https:\/\/lafilledecorinthe.com\/wordpress\/wp-json\/wp\/v2\/posts\/13332","targetHints":{"allow":["GET"]}}],"collection":[{"href":"https:\/\/lafilledecorinthe.com\/wordpress\/wp-json\/wp\/v2\/posts"}],"about":[{"href":"https:\/\/lafilledecorinthe.com\/wordpress\/wp-json\/wp\/v2\/types\/post"}],"author":[{"embeddable":true,"href":"https:\/\/lafilledecorinthe.com\/wordpress\/wp-json\/wp\/v2\/users\/2"}],"replies":[{"embeddable":true,"href":"https:\/\/lafilledecorinthe.com\/wordpress\/wp-json\/wp\/v2\/comments?post=13332"}],"version-history":[{"count":33,"href":"https:\/\/lafilledecorinthe.com\/wordpress\/wp-json\/wp\/v2\/posts\/13332\/revisions"}],"predecessor-version":[{"id":14329,"href":"https:\/\/lafilledecorinthe.com\/wordpress\/wp-json\/wp\/v2\/posts\/13332\/revisions\/14329"}],"wp:featuredmedia":[{"embeddable":true,"href":"https:\/\/lafilledecorinthe.com\/wordpress\/wp-json\/wp\/v2\/media\/13375"}],"wp:attachment":[{"href":"https:\/\/lafilledecorinthe.com\/wordpress\/wp-json\/wp\/v2\/media?parent=13332"}],"wp:term":[{"taxonomy":"category","embeddable":true,"href":"https:\/\/lafilledecorinthe.com\/wordpress\/wp-json\/wp\/v2\/categories?post=13332"},{"taxonomy":"post_tag","embeddable":true,"href":"https:\/\/lafilledecorinthe.com\/wordpress\/wp-json\/wp\/v2\/tags?post=13332"}],"curies":[{"name":"wp","href":"https:\/\/api.w.org\/{rel}","templated":true}]}}