{"id":1326,"date":"2012-10-28T18:51:46","date_gmt":"2012-10-28T17:51:46","guid":{"rendered":"http:\/\/lafilledecorinthe.com\/wordpress\/?p=1326"},"modified":"2025-12-08T14:01:08","modified_gmt":"2025-12-08T13:01:08","slug":"les-enfants-dabord-au-jeu-de-paume-4","status":"publish","type":"post","link":"https:\/\/lafilledecorinthe.com\/wordpress\/2012\/10\/les-enfants-dabord-au-jeu-de-paume-4\/","title":{"rendered":"\u00ab\u00a0Les enfants d&rsquo;abord !\u00a0\u00bb au Jeu de Paume 4"},"content":{"rendered":"\n<p>La nouvelle saison des \u00ab\u00a0Enfants d&rsquo;abord !\u00a0\u00bb commence par un parcours crois\u00e9 autour des expositions \u00ab\u00a0Muntadas-Bravo\u00a0\u00bb. Les enfants vont explorer la notion de \u00ab\u00a0montage\u00a0\u00bb en d\u00e9couvrant qu&rsquo;une image se lit rarement seule, qu&rsquo;elle est souvent associ\u00e9e \u00e0 d&rsquo;autres images ainsi qu&rsquo;\u00e0 des mots et qu&rsquo;elle s&rsquo;inscrit dans un contexte de pr\u00e9sentation qui a du sens (exposition, livre, m\u00e9dia divers).<\/p>\n\n\n<div class=\"wp-block-image\">\n<figure class=\"aligncenter size-medium\"><a href=\"https:\/\/lafilledecorinthe.com\/wordpress\/wp-content\/uploads\/2012\/10\/P1060551.jpg\"><img loading=\"lazy\" decoding=\"async\" width=\"510\" height=\"680\" src=\"https:\/\/lafilledecorinthe.com\/wordpress\/wp-content\/uploads\/2012\/10\/P1060551-510x680.jpg\" alt=\"\" class=\"wp-image-1330\" srcset=\"https:\/\/lafilledecorinthe.com\/wordpress\/wp-content\/uploads\/2012\/10\/P1060551-510x680.jpg 510w, https:\/\/lafilledecorinthe.com\/wordpress\/wp-content\/uploads\/2012\/10\/P1060551-225x300.jpg 225w, https:\/\/lafilledecorinthe.com\/wordpress\/wp-content\/uploads\/2012\/10\/P1060551.jpg 600w\" sizes=\"auto, (max-width: 510px) 100vw, 510px\" \/><\/a><figcaption class=\"wp-element-caption\">Muntadas. Entre\/Between, Jeu de Paume, \u00ab\u00a0Les enfants d&rsquo;abord !\u00a0\u00bb 27\/10\/2012<\/figcaption><\/figure>\n<\/div>\n\n<div class=\"wp-block-image\">\n<figure class=\"aligncenter size-medium\"><a href=\"https:\/\/lafilledecorinthe.com\/wordpress\/wp-content\/uploads\/2012\/10\/P1060565.jpg\"><img loading=\"lazy\" decoding=\"async\" width=\"680\" height=\"530\" src=\"https:\/\/lafilledecorinthe.com\/wordpress\/wp-content\/uploads\/2012\/10\/P1060565-680x530.jpg\" alt=\"\" class=\"wp-image-1331\" srcset=\"https:\/\/lafilledecorinthe.com\/wordpress\/wp-content\/uploads\/2012\/10\/P1060565-680x530.jpg 680w, https:\/\/lafilledecorinthe.com\/wordpress\/wp-content\/uploads\/2012\/10\/P1060565-384x300.jpg 384w, https:\/\/lafilledecorinthe.com\/wordpress\/wp-content\/uploads\/2012\/10\/P1060565.jpg 800w\" sizes=\"auto, (max-width: 680px) 100vw, 680px\" \/><\/a><figcaption class=\"wp-element-caption\">Manuel Alvarez Bravo, un photographe aux aguets, Jeu de Paume, 27\/10\/2012<\/figcaption><\/figure>\n<\/div>\n\n\n<p>Apr\u00e8s un parcours actif dans les expositions, les enfants sont invit\u00e9s dans l&rsquo;espace \u00e9ducatif \u00e0 r\u00e9aliser un projet \u00e0 deux en composant un portefolio.<\/p>\n\n\n<div class=\"wp-block-image\">\n<figure class=\"aligncenter size-medium\"><a href=\"https:\/\/lafilledecorinthe.com\/wordpress\/wp-content\/uploads\/2012\/10\/P1060573.jpg\"><img loading=\"lazy\" decoding=\"async\" width=\"680\" height=\"429\" src=\"https:\/\/lafilledecorinthe.com\/wordpress\/wp-content\/uploads\/2012\/10\/P1060573-680x429.jpg\" alt=\"\" class=\"wp-image-1334\" srcset=\"https:\/\/lafilledecorinthe.com\/wordpress\/wp-content\/uploads\/2012\/10\/P1060573-680x429.jpg 680w, https:\/\/lafilledecorinthe.com\/wordpress\/wp-content\/uploads\/2012\/10\/P1060573-475x300.jpg 475w, https:\/\/lafilledecorinthe.com\/wordpress\/wp-content\/uploads\/2012\/10\/P1060573.jpg 800w\" sizes=\"auto, (max-width: 680px) 100vw, 680px\" \/><\/a><figcaption class=\"wp-element-caption\">Atelier \u00ab\u00a0Images et montages\u00a0\u00bb , Les enfants d&rsquo;abord !, 27\/10\/2012<\/figcaption><\/figure>\n<\/div>\n\n\n<p>Le choix et la juxtaposition de deux images de Manuel Alvarez Bravo provoquent leur imagination&nbsp;et les invitent \u00e0 r\u00e9pondre aux questions pr\u00e9sent\u00e9es dans \u00ab\u00a0Projet\u00a0\u00bb de Muntadas&nbsp;: Qui ? Quoi ? Pourquoi ? Comment ? O\u00f9 ? Quand ? Pour qui ? Combien ?<\/p>\n\n\n<div class=\"wp-block-image\">\n<figure class=\"aligncenter size-medium\"><a href=\"https:\/\/lafilledecorinthe.com\/wordpress\/wp-content\/uploads\/2012\/10\/IMG_1677.jpg\"><img loading=\"lazy\" decoding=\"async\" width=\"680\" height=\"510\" src=\"https:\/\/lafilledecorinthe.com\/wordpress\/wp-content\/uploads\/2012\/10\/IMG_1677-680x510.jpg\" alt=\"\" class=\"wp-image-1335\" srcset=\"https:\/\/lafilledecorinthe.com\/wordpress\/wp-content\/uploads\/2012\/10\/IMG_1677-680x510.jpg 680w, https:\/\/lafilledecorinthe.com\/wordpress\/wp-content\/uploads\/2012\/10\/IMG_1677-400x300.jpg 400w, https:\/\/lafilledecorinthe.com\/wordpress\/wp-content\/uploads\/2012\/10\/IMG_1677.jpg 800w\" sizes=\"auto, (max-width: 680px) 100vw, 680px\" \/><\/a><figcaption class=\"wp-element-caption\">Projet de Muntadas, vue de l&rsquo;exposition \u00ab\u00a0Muntadas, Entre\/Between, Jeu de Paume, 2012<\/figcaption><\/figure>\n<\/div>\n\n\n<p>&nbsp;<\/p>\n\n\n<div class=\"wp-block-image\">\n<figure class=\"aligncenter size-medium\"><a href=\"https:\/\/lafilledecorinthe.com\/wordpress\/wp-content\/uploads\/2012\/10\/P10605781.jpg\"><img loading=\"lazy\" decoding=\"async\" width=\"680\" height=\"510\" src=\"https:\/\/lafilledecorinthe.com\/wordpress\/wp-content\/uploads\/2012\/10\/P10605781-680x510.jpg\" alt=\"\" class=\"wp-image-1338\" srcset=\"https:\/\/lafilledecorinthe.com\/wordpress\/wp-content\/uploads\/2012\/10\/P10605781-680x510.jpg 680w, https:\/\/lafilledecorinthe.com\/wordpress\/wp-content\/uploads\/2012\/10\/P10605781-400x300.jpg 400w, https:\/\/lafilledecorinthe.com\/wordpress\/wp-content\/uploads\/2012\/10\/P10605781.jpg 800w\" sizes=\"auto, (max-width: 680px) 100vw, 680px\" \/><\/a><figcaption class=\"wp-element-caption\">Recto du portefolio \u00ab\u00a0Images et montages\u00a0\u00bb, Les enfants d&rsquo;abord, 2012<\/figcaption><\/figure>\n<\/div>\n\n\n<p>Deux autres ateliers, sur ce th\u00e8me, sont programm\u00e9s, les 24 novembre et 29 d\u00e9cembre 2012. <a href=\"http:\/\/www.jeudepaume.org\/index.php?page=article&amp;sousmenu=151&amp;idArt=1644&amp;lieu=1\" target=\"_blank\" rel=\"noopener\">\u00ab\u00a0Les enfants d&rsquo;abord!\u00a0\u00bb<\/a> vous attendent !<\/p>\n\n\n\n<p><a title=\"Mes albums\" href=\"https:\/\/lafilledecorinthe.com\/wordpress\/mes-albums\/\">Album<\/a> photo du 24 Novembre<\/p>\n","protected":false},"excerpt":{"rendered":"<p>La nouvelle saison des \u00ab\u00a0Enfants d&rsquo;abord !\u00a0\u00bb commence par un parcours crois\u00e9 autour des expositions \u00ab\u00a0Muntadas-Bravo\u00a0\u00bb. Les enfants vont explorer la notion de \u00ab\u00a0montage\u00a0\u00bb en d\u00e9couvrant qu&rsquo;une image se lit rarement seule, qu&rsquo;elle est souvent associ\u00e9e \u00e0 d&rsquo;autres images ainsi qu&rsquo;\u00e0 des mots et qu&rsquo;elle s&rsquo;inscrit dans un contexte de pr\u00e9sentation qui a du sens&#8230;<\/p>\n","protected":false},"author":2,"featured_media":1327,"comment_status":"open","ping_status":"open","sticky":false,"template":"","format":"standard","meta":{"_kad_post_transparent":"","_kad_post_title":"","_kad_post_layout":"","_kad_post_sidebar_id":"","_kad_post_content_style":"","_kad_post_vertical_padding":"","_kad_post_feature":"","_kad_post_feature_position":"","_kad_post_header":false,"_kad_post_footer":false,"_kad_post_classname":"","footnotes":""},"categories":[7],"tags":[194,48,190,192,193,191],"class_list":["post-1326","post","type-post","status-publish","format-standard","has-post-thumbnail","hentry","category-ateliers-enfants","tag-atelier-enfant","tag-jeu-de-paume","tag-les-enfants-dabord","tag-manuel-alvarez-bravo","tag-montage","tag-muntadas"],"_links":{"self":[{"href":"https:\/\/lafilledecorinthe.com\/wordpress\/wp-json\/wp\/v2\/posts\/1326","targetHints":{"allow":["GET"]}}],"collection":[{"href":"https:\/\/lafilledecorinthe.com\/wordpress\/wp-json\/wp\/v2\/posts"}],"about":[{"href":"https:\/\/lafilledecorinthe.com\/wordpress\/wp-json\/wp\/v2\/types\/post"}],"author":[{"embeddable":true,"href":"https:\/\/lafilledecorinthe.com\/wordpress\/wp-json\/wp\/v2\/users\/2"}],"replies":[{"embeddable":true,"href":"https:\/\/lafilledecorinthe.com\/wordpress\/wp-json\/wp\/v2\/comments?post=1326"}],"version-history":[{"count":14,"href":"https:\/\/lafilledecorinthe.com\/wordpress\/wp-json\/wp\/v2\/posts\/1326\/revisions"}],"predecessor-version":[{"id":15164,"href":"https:\/\/lafilledecorinthe.com\/wordpress\/wp-json\/wp\/v2\/posts\/1326\/revisions\/15164"}],"wp:featuredmedia":[{"embeddable":true,"href":"https:\/\/lafilledecorinthe.com\/wordpress\/wp-json\/wp\/v2\/media\/1327"}],"wp:attachment":[{"href":"https:\/\/lafilledecorinthe.com\/wordpress\/wp-json\/wp\/v2\/media?parent=1326"}],"wp:term":[{"taxonomy":"category","embeddable":true,"href":"https:\/\/lafilledecorinthe.com\/wordpress\/wp-json\/wp\/v2\/categories?post=1326"},{"taxonomy":"post_tag","embeddable":true,"href":"https:\/\/lafilledecorinthe.com\/wordpress\/wp-json\/wp\/v2\/tags?post=1326"}],"curies":[{"name":"wp","href":"https:\/\/api.w.org\/{rel}","templated":true}]}}