{"id":13252,"date":"2024-07-04T16:28:15","date_gmt":"2024-07-04T15:28:15","guid":{"rendered":"http:\/\/lafilledecorinthe.com\/wordpress\/?p=13252"},"modified":"2025-12-09T13:11:33","modified_gmt":"2025-12-09T12:11:33","slug":"valentin-rebondy-gerant-de-la-societe-de-distribution-cinema-public-films","status":"publish","type":"post","link":"https:\/\/lafilledecorinthe.com\/wordpress\/2024\/07\/valentin-rebondy-gerant-de-la-societe-de-distribution-cinema-public-films\/","title":{"rendered":"Valentin Rebondy, g\u00e9rant de la soci\u00e9t\u00e9 de distribution \u00ab\u00a0Cin\u00e9ma Public Films\u00a0\u00bb"},"content":{"rendered":"\n<p><em>En \u00e9coutant&nbsp;Valentin me parler de son travail j&rsquo;ai vite r\u00e9alis\u00e9 que j&rsquo;avais en face de moi un distributeur atypique.&nbsp;Gr\u00e2ce \u00e0 cet entretien, j&rsquo;ai pu&nbsp;me faire une id\u00e9e plus pr\u00e9cise de&nbsp;son r\u00f4le dans le parcours d&rsquo;un film, de la conception jusqu&rsquo;\u00e0 la salle de cin\u00e9ma. Classiquement le distributeur joue un r\u00f4le d&rsquo;interm\u00e9diaire entre le&nbsp;temps de la production et celui de l&rsquo;exploitation. Son coeur de m\u00e9tier&nbsp;est la gestion de la promotion et de la commercialisation des films.&nbsp;La soci\u00e9t\u00e9 \u00ab\u00a0<a href=\"https:\/\/cinemapublicfilms.fr\/\" target=\"_blank\" rel=\"noopener\">Cin\u00e9ma Public Films<\/a>\u00a0\u00bb assume&nbsp;un r\u00f4le d&rsquo;une plus grande ampleur li\u00e9&nbsp;sans doute&nbsp;\u00e0 leur sp\u00e9cificit\u00e9 d&rsquo;\u00eatre un distributeur ind\u00e9pendant de programmes pour la jeunesse. <\/em><br><em>\u00c0 vous maintenant de le d\u00e9couvrir !&nbsp;&nbsp;&nbsp; &nbsp; &nbsp; &nbsp; &nbsp; &nbsp; &nbsp; &nbsp;<\/em><\/p>\n\n\n\n<p class=\"p1\"><b>Peux-tu te pr\u00e9senter en quelques mots ?<\/b><\/p>\n\n\n\n<p class=\"p1\">Je suis g\u00e9rant de la soci\u00e9t\u00e9 <span class=\"s1\">Cin\u00e9ma Public Films<\/span>, j\u2019ai cette fonction<span class=\"Apple-converted-space\">&nbsp;<\/span>depuis 2009 mais j&rsquo;y suis employ\u00e9&nbsp;depuis 2001. Je cumule vingt-trois ann\u00e9es d\u2019anciennet\u00e9&nbsp;(sachant que j\u2019y ai pass\u00e9 quelques \u00e9t\u00e9 entre 1997 et 2000 pour gagner un peu d\u2019argent de poche) en y ayant fait toutes les t\u00e2ches. Ma fonction actuelle consiste essentiellement dans la recherche et l&rsquo;acquisition de nouveaux films, du financement de l&rsquo;activit\u00e9 et de tout ce qui touche \u00e0 la gestion courante. Je ne m\u2019ennuie jamais, j\u2019ai un travail gratifiant. Il est important pour moi de trouver du sens \u00e0 ce que je fais et d\u2019y prendre du plaisir.<br>Je ne suis pas seul, heureusement j\u2019ai une super \u00e9quipe. De mon point de vue, il n<span class=\"s4\">\u2019<\/span>y a pas de r\u00f4les et de t\u00e2ches secondaires. Notre fonctionnement est coll\u00e9giale, il est important que chacun se sente investi dans l\u2019entreprise. Par exemple, je soumets le choix des films qui vont entrer dans notre catalogue \u00e0 toute l\u2019\u00e9quipe. C\u2019est un bon test, quand un film fait l\u2019unanimit\u00e9, g\u00e9n\u00e9ralement c\u2019est bon signe. On passe beaucoup de temps avec les films, c\u2019est important de les aimer.<\/p>\n\n\n\n<p class=\"p1\"><b>Qu<\/b><span class=\"s1\">\u2019<\/span><b>est-ce qui a \u00e9t\u00e9 le plus formateur dans ton enfance ?<\/b><\/p>\n\n\n\n<p class=\"p1\">Les arts martiaux chinois que j\u2019ai pratiqu\u00e9s de 12 \u00e0 24 ans \u00e0 peu pr\u00e8s. Mon seul dipl\u00f4me post-bac est celui d\u00e9cern\u00e9 par le temple Shaolin. Apr\u00e8s le bac je suis all\u00e9 dans ce monast\u00e8re&nbsp;bouddhiste pendant trois semaines. Nous \u00e9tions dix jeunes de toute la France \u00e0 participer \u00e0 ce s\u00e9jour. J\u2019ai ressenti un vrai choc culturel, la Chine est un autre monde. J\u2019ai vu des gamins de six ans totalement investis, leurs parents les confient au monast\u00e8re, ils pratiquent les arts martiaux pendant huit heures chaque jour et ils \u00e9tudient le matin et le soir comme les autres \u00e9coliers. J\u2019ai vu ce que \u00e7a co\u00fbte pour atteindre le niveau dont je r\u00eavais.<\/p>\n\n\n<div class=\"wp-block-image wp-image-13315 size-medium\">\n<figure class=\"aligncenter\"><img loading=\"lazy\" decoding=\"async\" width=\"510\" height=\"680\" src=\"https:\/\/lafilledecorinthe.com\/wordpress\/wp-content\/uploads\/2024\/07\/Valentin_ChineWushu-510x680.jpg\" alt=\"Valentin_ChineWushu\" class=\"wp-image-13315\" srcset=\"https:\/\/lafilledecorinthe.com\/wordpress\/wp-content\/uploads\/2024\/07\/Valentin_ChineWushu-510x680.jpg 510w, https:\/\/lafilledecorinthe.com\/wordpress\/wp-content\/uploads\/2024\/07\/Valentin_ChineWushu-960x1280.jpg 960w, https:\/\/lafilledecorinthe.com\/wordpress\/wp-content\/uploads\/2024\/07\/Valentin_ChineWushu-225x300.jpg 225w\" sizes=\"auto, (max-width: 510px) 100vw, 510px\" \/><figcaption class=\"wp-element-caption\">Valentin sur la muraille de Chine en tenue traditionnelle de Wushu (une forme de Kung Fu), ao\u00fbt 2000<\/figcaption><\/figure>\n<\/div>\n\n\n<p class=\"p1\">La pratique du Kung-Fu m\u2019a structur\u00e9 autour de certaines valeurs fondamentales. J\u2019ai appris \u00e0 me fixer des objectifs et \u00e0 me donner les moyens de les atteindre.&nbsp;L\u2019\u00e9tat d\u2019esprit martial se d\u00e9veloppe de multiples fa\u00e7ons et \u00e9volue dans la pratique sous la forme d\u2019un<span class=\"Apple-converted-space\">&nbsp; <\/span>sport de combat. En situation de un contre un, il faut apprendre \u00e0 gagner le match tout en respectant l\u2019adversaire. Il faut r\u00e9ussir \u00e0 exprimer une certaine violence mais sans forc\u00e9ment d\u2019animosit\u00e9, avec une part importante d\u2019observation et d\u2019analyse pour savoir quand d\u00e9fendre et attaquer. Selon moi, on atteint l\u2019excellence lorsqu\u2019on gagne en respectant la r\u00e8gle et le cadre qu\u2019elle impose. Au-del\u00e0 des combats, le Kung-Fu est aussi une forme de performance artistique. Le Taolu, avec ses encha\u00eenements de figures complexes et acrobatiques, est une forme de th\u00e9\u00e2tre. On devient un personnage qui joue un r\u00f4le, qui raconte une histoire \u00e0 travers une forme de mise en sc\u00e8ne.<\/p>\n\n\n<div class=\"wp-block-image\">\n<figure class=\"aligncenter\"><a href=\"https:\/\/lafilledecorinthe.com\/wordpress\/wp-content\/uploads\/2024\/07\/Temple-de-Shaolin.png\"><img loading=\"lazy\" decoding=\"async\" width=\"1608\" height=\"534\" src=\"https:\/\/lafilledecorinthe.com\/wordpress\/wp-content\/uploads\/2024\/07\/Temple-de-Shaolin.png\" alt=\"Temple de Shaolin\" class=\"wp-image-13256\" srcset=\"https:\/\/lafilledecorinthe.com\/wordpress\/wp-content\/uploads\/2024\/07\/Temple-de-Shaolin.png 1608w, https:\/\/lafilledecorinthe.com\/wordpress\/wp-content\/uploads\/2024\/07\/Temple-de-Shaolin-680x226.png 680w, https:\/\/lafilledecorinthe.com\/wordpress\/wp-content\/uploads\/2024\/07\/Temple-de-Shaolin-1280x425.png 1280w, https:\/\/lafilledecorinthe.com\/wordpress\/wp-content\/uploads\/2024\/07\/Temple-de-Shaolin-500x166.png 500w\" sizes=\"auto, (max-width: 1608px) 100vw, 1608px\" \/><\/a><figcaption class=\"wp-element-caption\">Le temple de Shaolin<\/figcaption><\/figure>\n<\/div>\n\n\n<p class=\"p1\"><b>Une image qui t<\/b><span class=\"s1\">\u2019<\/span><b>accompagne\u2026<\/b><\/p>\n\n\n\n<p class=\"p1\">C\u2019est une demande difficile\u2026 L\u2019image \u00e0 laquelle je pense est li\u00e9e \u00e0 un souvenir d&rsquo;enfance, \u00e0 un deuil, celui de mon grand-p\u00e8re paternel. C\u2019est le jour o\u00f9 on l\u2019enterre. Je suis avec mon p\u00e8re, nous marchons sur un petit sentier pr\u00e8s d\u2019Al\u00e8s dans le Sud de la France, il me tient la main. Il me parle. Il veut me faire comprendre que le temps passe et que le temps perdu n\u2019est jamais rattrap\u00e9. Le dialogue entre mon p\u00e8re et le sien n\u2019a jamais \u00e9t\u00e9 simple. D\u00e9sormais, ce qui n\u2019a pas \u00e9t\u00e9 dit ou entendu entre eux, ne le sera jamais. Je ne me souviens pas exactement des mots qu\u2019il a prononc\u00e9s, mais le message \u00e9tait \u00ab Si tu as quelque chose \u00e0 dire, dis-le, n\u2019attends pas\u00bb. Ces mots ont influenc\u00e9 mon rapport au monde et aux gens. Je ne m\u2019embarrasse pas de relations trop superficielles. L&rsquo;horloge&nbsp;tourne, \u00e7a n\u2019est pas grave mais c\u2019est bien d\u2019en \u00eatre conscient. Quand il y a des choix qui se pr\u00e9sentent \u00e0 moi, je m\u2019interroge sur ce qui compte vraiment pour ne rien regretter.<\/p>\n\n\n\n<p class=\"p1\"><b>Ta premi\u00e8re rencontre marquante avec le cin\u00e9ma ?<\/b><span class=\"Apple-converted-space\">&nbsp; &nbsp;<\/span><\/p>\n\n\n\n<p class=\"p1\">Une des premi\u00e8res s\u00e9ances de cin\u00e9ma dont je me souviens est une projection de <i>Bernard et Bianca<\/i>. C\u2019\u00e9tait dans une salle parisienne, j\u2019\u00e9tais avec ma grand-m\u00e8re. La s\u00e9quence de l\u2019envol sur le dos de l\u2019albatros m\u2019a marqu\u00e9. Je pensais qu\u2019ils n\u2019allaient jamais y arriver. Le temps \u00e9tait suspendu \u00e0 leur envol !<\/p>\n\n\n\n<p><iframe loading=\"lazy\" title=\"YouTube video player\" src=\"https:\/\/www.youtube.com\/embed\/ZELTB9fAtTg?si=z2CEhn6oqAxPD_FC\" width=\"560\" height=\"315\" frameborder=\"0\" allowfullscreen=\"allowfullscreen\"><\/iframe><\/p>\n\n\n\n<p class=\"p1\">Je me souviens aussi que j\u2019\u00e9tais tr\u00e8s mal install\u00e9, assis sur le fauteuil rabattable. Si&nbsp;je me mettais au fond du si\u00e8ge je ne voyais que le haut de l\u2019\u00e9cran. Je suis rest\u00e9 toute la s\u00e9ance&nbsp; &nbsp; &nbsp; en \u00e9quilibre instable sur mon si\u00e8ge, les deux mains agripp\u00e9es au fauteuil devant moi. C\u2019\u00e9tait la seule solution pour bien voir l\u2019\u00e9cran.<\/p>\n\n\n\n<p class=\"p1\"><b>Que fais-tu apr\u00e8s le bac en dehors du Kung-Fu ?<\/b><\/p>\n\n\n\n<p class=\"p1\">Je voulais faire du dessin anim\u00e9. Petit, mon r\u00eave \u00e9tait d\u2019aller bosser chez Disney. Je visais les Gobelins,&nbsp;alors je suis entr\u00e9 \u00e0 l\u2019\u00e9cole Penninghen pour faire une ann\u00e9e de pr\u00e9paration au concours. \u00c7a a \u00e9t\u00e9 une claque, je me suis trouv\u00e9 face \u00e0 un encadrement parfois sadique&nbsp;ou tr\u00e8s cruel sur la qualit\u00e9 des travaux rendus, et j\u2019ai \u00e9t\u00e9 confront\u00e9 \u00e0 des \u00e9l\u00e8ves&nbsp;bien meilleurs que moi. Ma confiance en a pris un coup, j\u2019ai \u00e9t\u00e9 totalement d\u00e9stabilis\u00e9. Depuis mon enfance, j\u2019avais tir\u00e9 un certain prestige de mon coup de crayon&#8230; alors la chute, ou le retour \u00e0 la r\u00e9alit\u00e9, n\u2019en fut que plus difficile \u00e0 encaisser.<br>Je ne m\u2019\u00e9tais pas pr\u00e9par\u00e9 \u00e0 la transition d\u2019un dessin pour le plaisir, d\u2019une forme d\u2019\u00e9vasion ludique et cr\u00e9ative, \u00e0 une ex\u00e9cution ultra pr\u00e9cise, contrainte et m\u00e9ticuleuse d\u2019une consigne donn\u00e9e.J\u2019ai abandonn\u00e9 au bout de trois mois, totalement d\u00e9go\u00fbt\u00e9 et incapable de reprendre un crayon en main pendant longtemps. Apr\u00e8s un bref passage \u00e0 la Sorbonne en section cin\u00e9ma, o\u00f9 je d\u00e9couvre un enseignement beaucoup trop th\u00e9orique \u00e0 mon go\u00fbt, je rejoins <em>Cin\u00e9ma Public Films<\/em>, cr\u00e9\u00e9e et dirig\u00e9e par Jacques Atlan, mon grand-p\u00e8re maternel, dans l\u2019id\u00e9e d\u2019une occupation en vue de trouver ma voie. Je n\u2019en suis jamais reparti.<\/p>\n\n\n\n<p><iframe loading=\"lazy\" title=\"YouTube video player\" src=\"https:\/\/www.youtube.com\/embed\/U0rZcl0TClw?si=bRLPygasG-sg7uNj\" width=\"560\" height=\"315\" frameborder=\"0\" allowfullscreen=\"allowfullscreen\"><\/iframe><\/p>\n\n\n\n<p class=\"p1\"><b>En l\u2019int\u00e9grant tu perp\u00e9tues une histoire de famille ?<\/b><\/p>\n\n\n\n<p class=\"p1\">Mes parents divorcent lorsque j\u2019ai 7\/8 ans, mon grand-p\u00e8re maternel va devenir un appui pendant de nombreuses ann\u00e9es, non sans que cela ne g\u00e9n\u00e8re quelques tensions par la suite. Il va me donner l\u2019espace d\u2019une formation professionnelle \u00e0 l\u2019\u00e9cole de la vie. Celle o\u00f9 les erreurs se paient au tarif r\u00e9el. Je lui dois s\u00fbrement pas mal de mes convictions personnelles,&nbsp;d&rsquo;une certaine vision du monde.<\/p>\n\n\n<div class=\"wp-block-image\">\n<figure class=\"aligncenter\"><a href=\"https:\/\/lafilledecorinthe.com\/wordpress\/wp-content\/uploads\/2024\/07\/parents-communistes.png\"><img loading=\"lazy\" decoding=\"async\" width=\"1422\" height=\"538\" src=\"https:\/\/lafilledecorinthe.com\/wordpress\/wp-content\/uploads\/2024\/07\/parents-communistes.png\" alt=\"parents communistes\" class=\"wp-image-13261\" srcset=\"https:\/\/lafilledecorinthe.com\/wordpress\/wp-content\/uploads\/2024\/07\/parents-communistes.png 1422w, https:\/\/lafilledecorinthe.com\/wordpress\/wp-content\/uploads\/2024\/07\/parents-communistes-680x257.png 680w, https:\/\/lafilledecorinthe.com\/wordpress\/wp-content\/uploads\/2024\/07\/parents-communistes-1280x484.png 1280w, https:\/\/lafilledecorinthe.com\/wordpress\/wp-content\/uploads\/2024\/07\/parents-communistes-500x189.png 500w\" sizes=\"auto, (max-width: 1422px) 100vw, 1422px\" \/><\/a><figcaption class=\"wp-element-caption\">Tout le monde n\u2019a pas eu la chance d\u2019avoir des parents communistes, Jean-Jacques Zilbermann, 1993<\/figcaption><\/figure>\n<\/div>\n\n\n<p class=\"p1\">Tu connais le titre du film <i>Tout le monde n\u2019a pas eu la chance d\u2019avoir des parents communistes<\/i> ?<span class=\"Apple-converted-space\">&nbsp;<\/span>H\u00e9 bien j\u2019ai l\u2019impression d\u2019avoir eu cette chance.<br>Ce que je retiens le plus de mon apprentissage, c\u2019est que le facteur humain est d\u00e9terminant, je l\u2019ai v\u00e9rifi\u00e9 partout. Un bon projet doit permettre \u00e0 chacun qui y participe de s\u2019\u00e9panouir,&nbsp;et s\u2019il y parvient, il a toutes les chances de devenir un succ\u00e8s. Il ne faut pas s\u2019enfermer dans une logique uniquement mercantile,&nbsp;le mod\u00e8le \u00e9conomique est un moyen d\u2019atteindre un objectif, pas une fin en soi. La mise en valeur des \u0153uvres et de leurs auteurs, c\u2019est vraiment le point central de cette transmission familiale.<br>Mon grand-p\u00e8re cr\u00e9e la soci\u00e9t\u00e9 de distribution <i>Cin\u00e9ma Public Films<\/i> en 1989. Pour moi, ce nom repr\u00e9sente une forme&nbsp;\u00ab&nbsp;Triforce&nbsp;\u00bb \u00b9! Les trois \u00e9l\u00e9ments autour desquels tourne notre activit\u00e9 sont dans le nom de la soci\u00e9t\u00e9. Le <i>Cin\u00e9ma, <\/i>qui<i>&nbsp;<\/i>est \u00e0 la fois un lieu et un art. Le mot<i>Public<\/i> a lui aussi plusieurs sens. C\u2019est d\u2019abord celui pour lequel on fait tout \u00e7a, les enfants et la jeunesse en particulier pour&nbsp;<i>Cin\u00e9ma Public Films<\/i>. C\u2019est aussi l\u2019id\u00e9e d\u2019un collectif, et de ce qui est libre d\u2019acc\u00e8s. Il renvoie enfin, pour moi, \u00e0 la dimension de service public de la culture. Le cin\u00e9ma est un bon moyen de faire nation et de vivre ensemble. Public, c\u2019est le contraire de priv\u00e9, un film doit \u00eatre \u00e0 tout le monde. Tout faire pour que le plus grand nombre ait acc\u00e8s au cin\u00e9ma facilement, je pense que c&rsquo;est un enjeu majeur de notre temps. Quant au mot <i>Film <\/i>il \u00e9voque pour moi la pellicule, l\u2019objet, le m\u00e9dium sur lequel est imprim\u00e9 l&rsquo;image qui va permettre de raconter et de partager une histoire.&nbsp;Cette histoire, justement, avec ses personnages, ses lieux et ses enjeux puis\u00e9s dans le r\u00e9el ou&nbsp;la fiction qui nous font r\u00eaver, nous font grandir, et voir le monde autrement.<br>Le projet initial de mon grand-p\u00e8re \u00e9tait de s\u2019adresser \u00e0 la jeunesse en compl\u00e9tant l\u2019offre de distribution d&rsquo;une soci\u00e9t\u00e9 comme Walt Disney, notamment en soutenant de nombreux films \u00e9trangers. Toujours cette id\u00e9e essentielle<span class=\"Apple-converted-space\">&nbsp;<\/span>d\u2019ouverture sur le monde. A ses c\u00f4t\u00e9s, j\u2019ai eu la chance de d\u00e9couvrir une grande diversit\u00e9 cin\u00e9matographique avec des films ouzbeks, kazakhs, iraniens, lettons.&nbsp;L\u2019un des plus marquants doit \u00eatre le film chinois <i>Le roi des masques<\/i>. C\u2019est un film embl\u00e9matique pour notre soci\u00e9t\u00e9, un de ceux qui a \u00e9t\u00e9 le plus montr\u00e9 de notre catalogue, o\u00f9 il figure encore. Il a aussi \u00e9t\u00e9 parmi les premiers titres du dispositif national <i>\u00c9cole et Cin\u00e9ma<\/i> propos\u00e9 par le CNC.<\/p>\n\n\n<div class=\"wp-block-image\">\n<figure class=\"aligncenter\"><a href=\"https:\/\/lafilledecorinthe.com\/wordpress\/wp-content\/uploads\/2024\/07\/Le-roi-des-masques.png\"><img loading=\"lazy\" decoding=\"async\" width=\"1364\" height=\"536\" src=\"https:\/\/lafilledecorinthe.com\/wordpress\/wp-content\/uploads\/2024\/07\/Le-roi-des-masques.png\" alt=\"Le roi des masques\" class=\"wp-image-13262\" srcset=\"https:\/\/lafilledecorinthe.com\/wordpress\/wp-content\/uploads\/2024\/07\/Le-roi-des-masques.png 1364w, https:\/\/lafilledecorinthe.com\/wordpress\/wp-content\/uploads\/2024\/07\/Le-roi-des-masques-680x267.png 680w, https:\/\/lafilledecorinthe.com\/wordpress\/wp-content\/uploads\/2024\/07\/Le-roi-des-masques-1280x503.png 1280w, https:\/\/lafilledecorinthe.com\/wordpress\/wp-content\/uploads\/2024\/07\/Le-roi-des-masques-500x196.png 500w\" sizes=\"auto, (max-width: 1364px) 100vw, 1364px\" \/><\/a><figcaption class=\"wp-element-caption\">Le Roi des masques, Wu Tain Ming, 1995<\/figcaption><\/figure>\n<\/div>\n\n\n<p class=\"p1\">Le premier film sorti en salles par la soci\u00e9t\u00e9 a \u00e9t\u00e9 <i>Les aventures de Pinocchio <\/i>de Luigi&nbsp;Comencini. L\u2019histoire de la red\u00e9couverte de ce film perdu est assez rocambolesque, mon grand-p\u00e8re&nbsp;parvenant \u00e0 retracer le film jusqu\u2019aux archives du Vatican.<\/p>\n\n\n<div class=\"wp-block-image wp-image-13263 size-full\">\n<figure class=\"aligncenter\"><img loading=\"lazy\" decoding=\"async\" width=\"1336\" height=\"536\" src=\"https:\/\/lafilledecorinthe.com\/wordpress\/wp-content\/uploads\/2024\/07\/Pinocchio.png\" alt=\"Pinocchio\" class=\"wp-image-13263\" srcset=\"https:\/\/lafilledecorinthe.com\/wordpress\/wp-content\/uploads\/2024\/07\/Pinocchio.png 1336w, https:\/\/lafilledecorinthe.com\/wordpress\/wp-content\/uploads\/2024\/07\/Pinocchio-680x273.png 680w, https:\/\/lafilledecorinthe.com\/wordpress\/wp-content\/uploads\/2024\/07\/Pinocchio-1280x514.png 1280w, https:\/\/lafilledecorinthe.com\/wordpress\/wp-content\/uploads\/2024\/07\/Pinocchio-500x201.png 500w\" sizes=\"auto, (max-width: 1336px) 100vw, 1336px\" \/><figcaption class=\"wp-element-caption\">Les aventures de Pinocchio, Luigi Comencini, 1972<\/figcaption><\/figure>\n<\/div>\n\n\n<p class=\"p1\">En 1997, vingt-cinq ans apr\u00e8s sa sortie, <i>Cin\u00e9ma Public Films<\/i> ressort le film <i>Avoir vingt ans dans les Aur\u00e8s<\/i> de Ren\u00e9 Vautier. Le film avait \u00e9t\u00e9 interdit et on pensait toutes les copies d\u00e9truites suite \u00e0 cette censure, mais un projectionniste en avait cach\u00e9 une copie \u00e0 partir de laquelle un nouveau tirage a pu \u00eatre lanc\u00e9 !<\/p>\n\n\n<div class=\"wp-block-image\">\n<figure class=\"aligncenter\"><a href=\"https:\/\/lafilledecorinthe.com\/wordpress\/wp-content\/uploads\/2024\/07\/Avoir-20-ans-.png\"><img loading=\"lazy\" decoding=\"async\" width=\"1200\" height=\"536\" src=\"https:\/\/lafilledecorinthe.com\/wordpress\/wp-content\/uploads\/2024\/07\/Avoir-20-ans-.png\" alt=\"Avoir 20 ans\" class=\"wp-image-13264\" srcset=\"https:\/\/lafilledecorinthe.com\/wordpress\/wp-content\/uploads\/2024\/07\/Avoir-20-ans-.png 1200w, https:\/\/lafilledecorinthe.com\/wordpress\/wp-content\/uploads\/2024\/07\/Avoir-20-ans--680x304.png 680w, https:\/\/lafilledecorinthe.com\/wordpress\/wp-content\/uploads\/2024\/07\/Avoir-20-ans--500x223.png 500w\" sizes=\"auto, (max-width: 1200px) 100vw, 1200px\" \/><\/a><figcaption class=\"wp-element-caption\">Avoir 20 ans dans les Aur\u00e8s, Ren\u00e9 Vautier, 1972<\/figcaption><\/figure>\n<\/div>\n\n\n<p class=\"p1\">Les films sont souvent des gestes artistiques mais peuvent aussi \u00eatre des actes militants.<\/p>\n\n\n\n<p class=\"p1\"><b>\u00c0 quel moment te confie-t-on la barre de la soci\u00e9t\u00e9 ?<\/b><\/p>\n\n\n\n<p class=\"p1\">2008 est une ann\u00e9e extr\u00eamement difficile pour la soci\u00e9t\u00e9.&nbsp;Les films distribu\u00e9s \u00e0 l&rsquo;\u00e9poque&nbsp;ne marchent pas bien depuis un certain temps, et cela entra\u00eene de grosses&nbsp;difficult\u00e9s financi\u00e8res. Les films labellis\u00e9s&nbsp;<i>Jeune Public <\/i>sont la b\u00e9quille de l\u2019entreprise. Je pousse \u00e0&nbsp;concentrer tous nos efforts dans ce secteur. A ce moment-l\u00e0, quand on me d\u00e9signe g\u00e9rant de la soci\u00e9t\u00e9, je joue clairement \u00e0 quitte ou double, soit j\u2019ai vu juste et \u00e7a nous sauve, soit on met la cl\u00e9 sous la porte. A ce moment-l\u00e0, j\u2019ai assez de confiance pour y aller, parce que je suis \u00e9paul\u00e9 et soutenu par un ami d\u2019enfance, et qui est toujours \u00e0 mes c\u00f4t\u00e9s, J\u00e9r\u00e9my Bois, que j\u2019ai connu quand on avait 12 ans. Ensemble, on veut tenter le tout pour le tout.<\/p>\n\n\n<div class=\"wp-block-image\">\n<figure class=\"aligncenter\"><a href=\"https:\/\/lafilledecorinthe.com\/wordpress\/wp-content\/uploads\/2024\/07\/Valentin-et-Je\u0301re\u0301my-Blois-2012.jpg\"><img loading=\"lazy\" decoding=\"async\" width=\"1020\" height=\"573\" src=\"https:\/\/lafilledecorinthe.com\/wordpress\/wp-content\/uploads\/2024\/07\/Valentin-et-Je\u0301re\u0301my-Blois-2012.jpg\" alt=\"Valentin et Je\u0301re\u0301my Bois deavant les d\u00e9cors du programme &quot;Le jardinier qui voulait \u00eatre roi&quot;, 20122012 \" class=\"wp-image-13265\" srcset=\"https:\/\/lafilledecorinthe.com\/wordpress\/wp-content\/uploads\/2024\/07\/Valentin-et-Je\u0301re\u0301my-Blois-2012.jpg 1020w, https:\/\/lafilledecorinthe.com\/wordpress\/wp-content\/uploads\/2024\/07\/Valentin-et-Je\u0301re\u0301my-Blois-2012-680x382.jpg 680w, https:\/\/lafilledecorinthe.com\/wordpress\/wp-content\/uploads\/2024\/07\/Valentin-et-Je\u0301re\u0301my-Blois-2012-500x281.jpg 500w\" sizes=\"auto, (max-width: 1020px) 100vw, 1020px\" \/><\/a><figcaption class=\"wp-element-caption\">Valentin Rebondy et Jeremy Bois devant les d\u00e9cors du <em>Jardinier qui voulait \u00eatre roi<\/em>, 2012<\/figcaption><\/figure>\n<\/div>\n\n\n<p class=\"p1\">Ce sont les programmes de courts m\u00e9trages d\u2019animation qui font tourner la soci\u00e9t\u00e9 depuis plusieurs ann\u00e9es. Il nous apparaissait \u00e9vident que c\u2019\u00e9tait l\u2019axe de d\u00e9veloppement \u00e0 suivre.&nbsp; De plus, le cin\u00e9ma d&rsquo;animation m\u2019a toujours fascin\u00e9 et avec J\u00e9r\u00e9my, ce go\u00fbt en commun nous a aid\u00e9 \u00e0 nous d\u00e9passer. C\u2019est une forme d&rsquo;expression cin\u00e9matographique vraiment compl\u00e8te.&nbsp;Elle a une capacit\u00e9 \u00e0 nous faire sortir du monde r\u00e9el extr\u00eamement puissante.<br>En 2008 nous&nbsp;distribuons&nbsp;<i>Le bal des Lucioles et autres courts, <\/i>un programme de quatre courts m\u00e9trages d&rsquo;animation de marionnettes du studio letton AB (<a href=\"https:\/\/www.youtube.com\/@animacijasbrigadeLatvia\" target=\"_blank\" rel=\"noopener\">Anim\u0101cijas brig\u0101de)<\/a>. C\u2019est avec ce film que nous&nbsp;allons prototyper&nbsp;ce qui deviendra l\u2019identit\u00e9 de la soci\u00e9t\u00e9 \u00ab&nbsp;nouvelle g\u00e9n\u00e9ration&nbsp;\u00bb. Mais c\u2019est en 2005, trois ans auparavant, que l\u2019id\u00e9e d\u2019accompagner la sortie des films en salles commence \u00e0 germer. Lors de la premi\u00e8re \u00e9dition de <i>Mon Premier Festival <\/i>(Paris)<i>&nbsp;<\/i>j\u2019accompagne avec l\u2019\u00e9quipe du film la sortie du long m\u00e9trage d&rsquo;animation <em>Les<\/em>&nbsp;<i>Trois mousquetaires, <\/i>le deuxi\u00e8me long m\u00e9trage du r\u00e9alisateur letton J\u00e3nis Cimermanis.&nbsp;L\u2019\u00e9quipe vient pr\u00e9senter le film en avant-premi\u00e8re et a apport\u00e9 dans ses valises des marionnettes ayant servi au tournage du film. Comme personne parmi eux ne parle fran\u00e7ais, j\u2019improvise le r\u00f4le d\u2019interpr\u00e8te et une animation dans la salle de cin\u00e9ma apr\u00e8s la s\u00e9ance, sur les secrets de fabrication du film et \u00e7a cartonne, les gens sont fascin\u00e9s.<\/p>\n\n\n<div class=\"wp-block-image\">\n<figure class=\"aligncenter\"><a href=\"https:\/\/lafilledecorinthe.com\/wordpress\/wp-content\/uploads\/2024\/07\/Les-trois-mousquetaires.png\"><img loading=\"lazy\" decoding=\"async\" width=\"1204\" height=\"534\" src=\"https:\/\/lafilledecorinthe.com\/wordpress\/wp-content\/uploads\/2024\/07\/Les-trois-mousquetaires.png\" alt=\"Les trois mousquetaires\" class=\"wp-image-13266\" srcset=\"https:\/\/lafilledecorinthe.com\/wordpress\/wp-content\/uploads\/2024\/07\/Les-trois-mousquetaires.png 1204w, https:\/\/lafilledecorinthe.com\/wordpress\/wp-content\/uploads\/2024\/07\/Les-trois-mousquetaires-680x302.png 680w, https:\/\/lafilledecorinthe.com\/wordpress\/wp-content\/uploads\/2024\/07\/Les-trois-mousquetaires-500x222.png 500w\" sizes=\"auto, (max-width: 1204px) 100vw, 1204px\" \/><\/a><figcaption class=\"wp-element-caption\">Les 3 mousquetaires, J\u00e3nis Cimmermanis, 2005<\/figcaption><\/figure>\n<\/div>\n\n<div class=\"wp-block-image\">\n<figure class=\"aligncenter\"><a href=\"https:\/\/lafilledecorinthe.com\/wordpress\/wp-content\/uploads\/2024\/07\/Les-toutes-petites-cre\u0301atures.png\"><img loading=\"lazy\" decoding=\"async\" width=\"1346\" height=\"532\" src=\"https:\/\/lafilledecorinthe.com\/wordpress\/wp-content\/uploads\/2024\/07\/Les-toutes-petites-cre\u0301atures.png\" alt=\"Les toutes petites cre\u0301atures\" class=\"wp-image-13269\" srcset=\"https:\/\/lafilledecorinthe.com\/wordpress\/wp-content\/uploads\/2024\/07\/Les-toutes-petites-cre\u0301atures.png 1346w, https:\/\/lafilledecorinthe.com\/wordpress\/wp-content\/uploads\/2024\/07\/Les-toutes-petites-cre\u0301atures-680x269.png 680w, https:\/\/lafilledecorinthe.com\/wordpress\/wp-content\/uploads\/2024\/07\/Les-toutes-petites-cre\u0301atures-1280x506.png 1280w, https:\/\/lafilledecorinthe.com\/wordpress\/wp-content\/uploads\/2024\/07\/Les-toutes-petites-cre\u0301atures-500x198.png 500w\" sizes=\"auto, (max-width: 1346px) 100vw, 1346px\" \/><\/a><figcaption class=\"wp-element-caption\">Les toutes petites cr\u00e9atures, Lucy Izzard, 2024<\/figcaption><\/figure>\n<\/div>\n\n\n<p class=\"p1\"><b>Dans votre catalogue vous avez des programmes cl\u00e9s en mains comme ceux de la soci\u00e9t\u00e9 de production <i>Les films du Nord<\/i>\u2026.<\/b><\/p>\n\n\n\n<p class=\"p1\">Oui, des soci\u00e9t\u00e9s de production nous proposent des programmes d\u00e9j\u00e0 construits. Depuis 2016, nous accompagnons les programmes de <i>La Chouette<\/i>&nbsp;<em>du cin\u00e9ma<\/em> des films du Nord. Un huiti\u00e8me programme, <i>Chouette, un jeu d\u2019enfants !, <\/i>sortira en octobre<i>.<\/i> Nous n\u2019avons pas de contrat d\u2019exclusivit\u00e9 qui nous lie avec <i>Les films du Nord<\/i>,&nbsp;c\u2019est \u00e0 chaque fois une discussion, un \u00e9change et une volont\u00e9 partag\u00e9e de travailler ensemble. Je veux \u00eatre choisi pour la qualit\u00e9 de notre prestation. La libert\u00e9 et l\u2019ind\u00e9pendance sont des valeurs que je d\u00e9fends.&nbsp;C\u2019est valable pour toutes les parties, du producteur jusqu\u2019\u00e0 la salle de cin\u00e9ma.<\/p>\n\n\n<div class=\"wp-block-image\">\n<figure class=\"aligncenter\"><a href=\"https:\/\/lafilledecorinthe.com\/wordpress\/wp-content\/uploads\/2024\/07\/Films-du-nord.png\"><img loading=\"lazy\" decoding=\"async\" width=\"1888\" height=\"502\" src=\"https:\/\/lafilledecorinthe.com\/wordpress\/wp-content\/uploads\/2024\/07\/Films-du-nord.png\" alt=\"Films du nord\" class=\"wp-image-13270\" srcset=\"https:\/\/lafilledecorinthe.com\/wordpress\/wp-content\/uploads\/2024\/07\/Films-du-nord.png 1888w, https:\/\/lafilledecorinthe.com\/wordpress\/wp-content\/uploads\/2024\/07\/Films-du-nord-680x181.png 680w, https:\/\/lafilledecorinthe.com\/wordpress\/wp-content\/uploads\/2024\/07\/Films-du-nord-1280x340.png 1280w, https:\/\/lafilledecorinthe.com\/wordpress\/wp-content\/uploads\/2024\/07\/Films-du-nord-500x133.png 500w\" sizes=\"auto, (max-width: 1888px) 100vw, 1888px\" \/><\/a><\/figure>\n<\/div>\n\n\n<p class=\"p1\">Des relations anciennes fond\u00e9es sur la confiance et le b\u00e9n\u00e9fice mutuel sont pr\u00e9sentes dans notre catalogue. Par exemple, nous avons rencontr\u00e9 il y a 10 ans au Festival de Berlin les producteurs tch\u00e8ques de <i>Pat &amp; Mat.&nbsp;<\/i>Nous allons sortir notre cinqui\u00e8me programme en septembre avec eux.<\/p>\n\n\n<div class=\"wp-block-image\">\n<figure class=\"aligncenter\"><a href=\"https:\/\/lafilledecorinthe.com\/wordpress\/wp-content\/uploads\/2024\/07\/Pat-Mat.png\"><img loading=\"lazy\" decoding=\"async\" width=\"1328\" height=\"350\" src=\"https:\/\/lafilledecorinthe.com\/wordpress\/wp-content\/uploads\/2024\/07\/Pat-Mat.png\" alt=\"Pat &amp; Mat\" class=\"wp-image-13271\" srcset=\"https:\/\/lafilledecorinthe.com\/wordpress\/wp-content\/uploads\/2024\/07\/Pat-Mat.png 1328w, https:\/\/lafilledecorinthe.com\/wordpress\/wp-content\/uploads\/2024\/07\/Pat-Mat-680x179.png 680w, https:\/\/lafilledecorinthe.com\/wordpress\/wp-content\/uploads\/2024\/07\/Pat-Mat-1280x337.png 1280w, https:\/\/lafilledecorinthe.com\/wordpress\/wp-content\/uploads\/2024\/07\/Pat-Mat-500x132.png 500w\" sizes=\"auto, (max-width: 1328px) 100vw, 1328px\" \/><\/a><\/figure>\n<\/div>\n\n<div class=\"wp-block-image\">\n<figure class=\"aligncenter\"><a href=\"https:\/\/lafilledecorinthe.com\/wordpress\/wp-content\/uploads\/2024\/07\/Pat-et-mat.png\"><img loading=\"lazy\" decoding=\"async\" width=\"1492\" height=\"536\" src=\"https:\/\/lafilledecorinthe.com\/wordpress\/wp-content\/uploads\/2024\/07\/Pat-et-mat.png\" alt=\"Pat et mat\" class=\"wp-image-13272\" srcset=\"https:\/\/lafilledecorinthe.com\/wordpress\/wp-content\/uploads\/2024\/07\/Pat-et-mat.png 1492w, https:\/\/lafilledecorinthe.com\/wordpress\/wp-content\/uploads\/2024\/07\/Pat-et-mat-680x244.png 680w, https:\/\/lafilledecorinthe.com\/wordpress\/wp-content\/uploads\/2024\/07\/Pat-et-mat-1280x460.png 1280w, https:\/\/lafilledecorinthe.com\/wordpress\/wp-content\/uploads\/2024\/07\/Pat-et-mat-500x180.png 500w\" sizes=\"auto, (max-width: 1492px) 100vw, 1492px\" \/><\/a><figcaption class=\"wp-element-caption\">Cin\u00e9-concert et atelier avec Pat &amp; Mat<\/figcaption><\/figure>\n<\/div>\n\n\n<p>C\u2019est une s\u00e9rie de programmes qui a connu beaucoup de succe\u0300s. Pat&nbsp;et Mat sont en quelque sorte des ambassadeurs pour la socie\u0301te\u0301. D\u2019ailleurs, J\u00e9r\u00e9my et moi-m\u00eame nous nous retrouvons un peu dans ces deux personnages, qui n\u2019h\u00e9sitent pas \u00e0 sortir des sentiers battus pour parvenir \u00e0 leurs fins. Avec ces programmes, nous avons aussi d\u00e9velopp\u00e9 notre capacit\u00e9 \u00e0 livrer directement aux cin\u00e9mas du mat\u00e9riel cl\u00e9 en main pour leurs ateliers<span class=\"s1\"> autour du cin\u00e9ma d\u2019animation.&nbsp;<\/span>Nous avons cre\u0301e\u0301 des valises p\u00e9dagogiques avec un morceau de de\u0301cor et des fac-simile\u0301s de marionnettes pour que les salles puissent mettre en place des ateliers en autonomie. C\u2019est aussi avec ces programmes que nous avons&nbsp;initi\u00e9&nbsp;nos premiers cine\u0301-concerts avec Cyrille Aufare d\u00e8s 2014.<\/p>\n\n\n<div class=\"wp-block-image\">\n<figure class=\"aligncenter\"><a href=\"https:\/\/lafilledecorinthe.com\/wordpress\/wp-content\/uploads\/2024\/07\/Le-re\u0302ve-de-Sam.png\"><img loading=\"lazy\" decoding=\"async\" width=\"1662\" height=\"856\" src=\"https:\/\/lafilledecorinthe.com\/wordpress\/wp-content\/uploads\/2024\/07\/Le-re\u0302ve-de-Sam.png\" alt=\"Le re\u0302ve de Sam\" class=\"wp-image-13273\" srcset=\"https:\/\/lafilledecorinthe.com\/wordpress\/wp-content\/uploads\/2024\/07\/Le-re\u0302ve-de-Sam.png 1662w, https:\/\/lafilledecorinthe.com\/wordpress\/wp-content\/uploads\/2024\/07\/Le-re\u0302ve-de-Sam-680x350.png 680w, https:\/\/lafilledecorinthe.com\/wordpress\/wp-content\/uploads\/2024\/07\/Le-re\u0302ve-de-Sam-1280x659.png 1280w, https:\/\/lafilledecorinthe.com\/wordpress\/wp-content\/uploads\/2024\/07\/Le-re\u0302ve-de-Sam-500x258.png 500w\" sizes=\"auto, (max-width: 1662px) 100vw, 1662px\" \/><\/a><figcaption class=\"wp-element-caption\">Le r\u00eave de Sam, Nolwenn Roberts, 2018<\/figcaption><\/figure>\n<\/div>\n\n\n<p><br><strong>Vous concevez aussi des programmes in\u00e9dits.&nbsp;<em>Le r\u00eave de Sam et autres courts<\/em>&nbsp;qui&nbsp;est entr\u00e9 dans le catalogue du dispositif \u00ab Maternelle au Cin\u00e9ma \u00bb est \u00e0 l\u2019origine de cette interview. Peux-tu nous raconter sa conception ?<\/strong><\/p>\n\n\n\n<p><em>Le r\u00eave de Sam et autres courts<\/em>\u00a0est sorti en mars 2019. J\u2019ai commenc\u00e9 \u00e0 travailler dessus au cours du printemps 2018. Comme souvent sur ces projets il y a un film qui m\u2019a plu, que je garde dans un coin de ma t\u00eate. Je cherche ensuite des films qui pourraient coexister avec lui \u00e0 partir d\u2019un th\u00e8me, d\u2019une ambiance, d\u2019une tonalit\u00e9 &#8230; Dans l\u2019id\u00e9al j&rsquo;essaie de construire un programme\u00a0d&rsquo;une dur\u00e9e d&rsquo;environ 45 minutes. Tant que le programme n\u2019est pas complet, il reste en mouvement et il \u00e9volue. Un nouveau court m\u00e9trage visionn\u00e9 plus tard peut tout bouleverser&#8230;<br>Lorsque je d\u00e9couvre\u00a0<em>Le r\u00eave de Sam<\/em>\u00a0au printemps 2018 apr\u00e8s des recherches sur les nouvelles productions en cours je vois imm\u00e9diatement l\u2019angle sous lequel je vais travailler, \u00e7a sera : accomplir son r\u00eave,\u00a0un voyage, aller jusqu\u2019au bout d\u2019un projet, d\u2019un d\u00e9sir. Ce programme devient rapidement tr\u00e8s personnel et assez affectif, il fait \u00e9cho \u00e0 des moments que j\u2019ai v\u00e9cus, je m\u2019y retrouve.<br>Je connaissais d\u00e9j\u00e0\u00a0<em>Jonas et la mer<\/em>\u00a0de Marlies Van Der Wel. D&rsquo;une certaine fa\u00e7on, Sam et Jonas se ressemblent, leurs films dialoguent entre eux. Les deux personnages expriment la poursuite de leur r\u00eave, d&rsquo;un objectif \u00e0 atteindre. Ils ont une forme de combativit\u00e9\u00a0\u00a0qui les pousse \u00e0 tout faire pour\u00a0que cela puisse se\u00a0concr\u00e9tiser chacun dans son monde respectif. Le renard\u00a0(\u00a0<em>Le renard\u00a0et la baleine,\u00a0<\/em>Robin Joseph) lui,\u00a0voyage autant dans sa t\u00eate que dans l&rsquo;espace dans lequel il \u00e9volue. Son voyage int\u00e9rieur se\u00a0superpose\u00a0\u00e0 un d\u00e9placement dans ces paysages qui nous invitent, nous aussi en tant que spectateur, \u00e0 une forme de contemplation.\u00a0Il exprime ce que j\u2019aime de cet \u00e9tat de conscience o\u00f9 le r\u00eave et la r\u00e9alit\u00e9\u00a0se m\u00ealent dans une esp\u00e8ce d\u2019\u00e9tat m\u00e9ditatif. Dans le monde r\u00e9el, au moment de l\u2019\u00e9veil, on garde en nous ce qui nous anime pendant le sommeil (de fa\u00e7on plus ou moins consciente), et c&rsquo;est notre capacit\u00e9 \u00e0 r\u00eaver. Le r\u00eave est infus\u00e9 dans notre r\u00e9alit\u00e9. Cela renvoie au Yin et Yang de la philosophie chinoise, ce mouvement perp\u00e9tuel et cet entrem\u00ealement. Le renard a une sorte\u00a0 d&rsquo;inspiration. Contrairement \u00e0 Jonas et Sam il n\u2019expose pas clairement un objectif. Sa r\u00e9alit\u00e9 est p\u00e9n\u00e9tr\u00e9e par le r\u00eave. C\u2019est un contemplatif, cet \u00e9tat ouvre les portes de son imagination qui peut se suffire \u00e0 elle-m\u00eame. L\u2019ex\u00e9cution d\u2019un projet ou d&rsquo;une t\u00e2che particuli\u00e8re n\u2019est pas forc\u00e9ment une fin en soi. Le Renard nous offre de passer un moment avec lui dans l\u2019entre-deux, ce qui s\u00e9pare le point de d\u00e9part de l\u2019arriv\u00e9e.<br>Les maisons de\u00a0<em>Home Sweet Home<\/em>\u00a0font elles aussi un voyage. Pour elles, ce n\u2019est pas un voyage solitaire, elles vont le partager toutes les trois.\u00a0Mais de la m\u00eame fa\u00e7on qu\u2019on peut voir un film \u00e0 plusieurs au cin\u00e9ma, et chacun en fera sa propre exp\u00e9rience, ici le voyage n\u2019a de commun que le trajet parcouru. Chacune va \u00eatre travers\u00e9e par des \u00e9motions singuli\u00e8res, qui lui sont propres. La fin du film est tr\u00e8s touchante, en s\u2019ouvrant sur un nouveau d\u00e9part.\u00a0C\u2019est aussi comme \u00e7a que je con\u00e7ois la s\u00e9ance de cin\u00e9ma. Le temps de la projection on voyage avec une histoire, des personnages, des \u00e9motions et un imaginaire qui r\u00e9sonnent en nous. Une fois la s\u00e9ance termin\u00e9e, il doit en rester quelque chose qui nous accompagne pour un bout de chemin, \u00e7a peut durer le temps d\u2019un instant de r\u00e9flexion&#8230; et parfois la vie enti\u00e8re. Pourquoi tous ces personnages qui ne l\u00e2chent pas l\u2019affaire, sont un peu obstin\u00e9s mais aussi r\u00eaveurs et contemplatifs me plaisent ? J\u2019ai l\u2019impression qu\u2019il y a une petite ressemblance..<\/p>\n\n\n\n<p><strong>Pour finir notre e\u0301change j\u2019ai envie de te demander comment tu vois la suite du voyage pour la socie\u0301te\u0301 <em>Cine\u0301ma Public Films<\/em> ?<\/strong><\/p>\n\n\n\n<p>Aujourd\u2019hui je suis un peu emb\u00eat\u00e9,&nbsp;car nous sommes tr\u00e8s sollicit\u00e9s pour de nombreux tr\u00e8s beaux films. J\u2019ai un probl\u00e8me de place dans nos lineups, avec beaucoup de chantiers en cours qui se d\u00e9veloppent en parall\u00e8le mais pas forc\u00e9ment assez de place dans ma grille de sorties annuelles. Nous allons distribuer six \u00e0 sept nouveaux programmes par an dans les prochaines ann\u00e9es pour atteindre le maximum de notre capacit\u00e9. Il appara\u00eet d\u00e9licat de n\u00e9gocier des films pour une perspective de sortie qui n\u2019interviendrait pas avant trois ou quatre ans&#8230; donc il va y avoir des choix et des arbitrages \u00e0 faire qui s\u2019annoncent complexes. Je n\u2019ai pas envie d\u2019abandonner des projets qui me tiennent \u00e0 c\u0153ur, mais il faut aussi \u00eatre r\u00e9aliste sur nos limites. La co-distribution peut \u00eatre une solution le cas \u00e9ch\u00e9ant. J\u2019envisage cette possibilit\u00e9 avec beaucoup de s\u00e9r\u00e9nit\u00e9 et d\u2019ouverture d\u2019esprit. L\u2019important pour moi est que les films soient vus dans les meilleures conditions. Si c\u2019est une autre soci\u00e9t\u00e9 qui doit s\u2019en charger \u00e0 notre place ou bien en collaboration avec nous, c\u2019est moins g\u00eanant que d\u2019imaginer que le film ne trouvera pas son chemin jusqu\u2019\u00e0 la salle de cin\u00e9ma.&nbsp;<br>Je pense qu\u2019on peut conclure en disant que&nbsp;<em>Cin\u00e9ma Public Films<\/em>&nbsp;a r\u00e9ussi \u00e0 surmonter bien des \u00e9preuves, qui ont \u00e9t\u00e9 d\u00e9terminantes pour ceux qui les ont travers\u00e9es sur le plan de l\u2019affirmation de ce que nous voulons faire ou devenir (et de quelle mani\u00e8re), et de ce que nous ne voulons pas.<\/p>\n","protected":false},"excerpt":{"rendered":"<p>En \u00e9coutant&nbsp;Valentin me parler de son travail j&rsquo;ai vite r\u00e9alis\u00e9 que j&rsquo;avais en face de moi un distributeur atypique.&nbsp;Gr\u00e2ce \u00e0 cet entretien, j&rsquo;ai pu&nbsp;me faire une id\u00e9e plus pr\u00e9cise de&nbsp;son r\u00f4le dans le parcours d&rsquo;un film, de la conception jusqu&rsquo;\u00e0 la salle de cin\u00e9ma. Classiquement le distributeur joue un r\u00f4le d&rsquo;interm\u00e9diaire entre le&nbsp;temps de la&#8230;<\/p>\n","protected":false},"author":2,"featured_media":13255,"comment_status":"open","ping_status":"open","sticky":false,"template":"","format":"standard","meta":{"_kad_post_transparent":"","_kad_post_title":"","_kad_post_layout":"","_kad_post_sidebar_id":"","_kad_post_content_style":"","_kad_post_vertical_padding":"","_kad_post_feature":"","_kad_post_feature_position":"","_kad_post_header":false,"_kad_post_footer":false,"_kad_post_classname":"","footnotes":""},"categories":[259],"tags":[2323,24,2410,2411,2413,2376,2322,2412,2409],"class_list":["post-13252","post","type-post","status-publish","format-standard","has-post-thumbnail","hentry","category-rencontres","tag-cinema-public-films","tag-ecole-et-cinema","tag-jacques-atlan","tag-jeremy-bois","tag-le-reve-de-sam","tag-maternelle-au-cinema","tag-pat-mat","tag-studio-letton-ab","tag-valentin-rebondy"],"_links":{"self":[{"href":"https:\/\/lafilledecorinthe.com\/wordpress\/wp-json\/wp\/v2\/posts\/13252","targetHints":{"allow":["GET"]}}],"collection":[{"href":"https:\/\/lafilledecorinthe.com\/wordpress\/wp-json\/wp\/v2\/posts"}],"about":[{"href":"https:\/\/lafilledecorinthe.com\/wordpress\/wp-json\/wp\/v2\/types\/post"}],"author":[{"embeddable":true,"href":"https:\/\/lafilledecorinthe.com\/wordpress\/wp-json\/wp\/v2\/users\/2"}],"replies":[{"embeddable":true,"href":"https:\/\/lafilledecorinthe.com\/wordpress\/wp-json\/wp\/v2\/comments?post=13252"}],"version-history":[{"count":55,"href":"https:\/\/lafilledecorinthe.com\/wordpress\/wp-json\/wp\/v2\/posts\/13252\/revisions"}],"predecessor-version":[{"id":15250,"href":"https:\/\/lafilledecorinthe.com\/wordpress\/wp-json\/wp\/v2\/posts\/13252\/revisions\/15250"}],"wp:featuredmedia":[{"embeddable":true,"href":"https:\/\/lafilledecorinthe.com\/wordpress\/wp-json\/wp\/v2\/media\/13255"}],"wp:attachment":[{"href":"https:\/\/lafilledecorinthe.com\/wordpress\/wp-json\/wp\/v2\/media?parent=13252"}],"wp:term":[{"taxonomy":"category","embeddable":true,"href":"https:\/\/lafilledecorinthe.com\/wordpress\/wp-json\/wp\/v2\/categories?post=13252"},{"taxonomy":"post_tag","embeddable":true,"href":"https:\/\/lafilledecorinthe.com\/wordpress\/wp-json\/wp\/v2\/tags?post=13252"}],"curies":[{"name":"wp","href":"https:\/\/api.w.org\/{rel}","templated":true}]}}