{"id":13217,"date":"2024-02-20T21:38:25","date_gmt":"2024-02-20T20:38:25","guid":{"rendered":"http:\/\/lafilledecorinthe.com\/wordpress\/?p=13217"},"modified":"2025-11-28T20:38:13","modified_gmt":"2025-11-28T19:38:13","slug":"il-etait-une-fois-la-lumiere-ecole-et-cinema-79","status":"publish","type":"post","link":"https:\/\/lafilledecorinthe.com\/wordpress\/2024\/02\/il-etait-une-fois-la-lumiere-ecole-et-cinema-79\/","title":{"rendered":"\u00ab\u00a0Il \u00e9tait une fois la lumi\u00e8re &#8230;\u00a0\u00bb Ecole et Cin\u00e9ma 79"},"content":{"rendered":"\n<p>\u00c0 l&rsquo;invitation de la coordination <em>Ecole et Cin\u00e9ma 79<\/em> j&rsquo;ai sillonn\u00e9 pendant une semaine les routes des Deux-S\u00e8vres \u00e0 la rencontre des \u00e9l\u00e8ves de 9 classes de cycle 2. Colporteuse des temps modernes, j&#8217;emportais avec moi une valise remplie d&rsquo;objets pour conter l&rsquo;histoire des images projet\u00e9es. Quelques&nbsp;\u00e9tapes de ce p\u00e9riple&nbsp;enthousiasmant !<\/p>\n\n\n<div class=\"wp-block-image\">\n<figure class=\"aligncenter\"><a href=\"https:\/\/lafilledecorinthe.com\/wordpress\/wp-content\/uploads\/2024\/02\/1.png\"><img loading=\"lazy\" decoding=\"async\" width=\"1516\" height=\"704\" src=\"https:\/\/lafilledecorinthe.com\/wordpress\/wp-content\/uploads\/2024\/02\/1.png\" alt=\"1\" class=\"wp-image-13240\" srcset=\"https:\/\/lafilledecorinthe.com\/wordpress\/wp-content\/uploads\/2024\/02\/1.png 1516w, https:\/\/lafilledecorinthe.com\/wordpress\/wp-content\/uploads\/2024\/02\/1-680x316.png 680w, https:\/\/lafilledecorinthe.com\/wordpress\/wp-content\/uploads\/2024\/02\/1-1280x594.png 1280w, https:\/\/lafilledecorinthe.com\/wordpress\/wp-content\/uploads\/2024\/02\/1-500x232.png 500w\" sizes=\"auto, (max-width: 1516px) 100vw, 1516px\" \/><\/a><figcaption class=\"wp-element-caption\">Apr\u00e8s avoir \u00e9cout\u00e9 l&rsquo;histoire de Louve, les enfants s&rsquo;entra\u00eenent \u00e0 faire l&rsquo;ombre d&rsquo;un oiseau.\u00a0 \u00a0 \u00a0 \u00a0 \u00a0 \u00a0Les ombres des animaux sont toujours tr\u00e8s populaires !<\/figcaption><\/figure>\n<\/div>\n\n<div class=\"wp-block-image\">\n<figure class=\"aligncenter\"><a href=\"https:\/\/lafilledecorinthe.com\/wordpress\/wp-content\/uploads\/2024\/02\/2.jpg\"><img loading=\"lazy\" decoding=\"async\" width=\"1432\" height=\"704\" src=\"https:\/\/lafilledecorinthe.com\/wordpress\/wp-content\/uploads\/2024\/02\/2.jpg\" alt=\"2\" class=\"wp-image-13223\" srcset=\"https:\/\/lafilledecorinthe.com\/wordpress\/wp-content\/uploads\/2024\/02\/2.jpg 1432w, https:\/\/lafilledecorinthe.com\/wordpress\/wp-content\/uploads\/2024\/02\/2-680x334.jpg 680w, https:\/\/lafilledecorinthe.com\/wordpress\/wp-content\/uploads\/2024\/02\/2-1280x629.jpg 1280w, https:\/\/lafilledecorinthe.com\/wordpress\/wp-content\/uploads\/2024\/02\/2-500x246.jpg 500w\" sizes=\"auto, (max-width: 1432px) 100vw, 1432px\" \/><\/a><figcaption class=\"wp-element-caption\">Lapin ou canard ? Une histoire de point de vue !<\/figcaption><\/figure>\n<\/div>\n\n<div class=\"wp-block-image\">\n<figure class=\"aligncenter\"><a href=\"https:\/\/lafilledecorinthe.com\/wordpress\/wp-content\/uploads\/2024\/02\/3.jpg\"><img loading=\"lazy\" decoding=\"async\" width=\"1818\" height=\"702\" src=\"https:\/\/lafilledecorinthe.com\/wordpress\/wp-content\/uploads\/2024\/02\/3.jpg\" alt=\"3\" class=\"wp-image-13224\" srcset=\"https:\/\/lafilledecorinthe.com\/wordpress\/wp-content\/uploads\/2024\/02\/3.jpg 1818w, https:\/\/lafilledecorinthe.com\/wordpress\/wp-content\/uploads\/2024\/02\/3-680x263.jpg 680w, https:\/\/lafilledecorinthe.com\/wordpress\/wp-content\/uploads\/2024\/02\/3-1280x494.jpg 1280w, https:\/\/lafilledecorinthe.com\/wordpress\/wp-content\/uploads\/2024\/02\/3-500x193.jpg 500w\" sizes=\"auto, (max-width: 1818px) 100vw, 1818px\" \/><\/a><figcaption class=\"wp-element-caption\">La lanterne MAGIQUE pour comprendre que les images de cin\u00e9ma sont faites de lumi\u00e8re !<\/figcaption><\/figure>\n<\/div>\n\n<div class=\"wp-block-image\">\n<figure class=\"aligncenter\"><a href=\"https:\/\/lafilledecorinthe.com\/wordpress\/wp-content\/uploads\/2024\/02\/4.jpg\"><img loading=\"lazy\" decoding=\"async\" width=\"1712\" height=\"424\" src=\"https:\/\/lafilledecorinthe.com\/wordpress\/wp-content\/uploads\/2024\/02\/4.jpg\" alt=\"4\" class=\"wp-image-13226\" srcset=\"https:\/\/lafilledecorinthe.com\/wordpress\/wp-content\/uploads\/2024\/02\/4.jpg 1712w, https:\/\/lafilledecorinthe.com\/wordpress\/wp-content\/uploads\/2024\/02\/4-680x168.jpg 680w, https:\/\/lafilledecorinthe.com\/wordpress\/wp-content\/uploads\/2024\/02\/4-1280x317.jpg 1280w, https:\/\/lafilledecorinthe.com\/wordpress\/wp-content\/uploads\/2024\/02\/4-500x124.jpg 500w\" sizes=\"auto, (max-width: 1712px) 100vw, 1712px\" \/><\/a><figcaption class=\"wp-element-caption\">L&rsquo;arriv\u00e9e en gare d&rsquo;un train \u00e0 vapeur. G\u00e9nial, les enfants du XXI \u00e8me si\u00e8cle\u00a0 continuent de faire \u00ab\u00a0tchou tchou\u00a0\u00bb quand on leur demande de bruiter un train !<\/figcaption><\/figure>\n<\/div>\n\n<div class=\"wp-block-image\">\n<figure class=\"aligncenter\"><a href=\"https:\/\/lafilledecorinthe.com\/wordpress\/wp-content\/uploads\/2024\/02\/5.jpg\"><img loading=\"lazy\" decoding=\"async\" width=\"1868\" height=\"704\" src=\"https:\/\/lafilledecorinthe.com\/wordpress\/wp-content\/uploads\/2024\/02\/5.jpg\" alt=\"5\" class=\"wp-image-13229\" srcset=\"https:\/\/lafilledecorinthe.com\/wordpress\/wp-content\/uploads\/2024\/02\/5.jpg 1868w, https:\/\/lafilledecorinthe.com\/wordpress\/wp-content\/uploads\/2024\/02\/5-680x256.jpg 680w, https:\/\/lafilledecorinthe.com\/wordpress\/wp-content\/uploads\/2024\/02\/5-1280x482.jpg 1280w, https:\/\/lafilledecorinthe.com\/wordpress\/wp-content\/uploads\/2024\/02\/5-500x188.jpg 500w\" sizes=\"auto, (max-width: 1868px) 100vw, 1868px\" \/><\/a><figcaption class=\"wp-element-caption\">Feutres en main, les enfants\u00a0dessinent sur leur plaque&#8230;<\/figcaption><\/figure>\n<\/div>\n\n<div class=\"wp-block-image\">\n<figure class=\"aligncenter\"><a href=\"https:\/\/lafilledecorinthe.com\/wordpress\/wp-content\/uploads\/2024\/02\/6.jpg\"><img loading=\"lazy\" decoding=\"async\" width=\"1516\" height=\"704\" src=\"https:\/\/lafilledecorinthe.com\/wordpress\/wp-content\/uploads\/2024\/02\/6.jpg\" alt=\"6\" class=\"wp-image-13230\" srcset=\"https:\/\/lafilledecorinthe.com\/wordpress\/wp-content\/uploads\/2024\/02\/6.jpg 1516w, https:\/\/lafilledecorinthe.com\/wordpress\/wp-content\/uploads\/2024\/02\/6-680x316.jpg 680w, https:\/\/lafilledecorinthe.com\/wordpress\/wp-content\/uploads\/2024\/02\/6-1280x594.jpg 1280w, https:\/\/lafilledecorinthe.com\/wordpress\/wp-content\/uploads\/2024\/02\/6-500x232.jpg 500w\" sizes=\"auto, (max-width: 1516px) 100vw, 1516px\" \/><\/a><figcaption class=\"wp-element-caption\">&#8230;\u00a0pour se perdre dans l&rsquo;immensit\u00e9 de la plaque projet\u00e9e !<\/figcaption><\/figure>\n<\/div>\n\n\n<p>Un&nbsp;immense merci \u00e0 Virginie et \u00e0 Cryst\u00e8le qui&nbsp;ont&nbsp;organis\u00e9 et accompagn\u00e9 ces rencontres !<\/p>\n","protected":false},"excerpt":{"rendered":"<p>\u00c0 l&rsquo;invitation de la coordination Ecole et Cin\u00e9ma 79 j&rsquo;ai sillonn\u00e9 pendant une semaine les routes des Deux-S\u00e8vres \u00e0 la rencontre des \u00e9l\u00e8ves de 9 classes de cycle 2. Colporteuse des temps modernes, j&#8217;emportais avec moi une valise remplie d&rsquo;objets pour conter l&rsquo;histoire des images projet\u00e9es. Quelques&nbsp;\u00e9tapes de ce p\u00e9riple&nbsp;enthousiasmant ! Un&nbsp;immense merci \u00e0 Virginie&#8230;<\/p>\n","protected":false},"author":2,"featured_media":13220,"comment_status":"open","ping_status":"open","sticky":false,"template":"","format":"standard","meta":{"_kad_post_transparent":"","_kad_post_title":"","_kad_post_layout":"","_kad_post_sidebar_id":"","_kad_post_content_style":"","_kad_post_vertical_padding":"","_kad_post_feature":"","_kad_post_feature_position":"","_kad_post_header":false,"_kad_post_footer":false,"_kad_post_classname":"","footnotes":""},"categories":[7],"tags":[1176,2407,2310,2312,2408],"class_list":["post-13217","post","type-post","status-publish","format-standard","has-post-thumbnail","hentry","category-ateliers-enfants","tag-ecole-et-cinema-79","tag-il-etait-une-fois-la-lumiere","tag-images-projetees","tag-marionnettes-indonesiennes","tag-ombres"],"_links":{"self":[{"href":"https:\/\/lafilledecorinthe.com\/wordpress\/wp-json\/wp\/v2\/posts\/13217","targetHints":{"allow":["GET"]}}],"collection":[{"href":"https:\/\/lafilledecorinthe.com\/wordpress\/wp-json\/wp\/v2\/posts"}],"about":[{"href":"https:\/\/lafilledecorinthe.com\/wordpress\/wp-json\/wp\/v2\/types\/post"}],"author":[{"embeddable":true,"href":"https:\/\/lafilledecorinthe.com\/wordpress\/wp-json\/wp\/v2\/users\/2"}],"replies":[{"embeddable":true,"href":"https:\/\/lafilledecorinthe.com\/wordpress\/wp-json\/wp\/v2\/comments?post=13217"}],"version-history":[{"count":17,"href":"https:\/\/lafilledecorinthe.com\/wordpress\/wp-json\/wp\/v2\/posts\/13217\/revisions"}],"predecessor-version":[{"id":14250,"href":"https:\/\/lafilledecorinthe.com\/wordpress\/wp-json\/wp\/v2\/posts\/13217\/revisions\/14250"}],"wp:featuredmedia":[{"embeddable":true,"href":"https:\/\/lafilledecorinthe.com\/wordpress\/wp-json\/wp\/v2\/media\/13220"}],"wp:attachment":[{"href":"https:\/\/lafilledecorinthe.com\/wordpress\/wp-json\/wp\/v2\/media?parent=13217"}],"wp:term":[{"taxonomy":"category","embeddable":true,"href":"https:\/\/lafilledecorinthe.com\/wordpress\/wp-json\/wp\/v2\/categories?post=13217"},{"taxonomy":"post_tag","embeddable":true,"href":"https:\/\/lafilledecorinthe.com\/wordpress\/wp-json\/wp\/v2\/tags?post=13217"}],"curies":[{"name":"wp","href":"https:\/\/api.w.org\/{rel}","templated":true}]}}