{"id":13186,"date":"2024-02-15T14:42:14","date_gmt":"2024-02-15T13:42:14","guid":{"rendered":"http:\/\/lafilledecorinthe.com\/wordpress\/?p=13186"},"modified":"2025-11-29T21:49:54","modified_gmt":"2025-11-29T20:49:54","slug":"la-petite-fabrique-du-monde-maternelle-au-cinema-76","status":"publish","type":"post","link":"https:\/\/lafilledecorinthe.com\/wordpress\/2024\/02\/la-petite-fabrique-du-monde-maternelle-au-cinema-76\/","title":{"rendered":"\u00ab\u00a0La Petite Fabrique du Monde\u00a0\u00bb Maternelle au Cin\u00e9ma 76"},"content":{"rendered":"\n<p><strong>&nbsp;Projection-conf\u00e9rence :<\/strong><br><em>La Petite Fabrique du Monde,<\/em> le<em>&nbsp;<\/em>programme des six courts m\u00e9trages est<a href=\"https:\/\/www.archipel-lucioles.fr\/projet\/la-petite-fabrique-du-monde\" target=\"_blank\" rel=\"noopener\"> ici <\/a>et <a href=\"https:\/\/littlekmbo.com\/distribution\/la-petite-fabrique-du-monde-film\/\" target=\"_blank\" rel=\"noopener\">l\u00e0<\/a><br><a href=\"https:\/\/www.montsaintaignan.fr\/culture-sport-et-loisirs\/vie-culturelle\/programmation-cinema\" target=\"_blank\" rel=\"noopener\">Cin\u00e9ma <\/a><em><a href=\"https:\/\/www.montsaintaignan.fr\/culture-sport-et-loisirs\/vie-culturelle\/programmation-cinema\" target=\"_blank\" rel=\"noopener\">Ariel<\/a> de<\/em> Mont-Saint-Aignan<br>Avec la complicit\u00e9 de<a href=\"https:\/\/www.normandieimages.fr\/82-education\/dispositifs-scolaires\/maternelle-au-cinema-en-seine-maritime\/569-maternelle-au-cinema-en-seine-maritime\" target=\"_blank\" rel=\"noopener\"> Normandie Images<\/a><br>Mercredi 21 f\u00e9vrier 2024<\/p>\n\n\n\n<p><strong>Documents \u00e0 t\u00e9l\u00e9charger :<\/strong>&nbsp;<a href=\"https:\/\/lafilledecorinthe.com\/wordpress\/wp-content\/uploads\/2024\/02\/Pour-aller-plus-loin-.pdf\">Pour aller plus loin<\/a>,&nbsp;<a href=\"https:\/\/lafilledecorinthe.com\/wordpress\/wp-content\/uploads\/2024\/02\/Du-co\u0302te\u0301-de-la-litte\u0301rature-jeunesse-\u2026.pdf\">Du-co\u0302te\u0301-de-la-litte\u0301rature-jeunesse-\u2026<\/a>,&nbsp;&nbsp;<a href=\"https:\/\/lafilledecorinthe.com\/wordpress\/wp-content\/uploads\/2024\/02\/Diffe\u0301rentes-e\u0301tapes-de-l\u2019illustration-du-livre.pdf\">Diffe\u0301rentes e\u0301tapes de l\u2019illustration du livre<\/a>,&nbsp;<a href=\"https:\/\/lafilledecorinthe.com\/wordpress\/wp-content\/uploads\/2024\/02\/Les-cadeaux-.pdf\">Les cadeaux<\/a>,&nbsp;<a href=\"https:\/\/lafilledecorinthe.com\/wordpress\/wp-content\/uploads\/2024\/02\/L\u2019e\u0301chelle-des-plans-.pdf\">L\u2019e\u0301chelle des plans<\/a>,&nbsp;<a href=\"https:\/\/lafilledecorinthe.com\/wordpress\/wp-content\/uploads\/2024\/02\/Les-plans-subjectifs-.pdf\">Les plans subjectifs<\/a>,&nbsp;<a href=\"https:\/\/lafilledecorinthe.com\/wordpress\/wp-content\/uploads\/2024\/02\/Les-diffe\u0301rents-\u00ab-Taj-Mahal-\u00bb-de-Chinti-.pdf\">Les diffe\u0301rents \u00ab&nbsp;Taj Mahal&nbsp;\u00bb de Chinti &#8211;<\/a>,&nbsp;<a href=\"https:\/\/lafilledecorinthe.com\/wordpress\/wp-content\/uploads\/2024\/02\/Le-ge\u0301ne\u0301rique-d\u2019ouverture-un-emboi\u0302tement-d\u2019espaces-.pdf\">Le ge\u0301ne\u0301rique d\u2019ouverture, un emboi\u0302tement d\u2019espaces<\/a>,&nbsp;<a href=\"https:\/\/lafilledecorinthe.com\/wordpress\/wp-content\/uploads\/2024\/02\/Les-interventions-de-Carica-.pdf\">Les interventions de Carica<\/a>,&nbsp;<a href=\"https:\/\/lafilledecorinthe.com\/wordpress\/wp-content\/uploads\/2024\/02\/Le-bonhomme-lumie\u0300re-.pdf\">Le bonhomme lumie\u0300re<\/a>,&nbsp;<a href=\"https:\/\/lafilledecorinthe.com\/wordpress\/wp-content\/uploads\/2024\/02\/La-course-poursuite.pdf\">La course poursuite<\/a>,&nbsp;<a href=\"https:\/\/lafilledecorinthe.com\/wordpress\/wp-content\/uploads\/2024\/02\/D\u2019un-trait-a\u0300-l\u2019autre\u2026-.pdf\">D\u2019un trait a\u0300 l\u2019autre\u2026<\/a><\/p>\n\n\n<div class=\"wp-block-image\">\n<figure class=\"aligncenter\"><a href=\"https:\/\/lafilledecorinthe.com\/wordpress\/wp-content\/uploads\/2024\/02\/A.png\"><img loading=\"lazy\" decoding=\"async\" width=\"1532\" height=\"1144\" src=\"https:\/\/lafilledecorinthe.com\/wordpress\/wp-content\/uploads\/2024\/02\/A.png\" alt=\"A\" class=\"wp-image-13210\" srcset=\"https:\/\/lafilledecorinthe.com\/wordpress\/wp-content\/uploads\/2024\/02\/A.png 1532w, https:\/\/lafilledecorinthe.com\/wordpress\/wp-content\/uploads\/2024\/02\/A-680x508.png 680w, https:\/\/lafilledecorinthe.com\/wordpress\/wp-content\/uploads\/2024\/02\/A-1280x956.png 1280w, https:\/\/lafilledecorinthe.com\/wordpress\/wp-content\/uploads\/2024\/02\/A-402x300.png 402w\" sizes=\"auto, (max-width: 1532px) 100vw, 1532px\" \/><\/a><\/figure>\n<\/div>\n\n\n<p><\/p>\n\n\n<div class=\"wp-block-image\">\n<figure class=\"aligncenter\"><a href=\"https:\/\/lafilledecorinthe.com\/wordpress\/wp-content\/uploads\/2024\/02\/B.png\"><img loading=\"lazy\" decoding=\"async\" width=\"1532\" height=\"1144\" src=\"https:\/\/lafilledecorinthe.com\/wordpress\/wp-content\/uploads\/2024\/02\/B.png\" alt=\"B\" class=\"wp-image-13211\" srcset=\"https:\/\/lafilledecorinthe.com\/wordpress\/wp-content\/uploads\/2024\/02\/B.png 1532w, https:\/\/lafilledecorinthe.com\/wordpress\/wp-content\/uploads\/2024\/02\/B-680x508.png 680w, https:\/\/lafilledecorinthe.com\/wordpress\/wp-content\/uploads\/2024\/02\/B-1280x956.png 1280w, https:\/\/lafilledecorinthe.com\/wordpress\/wp-content\/uploads\/2024\/02\/B-402x300.png 402w\" sizes=\"auto, (max-width: 1532px) 100vw, 1532px\" \/><\/a><\/figure>\n<\/div>\n\n\n<blockquote class=\"wp-block-quote instagram-media is-layout-flow wp-block-quote-is-layout-flow\">\n<div style=\"padding: 16px;\">\n<div style=\"display: flex; flex-direction: row; align-items: center;\">&nbsp;<\/div>\n<div style=\"padding: 19% 0;\">&nbsp;<\/div>\n<div style=\"display: block; height: 50px; margin: 0 auto 12px; width: 50px;\">&nbsp;<\/div>\n<div style=\"padding-top: 8px;\">\n<div style=\"color: #3897f0; font-family: Arial,sans-serif; font-size: 14px; font-style: normal; font-weight: 550; line-height: 18px;\">Voir cette publication sur Instagram<\/div>\n<\/div>\n<p style=\"color: #c9c8cd; font-family: Arial,sans-serif; font-size: 14px; line-height: 17px; margin-bottom: 0; margin-top: 8px; overflow: hidden; padding: 8px 0 7px; text-align: center; text-overflow: ellipsis; white-space: nowrap;\"><a style=\"color: #c9c8cd; font-family: Arial,sans-serif; font-size: 14px; font-style: normal; font-weight: normal; line-height: 17px; text-decoration: none;\" href=\"https:\/\/www.instagram.com\/p\/BTB6oNkgDR2\/?utm_source=ig_embed&amp;utm_campaign=loading\" target=\"_blank\" rel=\"noopener\">Une publication partag\u00e9e par Sarah (@wickens.sa)<\/a><\/p>\n<\/div>\n<\/blockquote>\n\n\n\n<p>D&rsquo;autres ressources <a title=\"Stage \u00ab\u00a0Ecole et Cin\u00e9ma Maternelle 92\u2033\" href=\"https:\/\/lafilledecorinthe.com\/wordpress\/2020\/01\/la-petite-fabrique-du-monde-ecole-et-cinema-maternelle-92\/\">ici<\/a> et<a title=\"\u00ab\u00a0Ecole et cin\u00e9ma 95\u2033 pour les classes maternelles\" href=\"https:\/\/lafilledecorinthe.com\/wordpress\/2014\/12\/ecole-et-cinema-95-pour-les-classes-maternelles-2\/\"> l\u00e0<\/a> !<\/p>\n\n\n\n<p><\/p>\n","protected":false},"excerpt":{"rendered":"<p>&nbsp;Projection-conf\u00e9rence :La Petite Fabrique du Monde, le&nbsp;programme des six courts m\u00e9trages est ici et l\u00e0Cin\u00e9ma Ariel de Mont-Saint-AignanAvec la complicit\u00e9 de Normandie ImagesMercredi 21 f\u00e9vrier 2024 Documents \u00e0 t\u00e9l\u00e9charger :&nbsp;Pour aller plus loin,&nbsp;Du-co\u0302te\u0301-de-la-litte\u0301rature-jeunesse-\u2026,&nbsp;&nbsp;Diffe\u0301rentes e\u0301tapes de l\u2019illustration du livre,&nbsp;Les cadeaux,&nbsp;L\u2019e\u0301chelle des plans,&nbsp;Les plans subjectifs,&nbsp;Les diffe\u0301rents \u00ab&nbsp;Taj Mahal&nbsp;\u00bb de Chinti &#8211;,&nbsp;Le ge\u0301ne\u0301rique d\u2019ouverture, un emboi\u0302tement d\u2019espaces,&nbsp;Les interventions&#8230;<\/p>\n","protected":false},"author":2,"featured_media":13187,"comment_status":"open","ping_status":"open","sticky":false,"template":"","format":"standard","meta":{"_kad_post_transparent":"","_kad_post_title":"","_kad_post_layout":"","_kad_post_sidebar_id":"","_kad_post_content_style":"","_kad_post_vertical_padding":"","_kad_post_feature":"","_kad_post_feature_position":"","_kad_post_header":false,"_kad_post_footer":false,"_kad_post_classname":"","footnotes":""},"categories":[8],"tags":[2405,625,2404,2406,1951],"class_list":["post-13186","post","type-post","status-publish","format-standard","has-post-thumbnail","hentry","category-formations-adultes","tag-cinema-ariel-de-mont-saint-aignan","tag-la-petite-fabrique-du-monde","tag-maternelle-au-cinema-76","tag-normandie-images","tag-sarah-wickens"],"_links":{"self":[{"href":"https:\/\/lafilledecorinthe.com\/wordpress\/wp-json\/wp\/v2\/posts\/13186","targetHints":{"allow":["GET"]}}],"collection":[{"href":"https:\/\/lafilledecorinthe.com\/wordpress\/wp-json\/wp\/v2\/posts"}],"about":[{"href":"https:\/\/lafilledecorinthe.com\/wordpress\/wp-json\/wp\/v2\/types\/post"}],"author":[{"embeddable":true,"href":"https:\/\/lafilledecorinthe.com\/wordpress\/wp-json\/wp\/v2\/users\/2"}],"replies":[{"embeddable":true,"href":"https:\/\/lafilledecorinthe.com\/wordpress\/wp-json\/wp\/v2\/comments?post=13186"}],"version-history":[{"count":7,"href":"https:\/\/lafilledecorinthe.com\/wordpress\/wp-json\/wp\/v2\/posts\/13186\/revisions"}],"predecessor-version":[{"id":14332,"href":"https:\/\/lafilledecorinthe.com\/wordpress\/wp-json\/wp\/v2\/posts\/13186\/revisions\/14332"}],"wp:featuredmedia":[{"embeddable":true,"href":"https:\/\/lafilledecorinthe.com\/wordpress\/wp-json\/wp\/v2\/media\/13187"}],"wp:attachment":[{"href":"https:\/\/lafilledecorinthe.com\/wordpress\/wp-json\/wp\/v2\/media?parent=13186"}],"wp:term":[{"taxonomy":"category","embeddable":true,"href":"https:\/\/lafilledecorinthe.com\/wordpress\/wp-json\/wp\/v2\/categories?post=13186"},{"taxonomy":"post_tag","embeddable":true,"href":"https:\/\/lafilledecorinthe.com\/wordpress\/wp-json\/wp\/v2\/tags?post=13186"}],"curies":[{"name":"wp","href":"https:\/\/api.w.org\/{rel}","templated":true}]}}