{"id":13099,"date":"2024-02-14T12:15:00","date_gmt":"2024-02-14T11:15:00","guid":{"rendered":"http:\/\/lafilledecorinthe.com\/wordpress\/?p=13099"},"modified":"2025-12-01T08:46:43","modified_gmt":"2025-12-01T07:46:43","slug":"miroir-mon-beau-miroir-au-cinema-le-palais-a-creteil","status":"publish","type":"post","link":"https:\/\/lafilledecorinthe.com\/wordpress\/2024\/02\/miroir-mon-beau-miroir-au-cinema-le-palais-a-creteil\/","title":{"rendered":"\u00ab\u00a0Miroir mon beau miroir\u00a0\u00bb au cin\u00e9ma Le Palais \u00e0 Cr\u00e9teil"},"content":{"rendered":"\n<blockquote class=\"wp-block-quote is-layout-flow wp-block-quote-is-layout-flow\">\n<p>[Les images de Cocteau] \u00ab\u00a0Transparentes, id\u00e9alement translucides, comme si Cocteau avaient pris tr\u00e8s au s\u00e9rieux la mati\u00e8re-m\u00eame de la pellicule, comme si cette nouvelle peau, qui venait remplacer le papier, qui est uniface et opaque, l&rsquo;enchantait pour sa r\u00e9versibilit\u00e9 : l&rsquo;endroit et l&rsquo;envers de deux mondes, miroir \u00e0 deux faces, harmonisant des mouvements que l&rsquo;on peut tout aussi bien d\u00e9monter (les trucages fameux de simplicit\u00e9 dans <em>La Belle et la B\u00eate\u00a0<\/em>en s\u00e9quences mont\u00e9es \u00e0 l&rsquo;envers), un corps enfin qui ne r\u00e9fl\u00e9chit que lorsqu&rsquo;il est travers\u00e9 de lumi\u00e8re.\u00a0\u00bb<br><em>Cocteau et le Cin\u00e9ma, D\u00e9sordres, <\/em>Philippe Azoury, Jean-Marc Lalanne, Cahiers du Cin\u00e9ma, Centre Pompidou, 2003<\/p>\n<\/blockquote>\n\n\n\n<p><strong>Formation m\u00e9diation jeune public<\/strong><br>Mercredi 7 f\u00e9vrier 2024<br>Cin\u00e9ma Le Palais \u00e0 Cr\u00e9teil<\/p>\n\n\n\n<p><strong>Documents \u00e0 t\u00e9l\u00e9charger :&nbsp;<\/strong><a href=\"https:\/\/lafilledecorinthe.com\/wordpress\/wp-content\/uploads\/2024\/02\/Pour-aller-plus-loin.pdf\">Pour aller plus loin<\/a>,&nbsp;<a href=\"https:\/\/lafilledecorinthe.com\/wordpress\/wp-content\/uploads\/2024\/02\/L\u2019ombre-de\u0301mesure\u0301e.pdf\">L\u2019ombre de\u0301mesure\u0301e<\/a>,&nbsp;<a href=\"https:\/\/lafilledecorinthe.com\/wordpress\/wp-content\/uploads\/2024\/02\/Les-cinq-secrets.pdf\">Les cinq secrets<\/a>,&nbsp;<a href=\"https:\/\/lafilledecorinthe.com\/wordpress\/wp-content\/uploads\/2024\/02\/Dun-reflet-a\u0300-lautre.pdf\">D&rsquo;un reflet a\u0300 l&rsquo;autre<\/a>,&nbsp;<a href=\"https:\/\/lafilledecorinthe.com\/wordpress\/wp-content\/uploads\/2024\/02\/Faut-il-toujours-dire-la-ve\u0301rite\u0301-.pdf\">Faut-il toujours dire la ve\u0301rite\u0301 ?<\/a>&nbsp;et aussi <a title=\"\u00ab&nbsp;La Belle et la B\u00eate&nbsp;\u00bb, \u00c9cole et Cin\u00e9ma 94\" href=\"https:\/\/lafilledecorinthe.com\/wordpress\/2023\/10\/la-belle-et-la-bete-ecole-et-cinema-94\/\">ici<\/a><\/p>\n\n\n\n<blockquote class=\"wp-block-quote is-layout-flow wp-block-quote-is-layout-flow\">\n<p>\u00ab\u00a0Les miroirs feraient bien de r\u00e9fl\u00e9chir un peu plus avant de renvoyer les images.\u00a0\u00bb<br><em>Le sang d\u2019un po\u00e8te<\/em>, Jean Cocteau, 1930<\/p>\n<\/blockquote>\n\n\n\n<blockquote class=\"wp-block-quote is-layout-flow wp-block-quote-is-layout-flow\">\n<p>\u00ab\u00a0Je suis votre miroir, la Belle. R\u00e9fl\u00e9chissez pour moi, je r\u00e9fl\u00e9chirai pour vous.\u00a0\u00bb<br><em>La Belle et la B\u00eate<\/em>, Jean Cocteau, 1946<\/p>\n<\/blockquote>\n\n\n<div class=\"wp-block-image\">\n<figure class=\"aligncenter\"><a href=\"https:\/\/lafilledecorinthe.com\/wordpress\/wp-content\/uploads\/2024\/02\/photo1.jpg\"><img loading=\"lazy\" decoding=\"async\" width=\"1594\" height=\"596\" src=\"https:\/\/lafilledecorinthe.com\/wordpress\/wp-content\/uploads\/2024\/02\/photo1.jpg\" alt=\"photo1\" class=\"wp-image-13148\" srcset=\"https:\/\/lafilledecorinthe.com\/wordpress\/wp-content\/uploads\/2024\/02\/photo1.jpg 1594w, https:\/\/lafilledecorinthe.com\/wordpress\/wp-content\/uploads\/2024\/02\/photo1-680x254.jpg 680w, https:\/\/lafilledecorinthe.com\/wordpress\/wp-content\/uploads\/2024\/02\/photo1-1280x479.jpg 1280w, https:\/\/lafilledecorinthe.com\/wordpress\/wp-content\/uploads\/2024\/02\/photo1-500x187.jpg 500w\" sizes=\"auto, (max-width: 1594px) 100vw, 1594px\" \/><\/a><\/figure>\n<\/div>\n\n\n<p>Cocteau fait du miroir en objet magique par excellence, dou\u00e9 de parole, capable de r\u00e9v\u00e9ler l&rsquo;essence des \u00eatres et d&rsquo;annoncer\u00a0le futur. Il permet aussi que Belle voit \u00e0 distance la souffrance des personnes qui lui sont ch\u00e8res, son p\u00e8re malade puis la b\u00eate abandonn\u00e9e. Lors de la toute derni\u00e8re partie de la formation, les\u00a0participants ont jou\u00e9 avec des miroirs, ils\u00a0avaient pour consigne d&rsquo;explorer l&rsquo;espace du cin\u00e9ma avec des miroirs et de r\u00e9aliser des photographies irr\u00e9elles.<br>Deux groupes\u00a0ont\u00a0jou\u00e9 avec la lumi\u00e8re de la salle. Intercepter \u00e0 l&rsquo;aide du miroir\u00a0le faisceau lumineux du projecteur et\u00a0renvoyer l&rsquo;image sur d&rsquo;autres surfaces que celle de l&rsquo;\u00e9cran. Renvoyer des \u00e9clats lumineux pour cr\u00e9er des taches de lumi\u00e8re.\u00a0<\/p>\n\n\n\n<p>Un usage qui me rappelle l&rsquo;utilisation d&rsquo;\u00e9clats de miroir dans un bac d&rsquo;eau par le g\u00e9nial chef op\u00e9rateur Henri Alekan afin de cr\u00e9er en studio l&rsquo;effet de vagues miroitantes.<\/p>\n\n\n<div class=\"wp-block-image\">\n<figure class=\"aligncenter\"><a href=\"https:\/\/lafilledecorinthe.com\/wordpress\/wp-content\/uploads\/2024\/02\/photo2.png\"><img loading=\"lazy\" decoding=\"async\" width=\"1368\" height=\"520\" src=\"https:\/\/lafilledecorinthe.com\/wordpress\/wp-content\/uploads\/2024\/02\/photo2.png\" alt=\"photo2\" class=\"wp-image-13152\" srcset=\"https:\/\/lafilledecorinthe.com\/wordpress\/wp-content\/uploads\/2024\/02\/photo2.png 1368w, https:\/\/lafilledecorinthe.com\/wordpress\/wp-content\/uploads\/2024\/02\/photo2-680x258.png 680w, https:\/\/lafilledecorinthe.com\/wordpress\/wp-content\/uploads\/2024\/02\/photo2-1280x487.png 1280w, https:\/\/lafilledecorinthe.com\/wordpress\/wp-content\/uploads\/2024\/02\/photo2-500x190.png 500w\" sizes=\"auto, (max-width: 1368px) 100vw, 1368px\" \/><\/a><figcaption class=\"wp-element-caption\">\u00ab\u00a0Alekan, la lumi\u00e8re\u00a0\u00bb, Michel Dumoulin, 1985 \u00e0 voir<a href=\"https:\/\/www.youtube.com\/watch?v=snEoKohb5uQ&amp;t=29s\" target=\"_blank\" rel=\"noopener\"> ici<\/a> (\u00e0 partir de 17:30)<\/figcaption><\/figure>\n<\/div>\n\n\n<p>Jouer avec le <a href=\"https:\/\/upopi.ciclic.fr\/transmettre\/parcours-pedagogiques\/initiation-au-cadre\/seance-7-qu-est-ce-que-le-surcadrage\" target=\"_blank\" rel=\"noopener\">surcadrage<\/a> et la profondeur de champ&#8230;<\/p>\n\n\n<div class=\"wp-block-image\">\n<figure class=\"aligncenter\"><img loading=\"lazy\" decoding=\"async\" width=\"1600\" height=\"1200\" src=\"https:\/\/lafilledecorinthe.com\/wordpress\/wp-content\/uploads\/2024\/02\/IMG_20240214_104124.jpg\" alt=\"IMG_20240214_104124\" class=\"wp-image-13183\" srcset=\"https:\/\/lafilledecorinthe.com\/wordpress\/wp-content\/uploads\/2024\/02\/IMG_20240214_104124.jpg 1600w, https:\/\/lafilledecorinthe.com\/wordpress\/wp-content\/uploads\/2024\/02\/IMG_20240214_104124-680x510.jpg 680w, https:\/\/lafilledecorinthe.com\/wordpress\/wp-content\/uploads\/2024\/02\/IMG_20240214_104124-1280x960.jpg 1280w, https:\/\/lafilledecorinthe.com\/wordpress\/wp-content\/uploads\/2024\/02\/IMG_20240214_104124-400x300.jpg 400w\" sizes=\"auto, (max-width: 1600px) 100vw, 1600px\" \/><\/figure>\n<\/div>\n\n\n<p>D&rsquo;autres groupes sont sortis de la salle et ont investi diff\u00e9rents lieux et objets du cin\u00e9ma. Utiliser l&rsquo;objectif d&rsquo;un ancien projecteur, utiliser le miroir des toilettes, cr\u00e9er une&nbsp;installation avec des supports publicitaires&#8230;<\/p>\n\n\n<div class=\"wp-block-image\">\n<figure class=\"aligncenter\"><a href=\"https:\/\/lafilledecorinthe.com\/wordpress\/wp-content\/uploads\/2024\/02\/photo3.jpg\"><img loading=\"lazy\" decoding=\"async\" width=\"1236\" height=\"592\" src=\"https:\/\/lafilledecorinthe.com\/wordpress\/wp-content\/uploads\/2024\/02\/photo3.jpg\" alt=\"photo3\" class=\"wp-image-13154\" srcset=\"https:\/\/lafilledecorinthe.com\/wordpress\/wp-content\/uploads\/2024\/02\/photo3.jpg 1236w, https:\/\/lafilledecorinthe.com\/wordpress\/wp-content\/uploads\/2024\/02\/photo3-680x326.jpg 680w, https:\/\/lafilledecorinthe.com\/wordpress\/wp-content\/uploads\/2024\/02\/photo3-500x239.jpg 500w\" sizes=\"auto, (max-width: 1236px) 100vw, 1236px\" \/><\/a><\/figure>\n<\/div>\n\n\n<p><\/p>\n\n\n\n<p>Jouer avec la mise en abyme &#8230;<\/p>\n\n\n<div class=\"wp-block-image\">\n<figure class=\"aligncenter\"><img loading=\"lazy\" decoding=\"async\" width=\"3472\" height=\"4359\" src=\"https:\/\/lafilledecorinthe.com\/wordpress\/wp-content\/uploads\/2024\/02\/Miroir_formation.jpg\" alt=\"Miroir_formation\" class=\"wp-image-13184\" srcset=\"https:\/\/lafilledecorinthe.com\/wordpress\/wp-content\/uploads\/2024\/02\/Miroir_formation.jpg 3472w, https:\/\/lafilledecorinthe.com\/wordpress\/wp-content\/uploads\/2024\/02\/Miroir_formation-542x680.jpg 542w, https:\/\/lafilledecorinthe.com\/wordpress\/wp-content\/uploads\/2024\/02\/Miroir_formation-1020x1280.jpg 1020w, https:\/\/lafilledecorinthe.com\/wordpress\/wp-content\/uploads\/2024\/02\/Miroir_formation-239x300.jpg 239w\" sizes=\"auto, (max-width: 3472px) 100vw, 3472px\" \/><\/figure>\n<\/div>\n\n\n<p><\/p>\n","protected":false},"excerpt":{"rendered":"<p>[Les images de Cocteau] \u00ab\u00a0Transparentes, id\u00e9alement translucides, comme si Cocteau avaient pris tr\u00e8s au s\u00e9rieux la mati\u00e8re-m\u00eame de la pellicule, comme si cette nouvelle peau, qui venait remplacer le papier, qui est uniface et opaque, l&rsquo;enchantait pour sa r\u00e9versibilit\u00e9 : l&rsquo;endroit et l&rsquo;envers de deux mondes, miroir \u00e0 deux faces, harmonisant des mouvements que l&rsquo;on&#8230;<\/p>\n","protected":false},"author":2,"featured_media":13137,"comment_status":"open","ping_status":"open","sticky":false,"template":"","format":"standard","meta":{"_kad_post_transparent":"","_kad_post_title":"","_kad_post_layout":"","_kad_post_sidebar_id":"","_kad_post_content_style":"","_kad_post_vertical_padding":"","_kad_post_feature":"","_kad_post_feature_position":"","_kad_post_header":false,"_kad_post_footer":false,"_kad_post_classname":"","footnotes":""},"categories":[8],"tags":[2402,2401,962,2403,2335,2334],"class_list":["post-13099","post","type-post","status-publish","format-standard","has-post-thumbnail","hentry","category-formations-adultes","tag-miroir-mon-beau-miroir","tag-cinema-le-palais","tag-creteil","tag-formation-mediation-jeune-public","tag-jean-cocteau","tag-la-belle-et-la-bete"],"_links":{"self":[{"href":"https:\/\/lafilledecorinthe.com\/wordpress\/wp-json\/wp\/v2\/posts\/13099","targetHints":{"allow":["GET"]}}],"collection":[{"href":"https:\/\/lafilledecorinthe.com\/wordpress\/wp-json\/wp\/v2\/posts"}],"about":[{"href":"https:\/\/lafilledecorinthe.com\/wordpress\/wp-json\/wp\/v2\/types\/post"}],"author":[{"embeddable":true,"href":"https:\/\/lafilledecorinthe.com\/wordpress\/wp-json\/wp\/v2\/users\/2"}],"replies":[{"embeddable":true,"href":"https:\/\/lafilledecorinthe.com\/wordpress\/wp-json\/wp\/v2\/comments?post=13099"}],"version-history":[{"count":20,"href":"https:\/\/lafilledecorinthe.com\/wordpress\/wp-json\/wp\/v2\/posts\/13099\/revisions"}],"predecessor-version":[{"id":14370,"href":"https:\/\/lafilledecorinthe.com\/wordpress\/wp-json\/wp\/v2\/posts\/13099\/revisions\/14370"}],"wp:featuredmedia":[{"embeddable":true,"href":"https:\/\/lafilledecorinthe.com\/wordpress\/wp-json\/wp\/v2\/media\/13137"}],"wp:attachment":[{"href":"https:\/\/lafilledecorinthe.com\/wordpress\/wp-json\/wp\/v2\/media?parent=13099"}],"wp:term":[{"taxonomy":"category","embeddable":true,"href":"https:\/\/lafilledecorinthe.com\/wordpress\/wp-json\/wp\/v2\/categories?post=13099"},{"taxonomy":"post_tag","embeddable":true,"href":"https:\/\/lafilledecorinthe.com\/wordpress\/wp-json\/wp\/v2\/tags?post=13099"}],"curies":[{"name":"wp","href":"https:\/\/api.w.org\/{rel}","templated":true}]}}