{"id":13081,"date":"2024-01-30T17:46:34","date_gmt":"2024-01-30T16:46:34","guid":{"rendered":"http:\/\/lafilledecorinthe.com\/wordpress\/?p=13081"},"modified":"2025-12-01T08:49:16","modified_gmt":"2025-12-01T07:49:16","slug":"billy-elliot-ecole-et-cinema-92","status":"publish","type":"post","link":"https:\/\/lafilledecorinthe.com\/wordpress\/2024\/01\/billy-elliot-ecole-et-cinema-92\/","title":{"rendered":"\u00ab\u00a0Billy Elliot\u00a0\u00bb \u00c9cole et Cin\u00e9ma 92"},"content":{"rendered":"\n<blockquote class=\"wp-block-quote is-layout-flow wp-block-quote-is-layout-flow\">\n<p>\u00ab\u00a0S&rsquo;il y a bien un travail dangereux et sale, c&rsquo;est le travail dans les mines.Tu vois de quoi je veux parler, huit heures par jour sous terre. Tout le monde dans la famille de mon p\u00e8re\u00a0avait \u00e9t\u00e9 mineur. Mon grand-p\u00e8re \u00e9tait mineur. Et ce n&rsquo;est pas le genre de travail qu&rsquo;on peut souhaiter pour ses enfants&#8230; Mais ils avaient cr\u00e9\u00e9 des communaut\u00e9s formidables ! Et puis les mines ont \u00e9t\u00e9 ferm\u00e9es, \u00e0 la fin des ann\u00e9es 1980 et dans les ann\u00e9es 1990, quand Thatcher\u00a0a d\u00e9lib\u00e9r\u00e9ment lutt\u00e9 contre les mineurs pour se d\u00e9barrasser d&rsquo;eux, \u00e0 cause de leur force et de leur tradition militante qui lui posaient probl\u00e8me, et apr\u00e8s cela on a laiss\u00e9 pourrir ces communaut\u00e9s.<br>\u00ab\u00a0<em>Dialogue sur l&rsquo;art et la politique\u00a0\u00bb<\/em>, Ken Loach, \u00c9douard Louis, PUF, 2021<\/p>\n<\/blockquote>\n\n\n\n<p><strong>Projection-conf\u00e9rence :<\/strong><br><em>Billy Ellio<\/em>t<em>,<\/em>\u00a0Stephen Daldry, 2000<br><a href=\"https:\/\/www.lerex-chatenaymalabry.fr\/\" target=\"_blank\" rel=\"noopener\">Cin\u00e9ma Le Rex<\/a>\u00a0de Ch\u00e2tenay-Malabry<br>Samedi\u00a027 janvier 2024<br><a href=\"https:\/\/cinema-jean-vigo.fr\/\" target=\"_blank\" rel=\"noopener\">Cin\u00e9ma\u00a0Jean Vigo<\/a>\u00a0de Gennevilliers<br>Samedi\u00a03 f\u00e9vrier 2024<\/p>\n\n\n\n<p><strong>Documents \u00e0 t\u00e9l\u00e9charger :<\/strong>&nbsp;<a href=\"https:\/\/lafilledecorinthe.com\/wordpress\/wp-content\/uploads\/2024\/01\/Pour-aller-plus-loin-.pdf\">Pour aller plus loin<\/a>,&nbsp;<a href=\"https:\/\/lafilledecorinthe.com\/wordpress\/wp-content\/uploads\/2024\/01\/De-Max-a\u0300-Billy-1.pdf\">De Max a\u0300 Billy 1<\/a>,&nbsp;<a href=\"https:\/\/lafilledecorinthe.com\/wordpress\/wp-content\/uploads\/2024\/01\/De-Max-a\u0300-Billy-2-.pdf\">De Max a\u0300 Billy 2<\/a>&nbsp;et aussi <a title=\"\u00ab&nbsp;Billy Elliot&nbsp;\u00bb, \u00c9cole et Cin\u00e9ma 91\" href=\"https:\/\/lafilledecorinthe.com\/wordpress\/2023\/03\/billy-elliot-ecole-et-cinema-91\/\">ici<\/a> !<\/p>\n\n\n\n<blockquote class=\"wp-block-quote is-layout-flow wp-block-quote-is-layout-flow\">\n<p>\u00ab\u00a0Lorsque vous demandez \u00e0 une personne\u00a0 de sauter, son attention est essentiellement port\u00e9e sur l&rsquo;action de sauter et le masque tombe.\u00a0\u00bb<br><em>Jump Book<\/em>, Philippe Halsman, 1959<\/p>\n<\/blockquote>\n\n\n\n<figure class=\"wp-block-image\"><a href=\"https:\/\/lafilledecorinthe.com\/wordpress\/wp-content\/uploads\/2024\/01\/Capture-d\u2019e\u0301cran-2024-01-30-a\u0300-16.28.55.png\"><img loading=\"lazy\" decoding=\"async\" width=\"680\" height=\"295\" src=\"https:\/\/lafilledecorinthe.com\/wordpress\/wp-content\/uploads\/2024\/01\/Capture-d\u2019e\u0301cran-2024-01-30-a\u0300-16.28.55-680x295.png\" alt=\"Capture d\u2019e\u0301cran 2024-01-30 a\u0300 16.28.55\" class=\"wp-image-13109\" srcset=\"https:\/\/lafilledecorinthe.com\/wordpress\/wp-content\/uploads\/2024\/01\/Capture-d\u2019e\u0301cran-2024-01-30-a\u0300-16.28.55-680x295.png 680w, https:\/\/lafilledecorinthe.com\/wordpress\/wp-content\/uploads\/2024\/01\/Capture-d\u2019e\u0301cran-2024-01-30-a\u0300-16.28.55-1280x556.png 1280w, https:\/\/lafilledecorinthe.com\/wordpress\/wp-content\/uploads\/2024\/01\/Capture-d\u2019e\u0301cran-2024-01-30-a\u0300-16.28.55-500x217.png 500w, https:\/\/lafilledecorinthe.com\/wordpress\/wp-content\/uploads\/2024\/01\/Capture-d\u2019e\u0301cran-2024-01-30-a\u0300-16.28.55.png 1488w\" sizes=\"auto, (max-width: 680px) 100vw, 680px\" \/><\/a><\/figure>\n\n\n\n<p><\/p>\n\n\n\n<blockquote class=\"wp-block-quote is-layout-flow wp-block-quote-is-layout-flow\">\n<p><em>\u00ab\u00a0La nouvelle passe vite de bouche en bouche. Ce n&rsquo;est pourtant pas une surprise. La perte d&rsquo;un ouvrier engendre fatalement la \u00ab naissance \u00bb d&rsquo;un autre. Le nombre de bras ne doit pas diminuer, le charbon doit continuer \u00e0 jaillir du sous-sol. Les usines sont de plus en plus gourmandes, la demande de plus en plus forte. La chair humaine employ\u00e9e \u00e0 satisfaire ces app\u00e9tits-l\u00e0 ne peut pas venir \u00e0 manquer. Ermine entre \u00e0 son tour dans la grande famille des gueules noires.\u00a0\u00bb<\/em><br><em>Charbon bleu, <\/em>Anne Loyer, G\u00e9rard Dubois,\u00a0\u00c9ditions d\u2019Eux, 2023<\/p>\n<\/blockquote>\n\n\n\n<figure class=\"wp-block-image\"><a href=\"https:\/\/lafilledecorinthe.com\/wordpress\/wp-content\/uploads\/2024\/01\/Charbon-bleu3.png\"><img loading=\"lazy\" decoding=\"async\" width=\"680\" height=\"308\" src=\"https:\/\/lafilledecorinthe.com\/wordpress\/wp-content\/uploads\/2024\/01\/Charbon-bleu3-680x308.png\" alt=\"Charbon bleu3\" class=\"wp-image-13114\" srcset=\"https:\/\/lafilledecorinthe.com\/wordpress\/wp-content\/uploads\/2024\/01\/Charbon-bleu3-680x308.png 680w, https:\/\/lafilledecorinthe.com\/wordpress\/wp-content\/uploads\/2024\/01\/Charbon-bleu3-1280x581.png 1280w, https:\/\/lafilledecorinthe.com\/wordpress\/wp-content\/uploads\/2024\/01\/Charbon-bleu3-500x227.png 500w, https:\/\/lafilledecorinthe.com\/wordpress\/wp-content\/uploads\/2024\/01\/Charbon-bleu3.png 1424w\" sizes=\"auto, (max-width: 680px) 100vw, 680px\" \/><\/a><\/figure>\n\n\n\n<p><\/p>\n","protected":false},"excerpt":{"rendered":"<p>\u00ab\u00a0S&rsquo;il y a bien un travail dangereux et sale, c&rsquo;est le travail dans les mines.Tu vois de quoi je veux parler, huit heures par jour sous terre. Tout le monde dans la famille de mon p\u00e8re\u00a0avait \u00e9t\u00e9 mineur. Mon grand-p\u00e8re \u00e9tait mineur. Et ce n&rsquo;est pas le genre de travail qu&rsquo;on peut souhaiter pour ses&#8230;<\/p>\n","protected":false},"author":2,"featured_media":13100,"comment_status":"closed","ping_status":"closed","sticky":false,"template":"","format":"standard","meta":{"_kad_post_transparent":"","_kad_post_title":"","_kad_post_layout":"","_kad_post_sidebar_id":"","_kad_post_content_style":"","_kad_post_vertical_padding":"","_kad_post_feature":"","_kad_post_feature_position":"","_kad_post_header":false,"_kad_post_footer":false,"_kad_post_classname":"","footnotes":""},"categories":[8],"tags":[2395,1157,1158,373,2394,1127,2300,2296],"class_list":["post-13081","post","type-post","status-publish","format-standard","has-post-thumbnail","hentry","category-formations-adultes","tag-charbon-bleu","tag-cinema-jean-vigo-de-gennevilliers","tag-cinema-le-rex-de-chatenay-malabry","tag-ecole-et-cinema-92","tag-illy-elliot","tag-jumpology","tag-ken-loach","tag-stephen-daldry"],"_links":{"self":[{"href":"https:\/\/lafilledecorinthe.com\/wordpress\/wp-json\/wp\/v2\/posts\/13081","targetHints":{"allow":["GET"]}}],"collection":[{"href":"https:\/\/lafilledecorinthe.com\/wordpress\/wp-json\/wp\/v2\/posts"}],"about":[{"href":"https:\/\/lafilledecorinthe.com\/wordpress\/wp-json\/wp\/v2\/types\/post"}],"author":[{"embeddable":true,"href":"https:\/\/lafilledecorinthe.com\/wordpress\/wp-json\/wp\/v2\/users\/2"}],"replies":[{"embeddable":true,"href":"https:\/\/lafilledecorinthe.com\/wordpress\/wp-json\/wp\/v2\/comments?post=13081"}],"version-history":[{"count":12,"href":"https:\/\/lafilledecorinthe.com\/wordpress\/wp-json\/wp\/v2\/posts\/13081\/revisions"}],"predecessor-version":[{"id":14372,"href":"https:\/\/lafilledecorinthe.com\/wordpress\/wp-json\/wp\/v2\/posts\/13081\/revisions\/14372"}],"wp:featuredmedia":[{"embeddable":true,"href":"https:\/\/lafilledecorinthe.com\/wordpress\/wp-json\/wp\/v2\/media\/13100"}],"wp:attachment":[{"href":"https:\/\/lafilledecorinthe.com\/wordpress\/wp-json\/wp\/v2\/media?parent=13081"}],"wp:term":[{"taxonomy":"category","embeddable":true,"href":"https:\/\/lafilledecorinthe.com\/wordpress\/wp-json\/wp\/v2\/categories?post=13081"},{"taxonomy":"post_tag","embeddable":true,"href":"https:\/\/lafilledecorinthe.com\/wordpress\/wp-json\/wp\/v2\/tags?post=13081"}],"curies":[{"name":"wp","href":"https:\/\/api.w.org\/{rel}","templated":true}]}}