{"id":13044,"date":"2024-01-19T15:05:34","date_gmt":"2024-01-19T14:05:34","guid":{"rendered":"http:\/\/lafilledecorinthe.com\/wordpress\/?p=13044"},"modified":"2025-12-01T08:51:55","modified_gmt":"2025-12-01T07:51:55","slug":"choum-et-komaneko-avec-maternelle-au-cinema-92","status":"publish","type":"post","link":"https:\/\/lafilledecorinthe.com\/wordpress\/2024\/01\/choum-et-komaneko-avec-maternelle-au-cinema-92\/","title":{"rendered":"\u00ab\u00a0Choum et Komaneko\u00a0\u00bb avec Maternelle au Cin\u00e9ma 92"},"content":{"rendered":"\n<blockquote class=\"wp-block-quote is-layout-flow wp-block-quote-is-layout-flow\">\n<p><em>\u00ab\u00a0De quoi les enfants ont-ils peur finalement ? Comme nous, au fond : de la solitude. Car il n\u2019y a pas d\u2019autre raison d\u2019avoir peur. La solitude est la matrice de toutes les peurs.\u00a0\u00bb<\/em><br><em><a href=\"https:\/\/www.meirieu.com\/ARTICLES\/La_peur.pdf\" target=\"_blank\" rel=\"noreferrer noopener\">M\u00eame pas peur de la peur<\/a>,\u00a0<\/em>Philippe M\u00e9rieu<\/p>\n<\/blockquote>\n\n\n\n<p>Deux&nbsp;RDV autour du double programme :<br><em>L&rsquo;Odyss\u00e9e de Choum<\/em>&nbsp;de Julien Bisaro et Claire Paoletti, 2019<br><em>Le Petit Chat curieux (Komaneko)<\/em>&nbsp;de Tsuneo Goda, 2006<br>Mercredi 17 janvier 2024<br>au cin\u00e9ma Le Rex de Ch\u00e2tenay-Malabry<br>Mercredi&nbsp;24&nbsp;janvier&nbsp;2024<br>au coll\u00e8ge Mar\u00e9chal Leclerc de Puteaux<\/p>\n\n\n\n<p><strong>\u00c0 t\u00e9l\u00e9charger :&nbsp;<\/strong><a href=\"https:\/\/lafilledecorinthe.com\/wordpress\/wp-content\/uploads\/2024\/01\/Pour-aller-plus-loin....pdf\">Pour aller plus loin&#8230;<\/a><\/p>\n\n\n<div class=\"wp-block-image\">\n<figure class=\"aligncenter\"><a href=\"https:\/\/lafilledecorinthe.com\/wordpress\/wp-content\/uploads\/2024\/01\/Lours-et-le-chat-sauvage.png\"><img loading=\"lazy\" decoding=\"async\" width=\"1926\" height=\"492\" src=\"https:\/\/lafilledecorinthe.com\/wordpress\/wp-content\/uploads\/2024\/01\/Lours-et-le-chat-sauvage.png\" alt=\"L'ours et le chat sauvage\" class=\"wp-image-13087\" srcset=\"https:\/\/lafilledecorinthe.com\/wordpress\/wp-content\/uploads\/2024\/01\/Lours-et-le-chat-sauvage.png 1926w, https:\/\/lafilledecorinthe.com\/wordpress\/wp-content\/uploads\/2024\/01\/Lours-et-le-chat-sauvage-680x174.png 680w, https:\/\/lafilledecorinthe.com\/wordpress\/wp-content\/uploads\/2024\/01\/Lours-et-le-chat-sauvage-1280x327.png 1280w, https:\/\/lafilledecorinthe.com\/wordpress\/wp-content\/uploads\/2024\/01\/Lours-et-le-chat-sauvage-500x128.png 500w\" sizes=\"auto, (max-width: 1926px) 100vw, 1926px\" \/><\/a><figcaption class=\"wp-element-caption\"><em>L&rsquo;ours et le chat sauvage,<\/em> Komako Saka\u00ef, Yumoto Kazumi, L&rsquo;\u00e9cole des Loisirs, 2010<\/figcaption><\/figure>\n<\/div>\n\n\n<p>Pour le plaisir !<\/p>\n\n\n\n<p><iframe loading=\"lazy\" title=\"YouTube video player\" src=\"https:\/\/www.youtube.com\/embed\/tJ4SfrpZLZ4?si=9H54LpZnKSpfF0MX\" width=\"560\" height=\"315\" frameborder=\"0\" allowfullscreen=\"allowfullscreen\"><\/iframe><\/p>\n\n\n<div class=\"wp-block-image\">\n<figure class=\"aligncenter\"><a href=\"https:\/\/lafilledecorinthe.com\/wordpress\/wp-content\/uploads\/2024\/01\/Programme2.png\"><img loading=\"lazy\" decoding=\"async\" width=\"1538\" height=\"1148\" src=\"https:\/\/lafilledecorinthe.com\/wordpress\/wp-content\/uploads\/2024\/01\/Programme2.png\" alt=\"Programme2\" class=\"wp-image-13092\" srcset=\"https:\/\/lafilledecorinthe.com\/wordpress\/wp-content\/uploads\/2024\/01\/Programme2.png 1538w, https:\/\/lafilledecorinthe.com\/wordpress\/wp-content\/uploads\/2024\/01\/Programme2-680x508.png 680w, https:\/\/lafilledecorinthe.com\/wordpress\/wp-content\/uploads\/2024\/01\/Programme2-1280x955.png 1280w, https:\/\/lafilledecorinthe.com\/wordpress\/wp-content\/uploads\/2024\/01\/Programme2-402x300.png 402w\" sizes=\"auto, (max-width: 1538px) 100vw, 1538px\" \/><\/a><\/figure>\n<\/div>\n\n\n<p><strong>\u00c0&nbsp;t\u00e9l\u00e9charger !&nbsp; <\/strong>Documents \u00e0 t\u00e9l\u00e9charger <a title=\"\u00ab&nbsp;Maternelle au Cin\u00e9ma&nbsp;\u00bb 95       2023-2024\" href=\"https:\/\/lafilledecorinthe.com\/wordpress\/2023\/09\/maternelle-au-cinema-95-2023-2024\/\">ici<\/a><\/p>\n","protected":false},"excerpt":{"rendered":"<p>\u00ab\u00a0De quoi les enfants ont-ils peur finalement ? Comme nous, au fond : de la solitude. Car il n\u2019y a pas d\u2019autre raison d\u2019avoir peur. La solitude est la matrice de toutes les peurs.\u00a0\u00bbM\u00eame pas peur de la peur,\u00a0Philippe M\u00e9rieu Deux&nbsp;RDV autour du double programme :L&rsquo;Odyss\u00e9e de Choum&nbsp;de Julien Bisaro et Claire Paoletti, 2019Le Petit&#8230;<\/p>\n","protected":false},"author":2,"featured_media":13082,"comment_status":"open","ping_status":"open","sticky":false,"template":"","format":"standard","meta":{"_kad_post_transparent":"","_kad_post_title":"","_kad_post_layout":"","_kad_post_sidebar_id":"","_kad_post_content_style":"","_kad_post_vertical_padding":"","_kad_post_feature":"","_kad_post_feature_position":"","_kad_post_header":false,"_kad_post_footer":false,"_kad_post_classname":"","footnotes":""},"categories":[8],"tags":[2231,2392,2393,1500,567],"class_list":["post-13044","post","type-post","status-publish","format-standard","has-post-thumbnail","hentry","category-formations-adultes","tag-maternelle-au-cinema-92","tag-choum-et-komaneko","tag-claire-paoletti","tag-julien-bisaro","tag-tsuneo-goda"],"_links":{"self":[{"href":"https:\/\/lafilledecorinthe.com\/wordpress\/wp-json\/wp\/v2\/posts\/13044","targetHints":{"allow":["GET"]}}],"collection":[{"href":"https:\/\/lafilledecorinthe.com\/wordpress\/wp-json\/wp\/v2\/posts"}],"about":[{"href":"https:\/\/lafilledecorinthe.com\/wordpress\/wp-json\/wp\/v2\/types\/post"}],"author":[{"embeddable":true,"href":"https:\/\/lafilledecorinthe.com\/wordpress\/wp-json\/wp\/v2\/users\/2"}],"replies":[{"embeddable":true,"href":"https:\/\/lafilledecorinthe.com\/wordpress\/wp-json\/wp\/v2\/comments?post=13044"}],"version-history":[{"count":10,"href":"https:\/\/lafilledecorinthe.com\/wordpress\/wp-json\/wp\/v2\/posts\/13044\/revisions"}],"predecessor-version":[{"id":14374,"href":"https:\/\/lafilledecorinthe.com\/wordpress\/wp-json\/wp\/v2\/posts\/13044\/revisions\/14374"}],"wp:featuredmedia":[{"embeddable":true,"href":"https:\/\/lafilledecorinthe.com\/wordpress\/wp-json\/wp\/v2\/media\/13082"}],"wp:attachment":[{"href":"https:\/\/lafilledecorinthe.com\/wordpress\/wp-json\/wp\/v2\/media?parent=13044"}],"wp:term":[{"taxonomy":"category","embeddable":true,"href":"https:\/\/lafilledecorinthe.com\/wordpress\/wp-json\/wp\/v2\/categories?post=13044"},{"taxonomy":"post_tag","embeddable":true,"href":"https:\/\/lafilledecorinthe.com\/wordpress\/wp-json\/wp\/v2\/tags?post=13044"}],"curies":[{"name":"wp","href":"https:\/\/api.w.org\/{rel}","templated":true}]}}