{"id":13018,"date":"2023-12-14T14:52:55","date_gmt":"2023-12-14T13:52:55","guid":{"rendered":"http:\/\/lafilledecorinthe.com\/wordpress\/?p=13018"},"modified":"2025-12-01T08:52:37","modified_gmt":"2025-12-01T07:52:37","slug":"maternelle-au-cinema-a-castres-81","status":"publish","type":"post","link":"https:\/\/lafilledecorinthe.com\/wordpress\/2023\/12\/maternelle-au-cinema-a-castres-81\/","title":{"rendered":"\u00ab\u00a0Maternelle au Cin\u00e9ma\u00a0\u00bb \u00e0 Castres 81"},"content":{"rendered":"\n<p><strong>Projection-conf\u00e9rence<\/strong><br>Au <a href=\"https:\/\/www.cgrcinemas.fr\/cinema\/w0216-cgr-castres-multiplexe\/\" target=\"_blank\" rel=\"noopener\">CGR<\/a>\u00a0de\u00a0Castres<br>Mercredi\u00a020 d\u00e9cembre 2023<br>Avec la complicit\u00e9 de\u00a0<a href=\"https:\/\/mediatarn.org\/\" target=\"_blank\" rel=\"noopener\">M\u00e9diatarn<\/a><\/p>\n\n\n\n<p><strong>\u00c0 t\u00e9l\u00e9charger :<\/strong> <a href=\"https:\/\/lafilledecorinthe.com\/wordpress\/wp-content\/uploads\/2023\/12\/Pour-aller-plus-loin...-.pdf\">Pour aller plus loin&#8230;<\/a>,&nbsp;<a href=\"https:\/\/lafilledecorinthe.com\/wordpress\/wp-content\/uploads\/2023\/12\/A-table-.pdf\">A table<\/a>,&nbsp;<a href=\"https:\/\/lafilledecorinthe.com\/wordpress\/wp-content\/uploads\/2023\/12\/D\u2019ou\u0300-voit-on-Anna-.pdf\">D\u2019ou\u0300 voit-on Anna ?<\/a>,&nbsp;<a href=\"https:\/\/lafilledecorinthe.com\/wordpress\/wp-content\/uploads\/2023\/12\/Les-morceaux-du-ge\u0301ant.pdf\">Les morceaux du ge\u0301ant<\/a>,&nbsp;<a href=\"https:\/\/lafilledecorinthe.com\/wordpress\/wp-content\/uploads\/2023\/12\/Champ-Contrechamp-.pdf\">Champ-Contrechamp<\/a>,&nbsp;<a href=\"https:\/\/lafilledecorinthe.com\/wordpress\/wp-content\/uploads\/2023\/12\/Plan-objectif-plan-subjectif-.pdf\">Plan objectif &#8211; plan subjectif<\/a>,&nbsp;<a href=\"https:\/\/lafilledecorinthe.com\/wordpress\/wp-content\/uploads\/2023\/12\/La-danse-du-caillou-dans-la-marmite-.pdf\">La danse du caillou dans la marmite<\/a>,&nbsp;<a href=\"https:\/\/lafilledecorinthe.com\/wordpress\/wp-content\/uploads\/2023\/12\/De-la-page-a\u0300-l\u2019e\u0301cran-le-jeu-des-diffe\u0301rences-.pdf\">De la page a\u0300 l\u2019e\u0301cran, le jeu des diffe\u0301rences<\/a>.<\/p>\n\n\n\n<p>Les repas ne sont pas de tout repos avec Georges M\u00e9li\u00e8s. D&rsquo;\u00e9tranges ph\u00e9nom\u00e8nes s&rsquo;invitent \u00e0 table ! <em>Le repas fantastique<\/em>, 1900<\/p>\n\n\n\n<p><iframe loading=\"lazy\" title=\"YouTube video player\" src=\"https:\/\/www.youtube.com\/embed\/mY7Is2WIhXo?si=sRL3gFRKHQGffMdX\" width=\"560\" height=\"315\" frameborder=\"0\" allowfullscreen=\"allowfullscreen\"><\/iframe><\/p>\n\n\n\n<p>Pour les documents sur le programme <strong><em>Le grand dehors<\/em><\/strong> c&rsquo;est <a title=\"\u00ab&nbsp;Mon premier cin\u00e9ma&nbsp;\u00bb, 2023 \u2013 2024\" href=\"https:\/\/lafilledecorinthe.com\/wordpress\/2023\/09\/mon-premier-cinema-2023-2024\/\">ici<\/a> !<\/p>\n","protected":false},"excerpt":{"rendered":"<p>Projection-conf\u00e9renceAu CGR\u00a0de\u00a0CastresMercredi\u00a020 d\u00e9cembre 2023Avec la complicit\u00e9 de\u00a0M\u00e9diatarn \u00c0 t\u00e9l\u00e9charger : Pour aller plus loin&#8230;,&nbsp;A table,&nbsp;D\u2019ou\u0300 voit-on Anna ?,&nbsp;Les morceaux du ge\u0301ant,&nbsp;Champ-Contrechamp,&nbsp;Plan objectif &#8211; plan subjectif,&nbsp;La danse du caillou dans la marmite,&nbsp;De la page a\u0300 l\u2019e\u0301cran, le jeu des diffe\u0301rences. Les repas ne sont pas de tout repos avec Georges M\u00e9li\u00e8s. D&rsquo;\u00e9tranges ph\u00e9nom\u00e8nes s&rsquo;invitent \u00e0 table&#8230;<\/p>\n","protected":false},"author":2,"featured_media":13037,"comment_status":"open","ping_status":"open","sticky":false,"template":"","format":"standard","meta":{"_kad_post_transparent":"","_kad_post_title":"","_kad_post_layout":"","_kad_post_sidebar_id":"","_kad_post_content_style":"","_kad_post_vertical_padding":"","_kad_post_feature":"","_kad_post_feature_position":"","_kad_post_header":false,"_kad_post_footer":false,"_kad_post_classname":"","footnotes":""},"categories":[8],"tags":[2382,2381,588,2384,2376,2383],"class_list":["post-13018","post","type-post","status-publish","format-standard","has-post-thumbnail","hentry","category-formations-adultes","tag-2382","tag-castres","tag-georges-melies","tag-le-repas-fantastique","tag-maternelle-au-cinema","tag-mediatarn"],"_links":{"self":[{"href":"https:\/\/lafilledecorinthe.com\/wordpress\/wp-json\/wp\/v2\/posts\/13018","targetHints":{"allow":["GET"]}}],"collection":[{"href":"https:\/\/lafilledecorinthe.com\/wordpress\/wp-json\/wp\/v2\/posts"}],"about":[{"href":"https:\/\/lafilledecorinthe.com\/wordpress\/wp-json\/wp\/v2\/types\/post"}],"author":[{"embeddable":true,"href":"https:\/\/lafilledecorinthe.com\/wordpress\/wp-json\/wp\/v2\/users\/2"}],"replies":[{"embeddable":true,"href":"https:\/\/lafilledecorinthe.com\/wordpress\/wp-json\/wp\/v2\/comments?post=13018"}],"version-history":[{"count":6,"href":"https:\/\/lafilledecorinthe.com\/wordpress\/wp-json\/wp\/v2\/posts\/13018\/revisions"}],"predecessor-version":[{"id":14375,"href":"https:\/\/lafilledecorinthe.com\/wordpress\/wp-json\/wp\/v2\/posts\/13018\/revisions\/14375"}],"wp:featuredmedia":[{"embeddable":true,"href":"https:\/\/lafilledecorinthe.com\/wordpress\/wp-json\/wp\/v2\/media\/13037"}],"wp:attachment":[{"href":"https:\/\/lafilledecorinthe.com\/wordpress\/wp-json\/wp\/v2\/media?parent=13018"}],"wp:term":[{"taxonomy":"category","embeddable":true,"href":"https:\/\/lafilledecorinthe.com\/wordpress\/wp-json\/wp\/v2\/categories?post=13018"},{"taxonomy":"post_tag","embeddable":true,"href":"https:\/\/lafilledecorinthe.com\/wordpress\/wp-json\/wp\/v2\/tags?post=13018"}],"curies":[{"name":"wp","href":"https:\/\/api.w.org\/{rel}","templated":true}]}}