{"id":12899,"date":"2023-12-06T16:56:51","date_gmt":"2023-12-06T15:56:51","guid":{"rendered":"http:\/\/lafilledecorinthe.com\/wordpress\/?p=12899"},"modified":"2025-12-01T08:53:25","modified_gmt":"2025-12-01T07:53:25","slug":"maternelle-au-cinema-val-de-marne","status":"publish","type":"post","link":"https:\/\/lafilledecorinthe.com\/wordpress\/2023\/12\/maternelle-au-cinema-val-de-marne\/","title":{"rendered":"\u00ab\u00a0Maternelle au Cin\u00e9ma\u00a0\u00bb Val-de-Marne"},"content":{"rendered":"\n<p><strong>Projection-conf\u00e9rence<\/strong><br>Aux <a href=\"https:\/\/3cines.vitry94.fr\/\" target=\"_blank\" rel=\"noopener\">3 cin\u00e9s Robespierre\u00a0<\/a>de\u00a0Vitry-sur-Seine<br>Mercredi 6 d\u00e9cembre 2023<br>Avec la complicit\u00e9 de <a href=\"https:\/\/www.cinemapublic.org\/\" target=\"_blank\" rel=\"noopener\">Cin\u00e9ma Public<\/a><\/p>\n\n\n\n<p>\u00c0 t\u00e9l\u00e9charger :&nbsp;<a href=\"https:\/\/lafilledecorinthe.com\/wordpress\/wp-content\/uploads\/2023\/12\/Pour-aller-plus-loin-1.pdf\">Pour aller plus loin<\/a>&#8230;<\/p>\n\n\n<div class=\"wp-block-image\">\n<figure class=\"aligncenter\"><a href=\"https:\/\/lafilledecorinthe.com\/wordpress\/wp-content\/uploads\/2023\/12\/Shangoul-et-Man.png\"><img loading=\"lazy\" decoding=\"async\" width=\"1500\" height=\"1134\" src=\"https:\/\/lafilledecorinthe.com\/wordpress\/wp-content\/uploads\/2023\/12\/Shangoul-et-Man.png\" alt=\"Shangoul et Man\" class=\"wp-image-12991\" srcset=\"https:\/\/lafilledecorinthe.com\/wordpress\/wp-content\/uploads\/2023\/12\/Shangoul-et-Man.png 1500w, https:\/\/lafilledecorinthe.com\/wordpress\/wp-content\/uploads\/2023\/12\/Shangoul-et-Man-680x514.png 680w, https:\/\/lafilledecorinthe.com\/wordpress\/wp-content\/uploads\/2023\/12\/Shangoul-et-Man-1280x968.png 1280w, https:\/\/lafilledecorinthe.com\/wordpress\/wp-content\/uploads\/2023\/12\/Shangoul-et-Man-397x300.png 397w\" sizes=\"auto, (max-width: 1500px) 100vw, 1500px\" \/><\/a><figcaption class=\"wp-element-caption\">Shangoul et Mangoul, Farkhondeh Torabi, Morteza Ahadi Sarkani, 2000<\/figcaption><\/figure>\n<\/div>\n\n\n<p>\u00c0 t\u00e9l\u00e9charger :&nbsp;<a href=\"https:\/\/lafilledecorinthe.com\/wordpress\/wp-content\/uploads\/2023\/12\/La-che\u0300vre-et-le-pie\u0300ge-.pdf\">La che\u0300vre et le pie\u0300ge<\/a>&nbsp;et aussi <a title=\"\u00ab&nbsp;Maternelle au Cin\u00e9ma&nbsp;\u00bb 95 \u2013  2022-2023\" href=\"https:\/\/lafilledecorinthe.com\/wordpress\/2022\/10\/maternelle-au-cinema-95-2022-2023\/\" target=\"_blank\" rel=\"noopener\">ici<\/a>&nbsp;. \u00c0 lire : des informations sur l&rsquo;institut <a title=\"Les livres illustr\u00e9s et les films d\u2019animation de l\u2019institut Kanoun\" href=\"https:\/\/lafilledecorinthe.com\/wordpress\/2016\/11\/les-livres-illustres-et-les-films-danimation-de-linstitut-kanoun\/\" target=\"_blank\" rel=\"noopener\"><em>Kanoun<\/em><\/a>.<\/p>\n\n\n\n<p>Un des programmes in\u00e9dits con\u00e7u par l&rsquo;association Cin\u00e9ma Public pour son tr\u00e8s beau festival <a href=\"https:\/\/cinejunior.fr\/\" target=\"_blank\" rel=\"noopener\">Cin\u00e9 Junior<\/a> qui aura lieu du 24 janvier au 6 f\u00e9vrier 2024.<\/p>\n\n\n<div class=\"wp-block-image\">\n<figure class=\"aligncenter\"><a href=\"https:\/\/lafilledecorinthe.com\/wordpress\/wp-content\/uploads\/2023\/12\/visuel.png\"><img loading=\"lazy\" decoding=\"async\" width=\"1538\" height=\"1156\" src=\"https:\/\/lafilledecorinthe.com\/wordpress\/wp-content\/uploads\/2023\/12\/visuel.png\" alt=\"visuel\" class=\"wp-image-12997\" srcset=\"https:\/\/lafilledecorinthe.com\/wordpress\/wp-content\/uploads\/2023\/12\/visuel.png 1538w, https:\/\/lafilledecorinthe.com\/wordpress\/wp-content\/uploads\/2023\/12\/visuel-680x511.png 680w, https:\/\/lafilledecorinthe.com\/wordpress\/wp-content\/uploads\/2023\/12\/visuel-1280x962.png 1280w, https:\/\/lafilledecorinthe.com\/wordpress\/wp-content\/uploads\/2023\/12\/visuel-399x300.png 399w\" sizes=\"auto, (max-width: 1538px) 100vw, 1538px\" \/><\/a><\/figure>\n<\/div>\n\n\n<p><\/p>\n\n\n\n<p>\u00c0 t\u00e9l\u00e9charger :&nbsp;<a href=\"https:\/\/lafilledecorinthe.com\/wordpress\/wp-content\/uploads\/2023\/12\/Ou\u0300-sont-ils-.pdf\">Ou\u0300 sont-ils ?<\/a>,&nbsp;<a href=\"https:\/\/lafilledecorinthe.com\/wordpress\/wp-content\/uploads\/2023\/12\/Que-ressent-le-petit-tramway-.pdf\">Que ressent le petit tramway ?<\/a>,&nbsp;<a href=\"https:\/\/lafilledecorinthe.com\/wordpress\/wp-content\/uploads\/2023\/12\/Une-poe\u0302le-avec-deux-yeux-et-un-nez-.pdf\">Une poe\u0302le avec deux yeux et un nez<\/a>,&nbsp;<a href=\"https:\/\/lafilledecorinthe.com\/wordpress\/wp-content\/uploads\/2023\/12\/D\u2019une-e\u0301poque-a\u0300-l\u2019autre\u2026-.pdf\">D\u2019une e\u0301poque a\u0300 l\u2019autre\u2026<\/a>&nbsp;et le&nbsp;<a href=\"https:\/\/lafilledecorinthe.com\/wordpress\/wp-content\/uploads\/2023\/12\/Dossier-pe\u0301dagogique.pdf\">Dossier pe\u0301dagogique<\/a>&nbsp;con\u00e7u pour le <a href=\"https:\/\/cinejunior.fr\/\" target=\"_blank\" rel=\"noopener\">festival Cin\u00e9 Junior<\/a>.<\/p>\n\n\n<div class=\"wp-block-image\">\n<figure class=\"aligncenter\"><a href=\"https:\/\/lafilledecorinthe.com\/wordpress\/wp-content\/uploads\/2023\/12\/3.png\"><img loading=\"lazy\" decoding=\"async\" width=\"2042\" height=\"1078\" src=\"https:\/\/lafilledecorinthe.com\/wordpress\/wp-content\/uploads\/2023\/12\/3.png\" alt=\"3\" class=\"wp-image-13011\" srcset=\"https:\/\/lafilledecorinthe.com\/wordpress\/wp-content\/uploads\/2023\/12\/3.png 2042w, https:\/\/lafilledecorinthe.com\/wordpress\/wp-content\/uploads\/2023\/12\/3-680x359.png 680w, https:\/\/lafilledecorinthe.com\/wordpress\/wp-content\/uploads\/2023\/12\/3-1280x676.png 1280w, https:\/\/lafilledecorinthe.com\/wordpress\/wp-content\/uploads\/2023\/12\/3-500x264.png 500w\" sizes=\"auto, (max-width: 2042px) 100vw, 2042px\" \/><\/a><figcaption class=\"wp-element-caption\">L&rsquo;Odyss\u00e9e de Choum, Julien Bisaro, 2019<\/figcaption><\/figure>\n<\/div>\n\n\n<p>\u00c0 t\u00e9l\u00e9charger :&nbsp;<a href=\"https:\/\/lafilledecorinthe.com\/wordpress\/wp-content\/uploads\/2023\/12\/La-recherche-d\u2019une-maman-.pdf\">La recherche d\u2019une maman<\/a>,&nbsp;<a href=\"https:\/\/lafilledecorinthe.com\/wordpress\/wp-content\/uploads\/2023\/12\/Choum-de\u0301couvre-la-mangrove-.pdf\">Choum de\u0301couvre la mangrove<\/a>,&nbsp;<a href=\"https:\/\/lafilledecorinthe.com\/wordpress\/wp-content\/uploads\/2023\/12\/La-relation-fraternelle.pdf\">La relation fraternelle<\/a>,&nbsp;<a href=\"https:\/\/lafilledecorinthe.com\/wordpress\/wp-content\/uploads\/2023\/12\/La-chouette-Hulotte-.pdf\">La chouette Hulotte<\/a>&nbsp;&#8230; et de beaux coloriages \u00e0 t\u00e9l\u00e9charger <a href=\"https:\/\/www.grignoux.be\/fr\/film\/995\/lodyssee-de-choum\" target=\"_blank\" rel=\"noopener\">ici<\/a> !<\/p>\n","protected":false},"excerpt":{"rendered":"<p>Projection-conf\u00e9renceAux 3 cin\u00e9s Robespierre\u00a0de\u00a0Vitry-sur-SeineMercredi 6 d\u00e9cembre 2023Avec la complicit\u00e9 de Cin\u00e9ma Public \u00c0 t\u00e9l\u00e9charger :&nbsp;Pour aller plus loin&#8230; \u00c0 t\u00e9l\u00e9charger :&nbsp;La che\u0300vre et le pie\u0300ge&nbsp;et aussi ici&nbsp;. \u00c0 lire : des informations sur l&rsquo;institut Kanoun. Un des programmes in\u00e9dits con\u00e7u par l&rsquo;association Cin\u00e9ma Public pour son tr\u00e8s beau festival Cin\u00e9 Junior qui aura lieu du&#8230;<\/p>\n","protected":false},"author":2,"featured_media":12986,"comment_status":"open","ping_status":"open","sticky":false,"template":"","format":"standard","meta":{"_kad_post_transparent":"","_kad_post_title":"","_kad_post_layout":"","_kad_post_sidebar_id":"","_kad_post_content_style":"","_kad_post_vertical_padding":"","_kad_post_feature":"","_kad_post_feature_position":"","_kad_post_header":false,"_kad_post_footer":false,"_kad_post_classname":"","footnotes":""},"categories":[8],"tags":[679,974,2377,2380,1965,2379,2376,960,2378],"class_list":["post-12899","post","type-post","status-publish","format-standard","has-post-thumbnail","hentry","category-formations-adultes","tag-3-cines-robespierre","tag-cinema-public","tag-cinema-public-a-telecharger-pour-aller-plus-loin-shangoul-et-man-shangoul-et-mangoul","tag-en-route","tag-lodyssee-de-choum","tag-la-famille-tramway","tag-maternelle-au-cinema","tag-val-de-marne","tag-vouage-avec-monsieur-et-monsieur"],"_links":{"self":[{"href":"https:\/\/lafilledecorinthe.com\/wordpress\/wp-json\/wp\/v2\/posts\/12899","targetHints":{"allow":["GET"]}}],"collection":[{"href":"https:\/\/lafilledecorinthe.com\/wordpress\/wp-json\/wp\/v2\/posts"}],"about":[{"href":"https:\/\/lafilledecorinthe.com\/wordpress\/wp-json\/wp\/v2\/types\/post"}],"author":[{"embeddable":true,"href":"https:\/\/lafilledecorinthe.com\/wordpress\/wp-json\/wp\/v2\/users\/2"}],"replies":[{"embeddable":true,"href":"https:\/\/lafilledecorinthe.com\/wordpress\/wp-json\/wp\/v2\/comments?post=12899"}],"version-history":[{"count":18,"href":"https:\/\/lafilledecorinthe.com\/wordpress\/wp-json\/wp\/v2\/posts\/12899\/revisions"}],"predecessor-version":[{"id":14376,"href":"https:\/\/lafilledecorinthe.com\/wordpress\/wp-json\/wp\/v2\/posts\/12899\/revisions\/14376"}],"wp:featuredmedia":[{"embeddable":true,"href":"https:\/\/lafilledecorinthe.com\/wordpress\/wp-json\/wp\/v2\/media\/12986"}],"wp:attachment":[{"href":"https:\/\/lafilledecorinthe.com\/wordpress\/wp-json\/wp\/v2\/media?parent=12899"}],"wp:term":[{"taxonomy":"category","embeddable":true,"href":"https:\/\/lafilledecorinthe.com\/wordpress\/wp-json\/wp\/v2\/categories?post=12899"},{"taxonomy":"post_tag","embeddable":true,"href":"https:\/\/lafilledecorinthe.com\/wordpress\/wp-json\/wp\/v2\/tags?post=12899"}],"curies":[{"name":"wp","href":"https:\/\/api.w.org\/{rel}","templated":true}]}}