{"id":12890,"date":"2023-11-20T18:37:13","date_gmt":"2023-11-20T17:37:13","guid":{"rendered":"http:\/\/lafilledecorinthe.com\/wordpress\/?p=12890"},"modified":"2025-12-01T08:57:03","modified_gmt":"2025-12-01T07:57:03","slug":"panda-petit-panda-maternelle-au-cinema-92","status":"publish","type":"post","link":"https:\/\/lafilledecorinthe.com\/wordpress\/2023\/11\/panda-petit-panda-maternelle-au-cinema-92\/","title":{"rendered":"\u00ab\u00a0Panda, Petit Panda\u00a0\u00bb, Maternelle au Cin\u00e9ma 92"},"content":{"rendered":"\n<blockquote class=\"wp-block-quote is-layout-flow wp-block-quote-is-layout-flow\">\n<p><cite>\u00ab\u00a0Ce projet ravive chez moi des souvenirs. C\u2019est le rare travail qui m\u2019a donn\u00e9 une sensation de chaleur pendant que je l\u2019\u00e9crivais, alors que je l\u2019animais, et tandis que je le regardais.\u00a0\u00bb<\/cite><br>Hayao Miyazaki, <a href=\"https:\/\/www.buta-connection.net\/index.php\/autres-oeuvres\/oeuvres-pre-ghibli\/panda-petit-panda\" target=\"_blank\" rel=\"noopener\"><em>Panda, Petit Panda<\/em><\/a>, Buta Connection, 2022<\/p>\n<\/blockquote>\n\n\n\n<blockquote class=\"wp-block-quote is-layout-flow wp-block-quote-is-layout-flow\">\n<p><em>\u00ab\u00a0Et je m\u2019en souviens maintenant en vous en parlant, aussi bien M. \u00d4tsuka que M. Takahata, M. Miyazaki et moi-m\u00eame, on avait tous de jeunes enfants qui commen\u00e7aient \u00e0 grandir et en \u00e2ge de rentrer \u00e0 l\u2019\u00e9cole \u00e9l\u00e9mentaire. Nous \u00e9tions port\u00e9s par la joie de les c\u00f4toyer au quotidien et on travaillait vraiment sur ces films avec dans l\u2019id\u00e9e de retranscrire cette joie et de leur transmettre comme une sorte de cadeau.\u00a0\u00bb<\/em><br>Conf\u00e9rence avec <a href=\"https:\/\/www.buta-connection.net\/index.php\/studio\/entretiens\/conferences-avec-yoichi-kotabe?start=4\" target=\"_blank\" rel=\"noopener\">Y\u00f4ichi Kotabe<\/a>, Festival international du film d&rsquo;animation, 2019<\/p>\n<\/blockquote>\n\n\n\n<p>Deux&nbsp;RDV autour du programme<em>&nbsp;Panda, Petit Panda<\/em> de Isao Takahata, 1972<br>mercredi&nbsp;22 novembre&nbsp;2023<br>au cin\u00e9ma Le Rex de Ch\u00e2tenay-Malabry&nbsp; &nbsp; &nbsp; &nbsp; &nbsp; &nbsp; &nbsp; &nbsp; &nbsp; &nbsp; &nbsp; &nbsp; &nbsp; &nbsp; &nbsp; &nbsp; &nbsp; &nbsp; &nbsp; &nbsp; &nbsp; &nbsp; &nbsp; &nbsp; &nbsp; &nbsp; &nbsp; &nbsp; &nbsp; &nbsp; &nbsp; &nbsp; &nbsp; &nbsp; &nbsp; &nbsp; &nbsp; &nbsp; &nbsp; &nbsp; mercredi&nbsp;29 novembre&nbsp;2023<br>au coll\u00e8ge Mar\u00e9chal Leclerc de Puteaux<\/p>\n\n\n\n<p><strong>\u00c0 t\u00e9l\u00e9charger :&nbsp;<\/strong><a href=\"https:\/\/lafilledecorinthe.com\/wordpress\/wp-content\/uploads\/2023\/11\/pour-aller-plus-loin.pdf\">pour aller plus loin<\/a>,&nbsp;<a href=\"https:\/\/lafilledecorinthe.com\/wordpress\/wp-content\/uploads\/2023\/11\/D\u2019un-film-a\u0300-l\u2019autre-1-.pdf\">D\u2019un film a\u0300 l\u2019autre 1<\/a>,&nbsp;<a href=\"https:\/\/lafilledecorinthe.com\/wordpress\/wp-content\/uploads\/2023\/11\/D\u2019un-film-a\u0300-l\u2019autre2-.pdf\">D\u2019un film a\u0300 l\u2019autre2<\/a>, <a href=\"https:\/\/lafilledecorinthe.com\/wordpress\/wp-content\/uploads\/2023\/11\/Les-personnages-1.pdf\">Les personnages<\/a>,<a href=\"https:\/\/lafilledecorinthe.com\/wordpress\/wp-content\/uploads\/2023\/11\/Du-co\u0302te\u0301-de-la-litte\u0301rature-jeunesse-\u2026.pdf\">Du co\u0302te\u0301 de la litte\u0301rature jeunesse \u2026<\/a>&nbsp;<a href=\"https:\/\/lafilledecorinthe.com\/wordpress\/wp-content\/uploads\/2023\/11\/Points-de-vue-.pdf\">Points de vue<\/a>,&nbsp;<a href=\"https:\/\/lafilledecorinthe.com\/wordpress\/wp-content\/uploads\/2023\/11\/L\u2019arrive\u0301e-de-Papa-Panda-1.pdf\">L\u2019arrive\u0301e de Papa Panda<\/a>,&nbsp;<a href=\"https:\/\/lafilledecorinthe.com\/wordpress\/wp-content\/uploads\/2023\/11\/la-cuisson-des-oeufs-1.pdf\">la cuisson des oeufs<\/a>,&nbsp;<a href=\"https:\/\/lafilledecorinthe.com\/wordpress\/wp-content\/uploads\/2023\/11\/La-de\u0301couverte-du-Japon-.pdf\">La de\u0301couverte du Japon<\/a>,&nbsp;<a href=\"https:\/\/lafilledecorinthe.com\/wordpress\/wp-content\/uploads\/2023\/11\/Du-co\u0302te\u0301-de-la-litte\u0301rature-jeunesse-\u2026.pdf\">Du co\u0302te\u0301 de la litte\u0301rature jeunesse \u2026<\/a><\/p>\n\n\n<div class=\"wp-block-image\">\n<figure class=\"aligncenter\"><a href=\"https:\/\/lafilledecorinthe.com\/wordpress\/wp-content\/uploads\/2023\/11\/Arrive\u0301e-de-Kang-Kang-a\u0300-gauche-et-Lan-Lan-a\u0300-droite-au-Japon-le-28-septembre-1972-\u00a9-Zoo-dUeno.jpg\"><img loading=\"lazy\" decoding=\"async\" width=\"768\" height=\"547\" src=\"https:\/\/lafilledecorinthe.com\/wordpress\/wp-content\/uploads\/2023\/11\/Arrive\u0301e-de-Kang-Kang-a\u0300-gauche-et-Lan-Lan-a\u0300-droite-au-Japon-le-28-septembre-1972-\u00a9-Zoo-dUeno.jpg\" alt=\"Arrive\u0301e de Kang Kang (a\u0300 gauche) et Lan Lan (a\u0300 droite) au Japon, le 28 septembre 1972 - \u00a9 Zoo d'Ueno\" class=\"wp-image-12914\" srcset=\"https:\/\/lafilledecorinthe.com\/wordpress\/wp-content\/uploads\/2023\/11\/Arrive\u0301e-de-Kang-Kang-a\u0300-gauche-et-Lan-Lan-a\u0300-droite-au-Japon-le-28-septembre-1972-\u00a9-Zoo-dUeno.jpg 768w, https:\/\/lafilledecorinthe.com\/wordpress\/wp-content\/uploads\/2023\/11\/Arrive\u0301e-de-Kang-Kang-a\u0300-gauche-et-Lan-Lan-a\u0300-droite-au-Japon-le-28-septembre-1972-\u00a9-Zoo-dUeno-680x484.jpg 680w, https:\/\/lafilledecorinthe.com\/wordpress\/wp-content\/uploads\/2023\/11\/Arrive\u0301e-de-Kang-Kang-a\u0300-gauche-et-Lan-Lan-a\u0300-droite-au-Japon-le-28-septembre-1972-\u00a9-Zoo-dUeno-421x300.jpg 421w\" sizes=\"auto, (max-width: 768px) 100vw, 768px\" \/><\/a><figcaption class=\"wp-element-caption\">L&rsquo;arriv\u00e9e de Kang Kang (\u00e0 gauche) et de Lan Lan (\u00e0 droite) au Japon le 28 septembre 1972, \u00a9 Zoo d&rsquo;Ueno<\/figcaption><\/figure>\n<\/div>\n\n\n<p>Kang Kang et son pneu balan\u00e7oire, Zoo d&rsquo;Ueno<\/p>\n\n\n\n<p><iframe loading=\"lazy\" title=\"YouTube video player\" src=\"https:\/\/www.youtube.com\/embed\/OjEMuVMXKcI?si=ZV9iwD-LGemrpf36\" width=\"560\" height=\"315\" frameborder=\"0\" allowfullscreen=\"allowfullscreen\"><\/iframe><\/p>\n\n\n\n<p><iframe loading=\"lazy\" title=\"YouTube video player\" src=\"https:\/\/www.youtube.com\/embed\/6OBPwwPgIu8?si=kTKvsDAZ7gh9YWnM\" width=\"560\" height=\"315\" frameborder=\"0\" allowfullscreen=\"allowfullscreen\"><\/iframe><\/p>\n","protected":false},"excerpt":{"rendered":"<p>\u00ab\u00a0Ce projet ravive chez moi des souvenirs. C\u2019est le rare travail qui m\u2019a donn\u00e9 une sensation de chaleur pendant que je l\u2019\u00e9crivais, alors que je l\u2019animais, et tandis que je le regardais.\u00a0\u00bbHayao Miyazaki, Panda, Petit Panda, Buta Connection, 2022 \u00ab\u00a0Et je m\u2019en souviens maintenant en vous en parlant, aussi bien M. \u00d4tsuka que M. Takahata,&#8230;<\/p>\n","protected":false},"author":2,"featured_media":14380,"comment_status":"open","ping_status":"open","sticky":false,"template":"","format":"standard","meta":{"_kad_post_transparent":"","_kad_post_title":"","_kad_post_layout":"","_kad_post_sidebar_id":"","_kad_post_content_style":"","_kad_post_vertical_padding":"","_kad_post_feature":"","_kad_post_feature_position":"","_kad_post_header":false,"_kad_post_footer":false,"_kad_post_classname":"","footnotes":""},"categories":[8],"tags":[2231,2365,1158,2367,40,2366,302,2368],"class_list":["post-12890","post","type-post","status-publish","format-standard","has-post-thumbnail","hentry","category-formations-adultes","tag-maternelle-au-cinema-92","tag-panda","tag-cinema-le-rex-de-chatenay-malabry","tag-college-marechal-leclerc-de-puteaux","tag-miyazaki","tag-petit-panda","tag-takahata","tag-yoichi-kotabe"],"_links":{"self":[{"href":"https:\/\/lafilledecorinthe.com\/wordpress\/wp-json\/wp\/v2\/posts\/12890","targetHints":{"allow":["GET"]}}],"collection":[{"href":"https:\/\/lafilledecorinthe.com\/wordpress\/wp-json\/wp\/v2\/posts"}],"about":[{"href":"https:\/\/lafilledecorinthe.com\/wordpress\/wp-json\/wp\/v2\/types\/post"}],"author":[{"embeddable":true,"href":"https:\/\/lafilledecorinthe.com\/wordpress\/wp-json\/wp\/v2\/users\/2"}],"replies":[{"embeddable":true,"href":"https:\/\/lafilledecorinthe.com\/wordpress\/wp-json\/wp\/v2\/comments?post=12890"}],"version-history":[{"count":21,"href":"https:\/\/lafilledecorinthe.com\/wordpress\/wp-json\/wp\/v2\/posts\/12890\/revisions"}],"predecessor-version":[{"id":14381,"href":"https:\/\/lafilledecorinthe.com\/wordpress\/wp-json\/wp\/v2\/posts\/12890\/revisions\/14381"}],"wp:featuredmedia":[{"embeddable":true,"href":"https:\/\/lafilledecorinthe.com\/wordpress\/wp-json\/wp\/v2\/media\/14380"}],"wp:attachment":[{"href":"https:\/\/lafilledecorinthe.com\/wordpress\/wp-json\/wp\/v2\/media?parent=12890"}],"wp:term":[{"taxonomy":"category","embeddable":true,"href":"https:\/\/lafilledecorinthe.com\/wordpress\/wp-json\/wp\/v2\/categories?post=12890"},{"taxonomy":"post_tag","embeddable":true,"href":"https:\/\/lafilledecorinthe.com\/wordpress\/wp-json\/wp\/v2\/tags?post=12890"}],"curies":[{"name":"wp","href":"https:\/\/api.w.org\/{rel}","templated":true}]}}