{"id":12888,"date":"2023-12-01T15:46:53","date_gmt":"2023-12-01T14:46:53","guid":{"rendered":"http:\/\/lafilledecorinthe.com\/wordpress\/?p=12888"},"modified":"2025-12-01T08:54:46","modified_gmt":"2025-12-01T07:54:46","slug":"les-vacances-de-m-hulot-ecole-et-cinema-92","status":"publish","type":"post","link":"https:\/\/lafilledecorinthe.com\/wordpress\/2023\/12\/les-vacances-de-m-hulot-ecole-et-cinema-92\/","title":{"rendered":"\u00ab\u00a0Les vacances de M.Hulot\u00a0\u00bb \u00c9cole et Cin\u00e9ma 92"},"content":{"rendered":"\n<blockquote class=\"wp-block-quote is-layout-flow wp-block-quote-is-layout-flow\">\n<p><em>Ce que j\u2019ai essay\u00e9 de faire depuis le d\u00e9but, c\u2019est de donner au personnage comique plus de v\u00e9rit\u00e9. Il y a eu, si vous voulez, une \u00e9cole du film comique o\u00f9 le personnage arrivait avec une \u00e9tiquette en disant: \u201cVous allez voir, je suis le petit rigolo de la soir\u00e9e, je peux faire \u00e9norm\u00e9ment de choses, je sais jongler, je sais danser, je joue tr\u00e8s bien la com\u00e9die, je suis un tr\u00e8s bon mime, je trouve des gags.\u00a0\u00bb C\u2019\u00e9tait l\u2019ancienne \u00e9cole du cirque, ou du music-hall,<\/em><br><em> ce qui revient au m\u00eame. Ce que j\u2019ai essay\u00e9, pour ma part, c\u2019est de prouver et faire voir que, dans le fond, tout le monde \u00e9tait amusant.<\/em><br>Entretien entre Tati, Andr\u00e9 Bazin et Fran\u00e7ois Truffaut, Cahiers du cin\u00e9ma N\u00b0 303, septembre 1979<\/p>\n<\/blockquote>\n\n\n\n<blockquote class=\"wp-block-quote is-layout-flow wp-block-quote-is-layout-flow\">\n<p><em>\u00ab\u00a0<\/em>Dans <em>Les vacances<\/em>, les gags n&rsquo;ont ni chute, ni conclusion, ni r\u00e9solution. Malgr\u00e9 la perfection de leur structure, les gags de Tati ne font pas avancer l&rsquo;intrigue, ne d\u00e9bouchant sur aucune histoire. Ils ne sont que les caprices du monde tel qu&rsquo;il est.\u00a0\u00bb<br><em>Jacques Tati, sa vie et son art<\/em>, David Bellos, Seuil, 2002<\/p>\n<\/blockquote>\n\n\n\n<p><strong>Projection-conf\u00e9rence :<\/strong><br><em>Les vacances de M.Hulot,<\/em>\u00a0Jacques Tati, 1953\u00a0 \u00a0 \u00a0 \u00a0 \u00a0 \u00a0 \u00a0 \u00a0 \u00a0 \u00a0 \u00a0 \u00a0 \u00a0 \u00a0 \u00a0 \u00a0 \u00a0 \u00a0 \u00a0 \u00a0 \u00a0 \u00a0 \u00a0 \u00a0 \u00a0 \u00a0 \u00a0 \u00a0 \u00a0 \u00a0 \u00a0 \u00a0 \u00a0 \u00a0 \u00a0 \u00a0 <a href=\"https:\/\/cinema-jean-vigo.fr\/\" target=\"_blank\" rel=\"noopener\">Cin\u00e9ma\u00a0Jean Vigo<\/a> de Gennevilliers<br>Samedi\u00a02 d\u00e9cembre 2023<br><a href=\"https:\/\/www.lerex-chatenaymalabry.fr\/\" target=\"_blank\" rel=\"noopener\">Cin\u00e9ma Le Rex<\/a> de Ch\u00e2tenay-Malabry<br>Samedi\u00a09 d\u00e9cembre 2023<br>Co-animation avec Marc Laugenie (conseiller p\u00e9dagogique en musique)<\/p>\n\n\n\n<p><strong>Documents&nbsp;\u00e0 t\u00e9l\u00e9charger :&nbsp;<\/strong><a href=\"https:\/\/lafilledecorinthe.com\/wordpress\/wp-content\/uploads\/2023\/12\/Pour-aller-plus-loin-.pdf\">Pour aller plus loin<\/a>,&nbsp;<a href=\"https:\/\/lafilledecorinthe.com\/wordpress\/wp-content\/uploads\/2023\/12\/Une-soire\u0301e-de\u0301cisive\u2026-.pdf\">Une soire\u0301e de\u0301cisive\u2026<\/a>,&nbsp;<a href=\"https:\/\/lafilledecorinthe.com\/wordpress\/wp-content\/uploads\/2023\/12\/Activite\u0301s-sportives-.pdf\">Activite\u0301s sportives<\/a>,&nbsp;<a href=\"https:\/\/lafilledecorinthe.com\/wordpress\/wp-content\/uploads\/2023\/12\/Le-lieu-de-tournage-des-sce\u0300nes-en-exte\u0301rieur-.pdf\">Le lieu de tournage des sce\u0300nes en exte\u0301rieur<\/a>,&nbsp;<a href=\"https:\/\/lafilledecorinthe.com\/wordpress\/wp-content\/uploads\/2023\/12\/Personnages.pdf\">Personnages<\/a>,&nbsp;<a href=\"https:\/\/lafilledecorinthe.com\/wordpress\/wp-content\/uploads\/2023\/12\/Roman1-.pdf\">Roman1<\/a>,&nbsp;<a href=\"https:\/\/lafilledecorinthe.com\/wordpress\/wp-content\/uploads\/2023\/12\/Roman2-.pdf\">Roman2<\/a>,<a href=\"https:\/\/lafilledecorinthe.com\/wordpress\/wp-content\/uploads\/2023\/12\/Le-comique-de-re\u0301pe\u0301tition-.pdf\">Le comique de re\u0301pe\u0301tition<\/a>,&nbsp;<a href=\"https:\/\/lafilledecorinthe.com\/wordpress\/wp-content\/uploads\/2023\/12\/Le-comique-de-re\u0301pe\u0301tition.pdf\">Le comique de re\u0301pe\u0301tition<\/a>,&nbsp;<a href=\"https:\/\/lafilledecorinthe.com\/wordpress\/wp-content\/uploads\/2023\/12\/La-Salmson-AL-3-.pdf\">La Salmson AL 3<\/a>,&nbsp;<a href=\"https:\/\/lafilledecorinthe.com\/wordpress\/wp-content\/uploads\/2023\/12\/Le-kayak-requin-.pdf\">Le kayak requin<\/a>,&nbsp;<a href=\"https:\/\/lafilledecorinthe.com\/wordpress\/wp-content\/uploads\/2023\/12\/Une-trace-myste\u0301rieuse-\u2026-.pdf\">Une trace myste\u0301rieuse \u2026<\/a>,&nbsp;<a href=\"https:\/\/lafilledecorinthe.com\/wordpress\/wp-content\/uploads\/2023\/12\/Carte-postale1.pdf\">Carte postale1<\/a>,&nbsp;<a href=\"https:\/\/lafilledecorinthe.com\/wordpress\/wp-content\/uploads\/2023\/12\/Carte-postale2.pdf\">Carte postale2<\/a><\/p>\n\n\n\n<p>Une exposition qui tombe \u00e0 pic au mus\u00e9e de la poste !<br><iframe loading=\"lazy\" title=\"YouTube video player\" src=\"https:\/\/www.youtube.com\/embed\/A_daZgh81ZU?si=Qxi_zI3POJJ-QBk7\" width=\"560\" height=\"315\" frameborder=\"0\" allowfullscreen=\"allowfullscreen\"><\/iframe><\/p>\n\n\n\n<p>Un film d&rsquo;animation en d\u00e9veloppement par TNZPV Productions&#8230;<\/p>\n\n\n<div class=\"wp-block-image\">\n<figure class=\"aligncenter\"><a href=\"https:\/\/lafilledecorinthe.com\/wordpress\/wp-content\/uploads\/2023\/11\/Merry-Christmas-Monsieur-Hulot.png\"><img loading=\"lazy\" decoding=\"async\" width=\"1544\" height=\"588\" src=\"https:\/\/lafilledecorinthe.com\/wordpress\/wp-content\/uploads\/2023\/11\/Merry-Christmas-Monsieur-Hulot.png\" alt=\"Merry Christmas Monsieur Hulot\" class=\"wp-image-12930\" srcset=\"https:\/\/lafilledecorinthe.com\/wordpress\/wp-content\/uploads\/2023\/11\/Merry-Christmas-Monsieur-Hulot.png 1544w, https:\/\/lafilledecorinthe.com\/wordpress\/wp-content\/uploads\/2023\/11\/Merry-Christmas-Monsieur-Hulot-680x259.png 680w, https:\/\/lafilledecorinthe.com\/wordpress\/wp-content\/uploads\/2023\/11\/Merry-Christmas-Monsieur-Hulot-1280x487.png 1280w, https:\/\/lafilledecorinthe.com\/wordpress\/wp-content\/uploads\/2023\/11\/Merry-Christmas-Monsieur-Hulot-500x190.png 500w\" sizes=\"auto, (max-width: 1544px) 100vw, 1544px\" \/><\/a><figcaption class=\"wp-element-caption\">Marc Rius, C\u00e9line Willard, David Merveille&#8230;<\/figcaption><\/figure>\n<\/div>\n\n\n<p>&#8230; et&nbsp; un hommage au grand photographe Elliott Erwitt qui vient de nous quitter&#8230;<\/p>\n\n\n<div class=\"wp-block-image\">\n<figure class=\"aligncenter\"><a href=\"https:\/\/lafilledecorinthe.com\/wordpress\/wp-content\/uploads\/2023\/12\/on-the-beach.png\"><img loading=\"lazy\" decoding=\"async\" width=\"2086\" height=\"1174\" src=\"https:\/\/lafilledecorinthe.com\/wordpress\/wp-content\/uploads\/2023\/12\/on-the-beach.png\" alt=\"on the beach\" class=\"wp-image-12981\" srcset=\"https:\/\/lafilledecorinthe.com\/wordpress\/wp-content\/uploads\/2023\/12\/on-the-beach.png 2086w, https:\/\/lafilledecorinthe.com\/wordpress\/wp-content\/uploads\/2023\/12\/on-the-beach-680x383.png 680w, https:\/\/lafilledecorinthe.com\/wordpress\/wp-content\/uploads\/2023\/12\/on-the-beach-1280x720.png 1280w, https:\/\/lafilledecorinthe.com\/wordpress\/wp-content\/uploads\/2023\/12\/on-the-beach-500x281.png 500w\" sizes=\"auto, (max-width: 2086px) 100vw, 2086px\" \/><\/a><\/figure>\n<\/div>\n\n\n<p><\/p>\n","protected":false},"excerpt":{"rendered":"<p>Ce que j\u2019ai essay\u00e9 de faire depuis le d\u00e9but, c\u2019est de donner au personnage comique plus de v\u00e9rit\u00e9. Il y a eu, si vous voulez, une \u00e9cole du film comique o\u00f9 le personnage arrivait avec une \u00e9tiquette en disant: \u201cVous allez voir, je suis le petit rigolo de la soir\u00e9e, je peux faire \u00e9norm\u00e9ment de&#8230;<\/p>\n","protected":false},"author":2,"featured_media":12932,"comment_status":"open","ping_status":"open","sticky":false,"template":"","format":"standard","meta":{"_kad_post_transparent":"","_kad_post_title":"","_kad_post_layout":"","_kad_post_sidebar_id":"","_kad_post_content_style":"","_kad_post_vertical_padding":"","_kad_post_feature":"","_kad_post_feature_position":"","_kad_post_header":false,"_kad_post_footer":false,"_kad_post_classname":"","footnotes":""},"categories":[8],"tags":[2374,374,659,2375,373,2372,2371,2370,2373],"class_list":["post-12888","post","type-post","status-publish","format-standard","has-post-thumbnail","hentry","category-formations-adultes","tag-celine-willard","tag-cinema-jean-vigo","tag-cinema-le-rex","tag-david-merveille","tag-ecole-et-cinema-92","tag-elliott-erwitt","tag-jacques-tati","tag-les-vacances-de-m-hulot","tag-marc-rius"],"_links":{"self":[{"href":"https:\/\/lafilledecorinthe.com\/wordpress\/wp-json\/wp\/v2\/posts\/12888","targetHints":{"allow":["GET"]}}],"collection":[{"href":"https:\/\/lafilledecorinthe.com\/wordpress\/wp-json\/wp\/v2\/posts"}],"about":[{"href":"https:\/\/lafilledecorinthe.com\/wordpress\/wp-json\/wp\/v2\/types\/post"}],"author":[{"embeddable":true,"href":"https:\/\/lafilledecorinthe.com\/wordpress\/wp-json\/wp\/v2\/users\/2"}],"replies":[{"embeddable":true,"href":"https:\/\/lafilledecorinthe.com\/wordpress\/wp-json\/wp\/v2\/comments?post=12888"}],"version-history":[{"count":14,"href":"https:\/\/lafilledecorinthe.com\/wordpress\/wp-json\/wp\/v2\/posts\/12888\/revisions"}],"predecessor-version":[{"id":14377,"href":"https:\/\/lafilledecorinthe.com\/wordpress\/wp-json\/wp\/v2\/posts\/12888\/revisions\/14377"}],"wp:featuredmedia":[{"embeddable":true,"href":"https:\/\/lafilledecorinthe.com\/wordpress\/wp-json\/wp\/v2\/media\/12932"}],"wp:attachment":[{"href":"https:\/\/lafilledecorinthe.com\/wordpress\/wp-json\/wp\/v2\/media?parent=12888"}],"wp:term":[{"taxonomy":"category","embeddable":true,"href":"https:\/\/lafilledecorinthe.com\/wordpress\/wp-json\/wp\/v2\/categories?post=12888"},{"taxonomy":"post_tag","embeddable":true,"href":"https:\/\/lafilledecorinthe.com\/wordpress\/wp-json\/wp\/v2\/tags?post=12888"}],"curies":[{"name":"wp","href":"https:\/\/api.w.org\/{rel}","templated":true}]}}