{"id":1282,"date":"2012-10-14T10:58:26","date_gmt":"2012-10-14T09:58:26","guid":{"rendered":"http:\/\/lafilledecorinthe.com\/wordpress\/?p=1282"},"modified":"2025-12-10T18:57:06","modified_gmt":"2025-12-10T17:57:06","slug":"paul-graham-au-bal","status":"publish","type":"post","link":"https:\/\/lafilledecorinthe.com\/wordpress\/2012\/10\/paul-graham-au-bal\/","title":{"rendered":"Paul Graham au Bal"},"content":{"rendered":"\n<p>La premi\u00e8re qualit\u00e9 d&rsquo;un photographe est d&rsquo;avoir quelque chose \u00e0 nous dire. A n&rsquo;en pas douter, Paul Graham nous interpelle, dans sa premi\u00e8re s\u00e9rie, Beyond Caring (1984-85), sur un sujet essentiel, l&rsquo;exclusion sociale et \u00e9conomique dans l&rsquo;Angleterre sous Thatcher. Paul Graham \u00e9tait ch\u00f4meur lui-m\u00eame lorsqu&rsquo;il a pris des vues des salles d&rsquo;attente des centres sociaux remplies d&rsquo;hommes et de femmes d\u00e9pendant d&rsquo;une allocation ch\u00f4mage pour vivre. Paul Graham a contourn\u00e9 l&rsquo;interdiction de prendre des photos en posant son appareil sur ses genoux ou sur un banc \u00e0 ses c\u00f4t\u00e9s, provoquant un cadrage de guingois. Que voit-on dans ces photos? Partout un d\u00e9cor identique, seule la couleur des bancs change. La lumi\u00e8re des n\u00e9ons, les m\u00e9gots sur le sol et les murs tapiss\u00e9s de consignes soulignent le d\u00e9nuement de ces lieux. Les corps sont en attente, appuy\u00e9s contre un mur ou le plus souvent assis dans une grande vari\u00e9t\u00e9 de positions. Chacun semble enferm\u00e9 dans sa solitude, on est tr\u00e8s loin des repr\u00e9sentations des luttes collectives qui se jouent, elles, dans la rue. Le format des photos, l&rsquo;utilisation de la couleur renforcent cette volont\u00e9 de rendre visible une r\u00e9alit\u00e9 que l&rsquo;on refuse bien souvent de regarder en face. Le <a href=\"http:\/\/www.paulgrahamarchive.com\/beyondcaring.html\" target=\"_blank\" rel=\"noopener\">site<\/a> de Paul Graham donne acc\u00e8s \u00e0 une s\u00e9lection de cette s\u00e9rie.<\/p>\n\n\n\n<p>On retrouve cette m\u00eame force plastique (grands tirages, couleurs lumineuses) dans la deuxi\u00e8me s\u00e9rie pr\u00e9sent\u00e9e au sous sol, The present (2011). Paul Graham vit d\u00e9sormais \u00e0 New-York, il s&rsquo;inscrit cette fois-ci dans une longue tradition photographique, capter le mouvement des rues new-yorkaises. L&rsquo;accrochage, magnifique, pr\u00e9sente essentiellement des diptyques, deux prises de vue d&rsquo;un m\u00eame lieu se succ\u00e8dent dans un temps tr\u00e8s court comme deux photogrammes d&rsquo;un film. L&rsquo;accrochage minimaliste invite le spectateur \u00e0 prendre le temps d&rsquo;observer le moindre changement entre deux prises de vue, d&rsquo;imaginer l&rsquo;entre-deux et de se glisser dans l&rsquo;interstice offert. Je m&rsquo;arr\u00eate devant le diptyque \u00ab\u00a0Wall street\u00a0\u00bb.<\/p>\n\n\n<div class=\"wp-block-image\">\n<figure class=\"aligncenter size-medium\"><a href=\"https:\/\/lafilledecorinthe.com\/wordpress\/wp-content\/uploads\/2012\/10\/P1060131.jpg\"><img loading=\"lazy\" decoding=\"async\" width=\"510\" height=\"680\" src=\"https:\/\/lafilledecorinthe.com\/wordpress\/wp-content\/uploads\/2012\/10\/P1060131-510x680.jpg\" alt=\"\" class=\"wp-image-1289\" srcset=\"https:\/\/lafilledecorinthe.com\/wordpress\/wp-content\/uploads\/2012\/10\/P1060131-510x680.jpg 510w, https:\/\/lafilledecorinthe.com\/wordpress\/wp-content\/uploads\/2012\/10\/P1060131-225x300.jpg 225w, https:\/\/lafilledecorinthe.com\/wordpress\/wp-content\/uploads\/2012\/10\/P1060131.jpg 600w\" sizes=\"auto, (max-width: 510px) 100vw, 510px\" \/><\/a><figcaption class=\"wp-element-caption\">\u00ab\u00a0Wall street\u00a0\u00bb de Paul Graham, 2010, Le Bal, 13\/10\/2012<\/figcaption><\/figure>\n<\/div>\n\n\n<p>C&rsquo;est le panneau de circulation \u00ab\u00a0No standing anytime\u00a0\u00bb qui retient mon attention. Je traduis cette injonction non pas aux voitures mais aux pi\u00e9tons qui arpentent ce coin de rue. Le mouvement est impos\u00e9, le temps de pause interdit ! La femme au manteau beige, l&rsquo;homme \u00e0 la chemise blanche et celui \u00e0 la cravate et au portable ob\u00e9issent, figures en mouvement qui entrent et sortent du cadre. L&rsquo;homme au sac \u00e0 dos, lui, s&rsquo;est arr\u00eat\u00e9 sur la deuxi\u00e8me image, ses deux pieds sont pos\u00e9s fermement \u00e0 plat sur le sol. Qu&rsquo;est-ce qui a retenu son attention au point de figer son mouvement ? Son regard est dirig\u00e9 vers le panneau et l&#8217;employ\u00e9 qui prend une pause cigarette. Est-il ravi de cette r\u00e9sistance \u00e0 la fr\u00e9n\u00e9sie du temps, est-il pr\u00eat \u00e0 d\u00e9noncer cet employ\u00e9 qui s&rsquo;accorde un moment de r\u00e9pit ou bien a-t-il vu ou entendu quelque chose qui est en hors-champs, inaccessible \u00e0 tout jamais pour nous spectateurs ?<\/p>\n\n\n\n<p>Ayant en d\u00e9but de semaine pr\u00e9sent\u00e9 le travail de Georges M\u00e9li\u00e8s \u00e0 un groupe d&rsquo;enfants, notamment sur sa d\u00e9couverte fortuite lors d&rsquo;un arr\u00eat de cam\u00e9ra qu&rsquo;un omnibus pouvait se transformer en corbillard, j&rsquo;ai l&rsquo;impression de retrouver dans les diptyques &nbsp;de Paul Graham un clin d&rsquo;oeil au truc favori de M\u00e9li\u00e8s, le truc par substitution.<\/p>\n\n\n<div class=\"wp-block-image\">\n<figure class=\"aligncenter size-medium\"><a href=\"https:\/\/lafilledecorinthe.com\/wordpress\/wp-content\/uploads\/2012\/10\/P1060132.jpg\"><img loading=\"lazy\" decoding=\"async\" width=\"510\" height=\"680\" src=\"https:\/\/lafilledecorinthe.com\/wordpress\/wp-content\/uploads\/2012\/10\/P1060132-510x680.jpg\" alt=\"\" class=\"wp-image-1294\" srcset=\"https:\/\/lafilledecorinthe.com\/wordpress\/wp-content\/uploads\/2012\/10\/P1060132-510x680.jpg 510w, https:\/\/lafilledecorinthe.com\/wordpress\/wp-content\/uploads\/2012\/10\/P1060132-225x300.jpg 225w, https:\/\/lafilledecorinthe.com\/wordpress\/wp-content\/uploads\/2012\/10\/P1060132.jpg 600w\" sizes=\"auto, (max-width: 510px) 100vw, 510px\" \/><\/a><figcaption class=\"wp-element-caption\">\u00ab\u00a0E53rd Street\u00a0\u00bb de Paul Graham, 2010, Le Bal, 13\/10\/2012<\/figcaption><\/figure>\n<\/div>\n\n\n<p>L&rsquo;exposition de Paul Graham est accompagn\u00e9e d&rsquo;un rendez-vous hebdomadaire au Cin\u00e9ma des Cin\u00e9astes. Samedi dernier, la salle \u00e9tait comble pour la deuxi\u00e8me partie de \u00ab\u00a0Filmer New York, les formes d&rsquo;une ville\u00a0\u00bb. C&rsquo;est le travail de la cin\u00e9aste Marie Menken qui a retenu le plus mon attention dans le flot d&rsquo;images projet\u00e9es. Pour repr\u00e9senter New York, elle est all\u00e9e jusqu&rsquo;au bout de la logique de fragmentation utilisant la technique de l&rsquo;animation \u00ab\u00a0image par image\u00a0\u00bb provoquant ainsi un \u00e9trange ballet fr\u00e9n\u00e9tique. Le r\u00e9el est r\u00e9interpr\u00e9t\u00e9, les vues de dessus d&rsquo;un chantier se transforment en un immense flipper, les cadres vont au travail en glissant&#8230;<\/p>\n\n\n\n<p>&nbsp;<\/p>\n","protected":false},"excerpt":{"rendered":"<p>La premi\u00e8re qualit\u00e9 d&rsquo;un photographe est d&rsquo;avoir quelque chose \u00e0 nous dire. A n&rsquo;en pas douter, Paul Graham nous interpelle, dans sa premi\u00e8re s\u00e9rie, Beyond Caring (1984-85), sur un sujet essentiel, l&rsquo;exclusion sociale et \u00e9conomique dans l&rsquo;Angleterre sous Thatcher. Paul Graham \u00e9tait ch\u00f4meur lui-m\u00eame lorsqu&rsquo;il a pris des vues des salles d&rsquo;attente des centres sociaux&#8230;<\/p>\n","protected":false},"author":2,"featured_media":1283,"comment_status":"open","ping_status":"open","sticky":false,"template":"","format":"standard","meta":{"_kad_post_transparent":"","_kad_post_title":"","_kad_post_layout":"","_kad_post_sidebar_id":"","_kad_post_content_style":"","_kad_post_vertical_padding":"","_kad_post_feature":"","_kad_post_feature_position":"","_kad_post_header":false,"_kad_post_footer":false,"_kad_post_classname":"","footnotes":""},"categories":[6,14],"tags":[186,188,185,189,79,184,187],"class_list":["post-1282","post","type-post","status-publish","format-standard","has-post-thumbnail","hentry","category-blog","category-decouvertes-artistes","tag-beyond-caring","tag-cinema-des-cineastes","tag-le-bal","tag-marie-menken","tag-melies","tag-paul-graham","tag-the-present"],"_links":{"self":[{"href":"https:\/\/lafilledecorinthe.com\/wordpress\/wp-json\/wp\/v2\/posts\/1282","targetHints":{"allow":["GET"]}}],"collection":[{"href":"https:\/\/lafilledecorinthe.com\/wordpress\/wp-json\/wp\/v2\/posts"}],"about":[{"href":"https:\/\/lafilledecorinthe.com\/wordpress\/wp-json\/wp\/v2\/types\/post"}],"author":[{"embeddable":true,"href":"https:\/\/lafilledecorinthe.com\/wordpress\/wp-json\/wp\/v2\/users\/2"}],"replies":[{"embeddable":true,"href":"https:\/\/lafilledecorinthe.com\/wordpress\/wp-json\/wp\/v2\/comments?post=1282"}],"version-history":[{"count":30,"href":"https:\/\/lafilledecorinthe.com\/wordpress\/wp-json\/wp\/v2\/posts\/1282\/revisions"}],"predecessor-version":[{"id":15560,"href":"https:\/\/lafilledecorinthe.com\/wordpress\/wp-json\/wp\/v2\/posts\/1282\/revisions\/15560"}],"wp:featuredmedia":[{"embeddable":true,"href":"https:\/\/lafilledecorinthe.com\/wordpress\/wp-json\/wp\/v2\/media\/1283"}],"wp:attachment":[{"href":"https:\/\/lafilledecorinthe.com\/wordpress\/wp-json\/wp\/v2\/media?parent=1282"}],"wp:term":[{"taxonomy":"category","embeddable":true,"href":"https:\/\/lafilledecorinthe.com\/wordpress\/wp-json\/wp\/v2\/categories?post=1282"},{"taxonomy":"post_tag","embeddable":true,"href":"https:\/\/lafilledecorinthe.com\/wordpress\/wp-json\/wp\/v2\/tags?post=1282"}],"curies":[{"name":"wp","href":"https:\/\/api.w.org\/{rel}","templated":true}]}}