{"id":12798,"date":"2023-11-05T12:33:33","date_gmt":"2023-11-05T11:33:33","guid":{"rendered":"http:\/\/lafilledecorinthe.com\/wordpress\/?p=12798"},"modified":"2025-12-03T16:13:50","modified_gmt":"2025-12-03T15:13:50","slug":"ma-premiere-seance-2023-24","status":"publish","type":"post","link":"https:\/\/lafilledecorinthe.com\/wordpress\/2023\/11\/ma-premiere-seance-2023-24\/","title":{"rendered":"\u00ab\u00a0Ma premi\u00e8re s\u00e9ance\u00a0\u00bb 2023-24"},"content":{"rendered":"\n<p><strong>Projection-conf\u00e9rence :<\/strong><br>Cin\u00e9ma <em>Le M\u00e9li\u00e8s<\/em> \u00e0 Montreuil<br>Avec la complicit\u00e9 de <a href=\"https:\/\/www.cinemas93.org\/page\/ma-premiere-seance-programme-20232024\" target=\"_blank\" rel=\"noopener\"><em>Cin\u00e9mas 93<\/em><\/a><br>Mercredi 8 novembre 2023<\/p>\n\n\n\n<p><strong>Documents \u00e0 t\u00e9l\u00e9charger :&nbsp;<\/strong><a href=\"https:\/\/lafilledecorinthe.com\/wordpress\/wp-content\/uploads\/2023\/10\/Pour-aller-plus-loin-.pdf\">Pour aller plus loin<\/a>,&nbsp;<a href=\"https:\/\/lafilledecorinthe.com\/wordpress\/wp-content\/uploads\/2023\/10\/A\u0300-chaque-saison-sa-technique.pdf\">A\u0300 chaque saison sa technique<\/a>,&nbsp;<a href=\"https:\/\/lafilledecorinthe.com\/wordpress\/wp-content\/uploads\/2023\/10\/Les-saisons-de-la-vieille-dame.pdf\">Les saisons de la vieille dame<\/a>,&nbsp;<a href=\"https:\/\/lafilledecorinthe.com\/wordpress\/wp-content\/uploads\/2023\/10\/Un-pour-tous-tous-pour-un-.pdf\">Un pour tous, tous pour un !<\/a>,&nbsp;<a href=\"https:\/\/lafilledecorinthe.com\/wordpress\/wp-content\/uploads\/2023\/10\/Du-roux-au-blanc\u2026-.pdf\">Du roux au blanc\u2026<\/a>,&nbsp;<a href=\"https:\/\/lafilledecorinthe.com\/wordpress\/wp-content\/uploads\/2023\/10\/Blanc-sur-blanc-l\u2019art-du-camouflage\u2026-.pdf\">Blanc sur blanc, l\u2019art du camouflage\u2026<\/a>,&nbsp;<a href=\"https:\/\/lafilledecorinthe.com\/wordpress\/wp-content\/uploads\/2023\/10\/Images-se\u0301quentielles1.pdf\">Images se\u0301quentielles<\/a>,&nbsp;<a href=\"https:\/\/lafilledecorinthe.com\/wordpress\/wp-content\/uploads\/2023\/10\/Les-incantations-de-Momo.pdf\">Les incantations de Momo<\/a>,&nbsp;<a href=\"https:\/\/lafilledecorinthe.com\/wordpress\/wp-content\/uploads\/2023\/10\/Images-se\u0301quentielles-2.pdf\">Images se\u0301quentielles 2<\/a><\/p>\n\n\n<div class=\"wp-block-image\">\n<figure class=\"aligncenter\"><a href=\"https:\/\/lafilledecorinthe.com\/wordpress\/wp-content\/uploads\/2023\/10\/programme1.png\"><img loading=\"lazy\" decoding=\"async\" width=\"1534\" height=\"1156\" src=\"https:\/\/lafilledecorinthe.com\/wordpress\/wp-content\/uploads\/2023\/10\/programme1.png\" alt=\"programme1\" class=\"wp-image-12854\" srcset=\"https:\/\/lafilledecorinthe.com\/wordpress\/wp-content\/uploads\/2023\/10\/programme1.png 1534w, https:\/\/lafilledecorinthe.com\/wordpress\/wp-content\/uploads\/2023\/10\/programme1-680x512.png 680w, https:\/\/lafilledecorinthe.com\/wordpress\/wp-content\/uploads\/2023\/10\/programme1-1280x965.png 1280w, https:\/\/lafilledecorinthe.com\/wordpress\/wp-content\/uploads\/2023\/10\/programme1-398x300.png 398w\" sizes=\"auto, (max-width: 1534px) 100vw, 1534px\" \/><\/a><\/figure>\n<\/div>\n\n\n<p>Des infos et des jeux <a href=\"https:\/\/cinejunior.fr\/wp-content\/uploads\/sites\/2\/2022\/03\/au_fil_des_saisons_2017.pdf\" target=\"_blank\" rel=\"noopener\">ici<\/a> et<a href=\"https:\/\/drive.google.com\/file\/d\/14oBoTX_StHRleg1pmArYwqGArg52R2Sa\/view\" target=\"_blank\" rel=\"noopener\"> l\u00e0<\/a> !<\/p>\n\n\n\n<p>Timelapse du tournage du <em>Journal d&rsquo;Ochibi, <\/em>l&rsquo;automne en stop-motion &#8230;<\/p>\n\n\n\n<p><iframe loading=\"lazy\" title=\"YouTube video player\" src=\"https:\/\/www.youtube.com\/embed\/TJ7_x18RnAU?si=ZzLe_yYUyuW3xmmA\" width=\"560\" height=\"315\" frameborder=\"0\" allowfullscreen=\"allowfullscreen\"><\/iframe><\/p>\n\n\n\n<p>D&rsquo;autres vid\u00e9os sur le making-of d&rsquo;Ochibi <a href=\"https:\/\/www.youtube.com\/@masakaaa\" target=\"_blank\" rel=\"noopener\">ici<\/a><\/p>\n\n\n\n<p>Le manga&nbsp;<em>Ochibisan&nbsp;<\/em>cr\u00e9\u00e9 par Moyoco Anno a \u00e9t\u00e9 adapt\u00e9&nbsp;en une s\u00e9rie TV de 24 \u00e9pisodes de 5 min. Elle sortira \u00e0 l&rsquo;automne 2023 sur la cha\u00eene publique NHK.<\/p>\n\n\n\n<p><iframe loading=\"lazy\" title=\"YouTube video player\" src=\"https:\/\/www.youtube.com\/embed\/D4Xi_jLCykg?si=H7XTU-S8tKyDMZwi\" width=\"560\" height=\"315\" frameborder=\"0\" allowfullscreen=\"allowfullscreen\"><\/iframe><\/p>\n\n\n\n<p>Le court m\u00e9trage <em>Patouille<\/em> de Cl\u00e9mentine Campos \u00e0 l&rsquo;origine de la s\u00e9rie.<\/p>\n\n\n\n<p><iframe loading=\"lazy\" src=\"https:\/\/player.vimeo.com\/video\/161979239?h=b9f83bee96\" width=\"640\" height=\"360\" frameborder=\"0\" allowfullscreen=\"allowfullscreen\"><\/iframe><\/p>\n\n\n\n<p><strong>Documents \u00e0 t\u00e9l\u00e9charger :&nbsp;<\/strong><a href=\"https:\/\/lafilledecorinthe.com\/wordpress\/wp-content\/uploads\/2023\/11\/Pour-aller-plus-loin2-.pdf\">Pour aller plus loin2<\/a>,&nbsp;<a href=\"https:\/\/lafilledecorinthe.com\/wordpress\/wp-content\/uploads\/2023\/11\/Invente-une-histoire.pdf\">Invente une histoire<\/a>,&nbsp;<a href=\"https:\/\/lafilledecorinthe.com\/wordpress\/wp-content\/uploads\/2023\/11\/Images-se\u0301quentielles.pdf\">Images se\u0301quentielles<\/a>,&nbsp;<a href=\"https:\/\/lafilledecorinthe.com\/wordpress\/wp-content\/uploads\/2023\/11\/Que-ressentent-elles-.pdf\">Que ressentent-elles ?<\/a>,&nbsp;<a href=\"https:\/\/lafilledecorinthe.com\/wordpress\/wp-content\/uploads\/2023\/11\/De\u0301crire-un-personnage.pdf\">De\u0301crire un personnage<\/a>,&nbsp;<a href=\"https:\/\/lafilledecorinthe.com\/wordpress\/wp-content\/uploads\/2023\/11\/Mon-merle-.pdf\">Mon merle<\/a>,&nbsp;<a href=\"https:\/\/lafilledecorinthe.com\/wordpress\/wp-content\/uploads\/2023\/11\/D\u2019un-trait-a\u0300-l\u2019autre\u2026-1.pdf\">D\u2019un trait a\u0300 l\u2019autre\u2026<\/a>,&nbsp;<a href=\"https:\/\/lafilledecorinthe.com\/wordpress\/wp-content\/uploads\/2023\/11\/D\u2019une-image-a\u0300-l\u2019autre-1-.pdf\">D\u2019une image a\u0300 l\u2019autre 1<\/a>,&nbsp;<a href=\"https:\/\/lafilledecorinthe.com\/wordpress\/wp-content\/uploads\/2023\/11\/La-murmuration-.pdf\">La murmuration<\/a>,&nbsp;<a href=\"https:\/\/lafilledecorinthe.com\/wordpress\/wp-content\/uploads\/2023\/11\/D\u2019une-image-a\u0300-l\u2019autre-2-.pdf\">D\u2019une image a\u0300 l\u2019autre 2<\/a><\/p>\n\n\n<div class=\"wp-block-image\">\n<figure class=\"aligncenter\"><a href=\"https:\/\/lafilledecorinthe.com\/wordpress\/wp-content\/uploads\/2023\/11\/pas-a\u0300-pas.png\"><img loading=\"lazy\" decoding=\"async\" width=\"1536\" height=\"1152\" src=\"https:\/\/lafilledecorinthe.com\/wordpress\/wp-content\/uploads\/2023\/11\/pas-a\u0300-pas.png\" alt=\"pas a\u0300 pas\" class=\"wp-image-12880\" srcset=\"https:\/\/lafilledecorinthe.com\/wordpress\/wp-content\/uploads\/2023\/11\/pas-a\u0300-pas.png 1536w, https:\/\/lafilledecorinthe.com\/wordpress\/wp-content\/uploads\/2023\/11\/pas-a\u0300-pas-680x510.png 680w, https:\/\/lafilledecorinthe.com\/wordpress\/wp-content\/uploads\/2023\/11\/pas-a\u0300-pas-1280x960.png 1280w, https:\/\/lafilledecorinthe.com\/wordpress\/wp-content\/uploads\/2023\/11\/pas-a\u0300-pas-400x300.png 400w\" sizes=\"auto, (max-width: 1536px) 100vw, 1536px\" \/><\/a><\/figure>\n<\/div>\n\n\n<p><\/p>\n\n\n\n<p><strong><em>La fleur et le bousier&nbsp;,<\/em><\/strong>&nbsp;Nils Balleydier, <em>La poudri\u00e8re, <\/em>2021<\/p>\n\n\n\n<p><iframe loading=\"lazy\" src=\"https:\/\/player.vimeo.com\/video\/546845886?h=679c032f90\" width=\"640\" height=\"360\" frameborder=\"0\" allowfullscreen=\"allowfullscreen\"><\/iframe><\/p>\n\n\n\n<p>\u00ab\u00a0Exercice au crayon\u00a0\u00bb de J\u00e9sus P\u00e9rez, 1995<\/p>\n\n\n\n<p><iframe loading=\"lazy\" src=\"https:\/\/player.vimeo.com\/video\/468890065?h=866c877983\" width=\"640\" height=\"468\" frameborder=\"0\" allowfullscreen=\"allowfullscreen\"><\/iframe><\/p>\n","protected":false},"excerpt":{"rendered":"<p>Projection-conf\u00e9rence :Cin\u00e9ma Le M\u00e9li\u00e8s \u00e0 MontreuilAvec la complicit\u00e9 de Cin\u00e9mas 93Mercredi 8 novembre 2023 Documents \u00e0 t\u00e9l\u00e9charger :&nbsp;Pour aller plus loin,&nbsp;A\u0300 chaque saison sa technique,&nbsp;Les saisons de la vieille dame,&nbsp;Un pour tous, tous pour un !,&nbsp;Du roux au blanc\u2026,&nbsp;Blanc sur blanc, l\u2019art du camouflage\u2026,&nbsp;Images se\u0301quentielles,&nbsp;Les incantations de Momo,&nbsp;Images se\u0301quentielles 2 Des infos et des jeux&#8230;<\/p>\n","protected":false},"author":2,"featured_media":12839,"comment_status":"open","ping_status":"open","sticky":false,"template":"","format":"standard","meta":{"_kad_post_transparent":"","_kad_post_title":"","_kad_post_layout":"","_kad_post_sidebar_id":"","_kad_post_content_style":"","_kad_post_vertical_padding":"","_kad_post_feature":"","_kad_post_feature_position":"","_kad_post_header":false,"_kad_post_footer":false,"_kad_post_classname":"","footnotes":""},"categories":[8],"tags":[2353,603,2364,2359,2363,2356,2354,2362,600,2360,2357,2358,2361,2355],"class_list":["post-12798","post","type-post","status-publish","format-standard","has-post-thumbnail","hentry","category-formations-adultes","tag-ma-premiere-seance-2023-24","tag-cinemas-93","tag-dans-la-danse","tag-deux-petits-oiseaux","tag-grand-frere","tag-le-dernier-jour-dautomne","tag-le-journal-dochibi","tag-le-merle","tag-ma-premiere-seance","tag-meta","tag-patouille","tag-soleils-couchants","tag-suis-mes-pas","tag-vol-au-vent"],"_links":{"self":[{"href":"https:\/\/lafilledecorinthe.com\/wordpress\/wp-json\/wp\/v2\/posts\/12798","targetHints":{"allow":["GET"]}}],"collection":[{"href":"https:\/\/lafilledecorinthe.com\/wordpress\/wp-json\/wp\/v2\/posts"}],"about":[{"href":"https:\/\/lafilledecorinthe.com\/wordpress\/wp-json\/wp\/v2\/types\/post"}],"author":[{"embeddable":true,"href":"https:\/\/lafilledecorinthe.com\/wordpress\/wp-json\/wp\/v2\/users\/2"}],"replies":[{"embeddable":true,"href":"https:\/\/lafilledecorinthe.com\/wordpress\/wp-json\/wp\/v2\/comments?post=12798"}],"version-history":[{"count":21,"href":"https:\/\/lafilledecorinthe.com\/wordpress\/wp-json\/wp\/v2\/posts\/12798\/revisions"}],"predecessor-version":[{"id":14427,"href":"https:\/\/lafilledecorinthe.com\/wordpress\/wp-json\/wp\/v2\/posts\/12798\/revisions\/14427"}],"wp:featuredmedia":[{"embeddable":true,"href":"https:\/\/lafilledecorinthe.com\/wordpress\/wp-json\/wp\/v2\/media\/12839"}],"wp:attachment":[{"href":"https:\/\/lafilledecorinthe.com\/wordpress\/wp-json\/wp\/v2\/media?parent=12798"}],"wp:term":[{"taxonomy":"category","embeddable":true,"href":"https:\/\/lafilledecorinthe.com\/wordpress\/wp-json\/wp\/v2\/categories?post=12798"},{"taxonomy":"post_tag","embeddable":true,"href":"https:\/\/lafilledecorinthe.com\/wordpress\/wp-json\/wp\/v2\/tags?post=12798"}],"curies":[{"name":"wp","href":"https:\/\/api.w.org\/{rel}","templated":true}]}}