{"id":12790,"date":"2023-10-16T16:48:15","date_gmt":"2023-10-16T15:48:15","guid":{"rendered":"http:\/\/lafilledecorinthe.com\/wordpress\/?p=12790"},"modified":"2025-12-03T16:32:59","modified_gmt":"2025-12-03T15:32:59","slug":"les-aventuriers-ecole-et-cinema-93-2","status":"publish","type":"post","link":"https:\/\/lafilledecorinthe.com\/wordpress\/2023\/10\/les-aventuriers-ecole-et-cinema-93-2\/","title":{"rendered":"\u00ab\u00a0Les aventuriers\u00a0\u00bb \u00c9cole et Cin\u00e9ma 93 et 79"},"content":{"rendered":"\n<blockquote class=\"wp-block-quote is-layout-flow wp-block-quote-is-layout-flow\">\n<p><em>\u00ab\u00a0La culture, ce n&rsquo;est pas autre chose que cette capacit\u00e9 \u00e0 relier le tableau ou le film que l&rsquo;on est en train de voir, le livre que l&rsquo;on est en train de lire, \u00e0 d&rsquo;autres tableaux, \u00e0 d&rsquo;autres films, \u00e0 d&rsquo;autres livres.\u00a0\u00bb<\/em><br><em>\u00ab\u00a0Voir un fragment de film, d\u00e9tach\u00e9 du flux narratif et de l&rsquo;accoutumance visuelle qu&rsquo;il provoque, le rend \u00e0 nouveau visible. On peut imaginer, contrairement aux habitudes de la p\u00e9dagogie classique, de commencer par des \u00e9tudes de fragments avant de voir les films entiers.\u00a0\u00bb\u00a0<\/em><br><em>L&rsquo;hypoth\u00e8se cin\u00e9ma, Petit trait\u00e9 de transmission du cin\u00e9ma \u00e0 l&rsquo;\u00e9cole et ailleurs<\/em>, Alain Bergala, Petite biblioth\u00e8que des Cahiers du cin\u00e9ma, 2002<\/p>\n<\/blockquote>\n\n\n<div class=\"wp-block-image\">\n<figure class=\"aligncenter\"><a href=\"https:\/\/lafilledecorinthe.com\/wordpress\/wp-content\/uploads\/2023\/10\/Capture-d\u2019e\u0301cran-2024-01-07-a\u0300-14.44.59.png\"><img loading=\"lazy\" decoding=\"async\" width=\"1818\" height=\"1358\" src=\"https:\/\/lafilledecorinthe.com\/wordpress\/wp-content\/uploads\/2023\/10\/Capture-d\u2019e\u0301cran-2024-01-07-a\u0300-14.44.59.png\" alt=\"Capture d\u2019e\u0301cran 2024-01-07 a\u0300 14.44.59\" class=\"wp-image-13042\" srcset=\"https:\/\/lafilledecorinthe.com\/wordpress\/wp-content\/uploads\/2023\/10\/Capture-d\u2019e\u0301cran-2024-01-07-a\u0300-14.44.59.png 1818w, https:\/\/lafilledecorinthe.com\/wordpress\/wp-content\/uploads\/2023\/10\/Capture-d\u2019e\u0301cran-2024-01-07-a\u0300-14.44.59-680x508.png 680w, https:\/\/lafilledecorinthe.com\/wordpress\/wp-content\/uploads\/2023\/10\/Capture-d\u2019e\u0301cran-2024-01-07-a\u0300-14.44.59-1280x956.png 1280w, https:\/\/lafilledecorinthe.com\/wordpress\/wp-content\/uploads\/2023\/10\/Capture-d\u2019e\u0301cran-2024-01-07-a\u0300-14.44.59-402x300.png 402w\" sizes=\"auto, (max-width: 1818px) 100vw, 1818px\" \/><\/a><\/figure>\n<\/div>\n\n\n<p><strong>Projection-conf\u00e9rence :<\/strong><br><a href=\"https:\/\/padlet.com\/actionseducatives\/les-aventuriers-5-courts-m-trages-1955-2002-luibnkqdnt9n8igo\" target=\"_blank\" rel=\"noopener\"><em>Les aventuriers<\/em><\/a>, 5 courts-m\u00e9trages, 2002<br>Le Cin\u00e9ma <em>Le M\u00e9li\u00e8s<\/em> \u00e0 Montreuil\u00a0 (93)<br>Mercredi 11 octobre 2023<br>Le Cin\u00e9ma <em>Louis Daquin<\/em> au Blanc-Mesnil\u00a0 (93)<br>Mercredi 18 octobre 2023<\/p>\n\n\n\n<p>Le cin\u00e9ma Le Foyer \u00e0 Parthenay (79)<br>Mercredi 10 janvier 2014<\/p>\n\n\n\n<p><strong>Documents \u00e0 t\u00e9l\u00e9charger&nbsp; :<\/strong>&nbsp;&nbsp;<a href=\"https:\/\/lafilledecorinthe.com\/wordpress\/wp-content\/uploads\/2023\/10\/Pour-aller-plus-loin-\u2026-.pdf\">Pour aller plus loin \u2026<\/a>&nbsp;93,&nbsp;&nbsp;<a href=\"https:\/\/lafilledecorinthe.com\/wordpress\/wp-content\/uploads\/2023\/10\/Pour-aller-plus-loin-\u2026-1.pdf\">Pour aller plus loin \u2026<\/a>79<\/p>\n\n\n<div class=\"wp-block-image\">\n<figure class=\"aligncenter\"><a href=\"https:\/\/lafilledecorinthe.com\/wordpress\/wp-content\/uploads\/2023\/10\/photogrammes.png\"><img loading=\"lazy\" decoding=\"async\" width=\"1540\" height=\"1150\" src=\"https:\/\/lafilledecorinthe.com\/wordpress\/wp-content\/uploads\/2023\/10\/photogrammes.png\" alt=\"photogrammes\" class=\"wp-image-12830\" srcset=\"https:\/\/lafilledecorinthe.com\/wordpress\/wp-content\/uploads\/2023\/10\/photogrammes.png 1540w, https:\/\/lafilledecorinthe.com\/wordpress\/wp-content\/uploads\/2023\/10\/photogrammes-680x508.png 680w, https:\/\/lafilledecorinthe.com\/wordpress\/wp-content\/uploads\/2023\/10\/photogrammes-1280x956.png 1280w, https:\/\/lafilledecorinthe.com\/wordpress\/wp-content\/uploads\/2023\/10\/photogrammes-402x300.png 402w\" sizes=\"auto, (max-width: 1540px) 100vw, 1540px\" \/><\/a><\/figure>\n<\/div>\n\n\n<p><\/p>\n\n\n<div class=\"wp-block-image\">\n<figure class=\"aligncenter\"><a href=\"https:\/\/lafilledecorinthe.com\/wordpress\/wp-content\/uploads\/2023\/10\/Photogramme1.png\"><img loading=\"lazy\" decoding=\"async\" width=\"1280\" height=\"959\" src=\"https:\/\/lafilledecorinthe.com\/wordpress\/wp-content\/uploads\/2023\/10\/Photogramme1-1280x959.png\" alt=\"Photogramme1\" class=\"wp-image-12809\" srcset=\"https:\/\/lafilledecorinthe.com\/wordpress\/wp-content\/uploads\/2023\/10\/Photogramme1-1280x959.png 1280w, https:\/\/lafilledecorinthe.com\/wordpress\/wp-content\/uploads\/2023\/10\/Photogramme1-680x510.png 680w, https:\/\/lafilledecorinthe.com\/wordpress\/wp-content\/uploads\/2023\/10\/Photogramme1-400x300.png 400w, https:\/\/lafilledecorinthe.com\/wordpress\/wp-content\/uploads\/2023\/10\/Photogramme1.png 1532w\" sizes=\"auto, (max-width: 1280px) 100vw, 1280px\" \/><\/a><figcaption class=\"wp-element-caption\">Rentr\u00e9e des classes, Jacques Rozier, 1955<\/figcaption><\/figure>\n<\/div>\n\n\n<p><a href=\"https:\/\/lafilledecorinthe.com\/wordpress\/wp-content\/uploads\/2023\/10\/Du-photogramme-a\u0300-l\u2019affiche-.pdf\">Du photogramme a\u0300 l\u2019affiche<\/a>,&nbsp;<a href=\"https:\/\/lafilledecorinthe.com\/wordpress\/wp-content\/uploads\/2023\/10\/bino\u0302me-imaginatif-.pdf\">bino\u0302me imaginatif<\/a>,&nbsp;<a href=\"https:\/\/lafilledecorinthe.com\/wordpress\/wp-content\/uploads\/2023\/10\/Le-personnage-et-le-de\u0301cor-.pdf\">Le personnage et le de\u0301cor<\/a>,&nbsp;<a href=\"https:\/\/lafilledecorinthe.com\/wordpress\/wp-content\/uploads\/2023\/10\/Les-25-plans-de-l\u2019extrait-.pdf\">Les 25 plans de l\u2019extrait<\/a><\/p>\n\n\n\n<p><em>La chaussure trou\u00e9e, <\/em>extrait de<em> Laurel &amp; Hardy au Far West<\/em>&nbsp;(<em>Way Out West<\/em>) de James W.Horne, 1937<\/p>\n\n\n\n<p><iframe loading=\"lazy\" title=\"YouTube video player\" src=\"https:\/\/www.youtube.com\/embed\/zgIWly1OwXw?si=l9r_skrDmNo0sCTR\" width=\"560\" height=\"315\" frameborder=\"0\" allowfullscreen=\"allowfullscreen\"><\/iframe><\/p>\n\n\n<div class=\"wp-block-image\">\n<figure class=\"aligncenter\"><a href=\"https:\/\/lafilledecorinthe.com\/wordpress\/wp-content\/uploads\/2023\/10\/photogramme2.png\"><img loading=\"lazy\" decoding=\"async\" width=\"680\" height=\"527\" src=\"https:\/\/lafilledecorinthe.com\/wordpress\/wp-content\/uploads\/2023\/10\/photogramme2-680x527.png\" alt=\"photogramme2\" class=\"wp-image-12817\" srcset=\"https:\/\/lafilledecorinthe.com\/wordpress\/wp-content\/uploads\/2023\/10\/photogramme2-680x527.png 680w, https:\/\/lafilledecorinthe.com\/wordpress\/wp-content\/uploads\/2023\/10\/photogramme2-387x300.png 387w, https:\/\/lafilledecorinthe.com\/wordpress\/wp-content\/uploads\/2023\/10\/photogramme2.png 1244w\" sizes=\"auto, (max-width: 680px) 100vw, 680px\" \/><\/a><figcaption class=\"wp-element-caption\">\u00ab\u00a0Le moine et le Poisson\u00a0\u00bb, Micha\u00ebl Dudok de Wit, 1994<\/figcaption><\/figure>\n<\/div>\n\n\n<p><a href=\"https:\/\/lafilledecorinthe.com\/wordpress\/wp-content\/uploads\/2023\/10\/Fiche-extraite-.pdf\">Fiche extraite<\/a>&nbsp;du dossier <a href=\"https:\/\/lafilledecorinthe.com\/wordpress\/wp-content\/uploads\/2020\/10\/Vert-la-nature-.pdf\" target=\"_blank\" rel=\"noopener\">Vert la Nature<\/a>, festival <em>Image par image <\/em>2020,&nbsp;fiche p\u00e9dagogique&nbsp;&nbsp;<a href=\"https:\/\/www.cinemas93.org\/sites\/default\/files\/u34\/parade_fiche.pdf\" target=\"_blank\" rel=\"noopener\"><em>La Parade des anim\u00e9s<\/em><\/a>, Cin\u00e9mas 93, 2013<\/p>\n\n\n\n<p>Making of en anglais \u00e0 partir de 6:07<\/p>\n\n\n\n<p><iframe loading=\"lazy\" title=\"YouTube video player\" src=\"https:\/\/www.youtube.com\/embed\/s9dHJro69f4?si=zuADfJOt4hfwSzga\" width=\"560\" height=\"315\" frameborder=\"0\" allowfullscreen=\"allowfullscreen\"><\/iframe><\/p>\n\n\n\n<figure class=\"wp-block-gallery aligncenter has-nested-images columns-default is-cropped wp-block-gallery-1 is-layout-flex wp-block-gallery-is-layout-flex\">\n<figure class=\"wp-block-image size-large\"><img loading=\"lazy\" decoding=\"async\" width=\"1280\" height=\"992\" data-id=\"12829\" src=\"https:\/\/lafilledecorinthe.com\/wordpress\/wp-content\/uploads\/2023\/10\/Photogramme3-1280x992.png\" alt=\"Photogramme3\" class=\"wp-image-12829\" srcset=\"https:\/\/lafilledecorinthe.com\/wordpress\/wp-content\/uploads\/2023\/10\/Photogramme3-1280x992.png 1280w, https:\/\/lafilledecorinthe.com\/wordpress\/wp-content\/uploads\/2023\/10\/Photogramme3-680x527.png 680w, https:\/\/lafilledecorinthe.com\/wordpress\/wp-content\/uploads\/2023\/10\/Photogramme3-387x300.png 387w, https:\/\/lafilledecorinthe.com\/wordpress\/wp-content\/uploads\/2023\/10\/Photogramme3.png 1484w\" sizes=\"auto, (max-width: 1280px) 100vw, 1280px\" \/><figcaption class=\"wp-element-caption\">Le h\u00e9risson dans le brouillard, Youri Norstein, 1975<\/figcaption><\/figure>\n<\/figure>\n\n\n\n<p><a href=\"https:\/\/lafilledecorinthe.com\/wordpress\/wp-content\/uploads\/2023\/10\/Les-animaux-.pdf\">Les animaux<\/a>,&nbsp;<a href=\"https:\/\/lafilledecorinthe.com\/wordpress\/wp-content\/uploads\/2023\/10\/Que-ressent-le-Petit-He\u0301risson-.pdf\">Que ressent le Petit He\u0301risson ?<\/a>,&nbsp;<a href=\"https:\/\/lafilledecorinthe.com\/wordpress\/wp-content\/uploads\/2023\/10\/La-voix-qu\u2019on-n\u2019entend-pas-dans-la-rivie\u0300re-et-le-brouillard-.pdf\">La voix qu\u2019on n\u2019entend pas dans la rivie\u0300re et le brouillard<\/a>,&nbsp;<a href=\"https:\/\/lafilledecorinthe.com\/wordpress\/wp-content\/uploads\/2023\/10\/Yojek-.pdf\">Yojek<\/a><\/p>\n","protected":false},"excerpt":{"rendered":"<p>\u00ab\u00a0La culture, ce n&rsquo;est pas autre chose que cette capacit\u00e9 \u00e0 relier le tableau ou le film que l&rsquo;on est en train de voir, le livre que l&rsquo;on est en train de lire, \u00e0 d&rsquo;autres tableaux, \u00e0 d&rsquo;autres films, \u00e0 d&rsquo;autres livres.\u00a0\u00bb\u00ab\u00a0Voir un fragment de film, d\u00e9tach\u00e9 du flux narratif et de l&rsquo;accoutumance visuelle qu&rsquo;il&#8230;<\/p>\n","protected":false},"author":2,"featured_media":12829,"comment_status":"open","ping_status":"open","sticky":false,"template":"","format":"standard","meta":{"_kad_post_transparent":"","_kad_post_title":"","_kad_post_layout":"","_kad_post_sidebar_id":"","_kad_post_content_style":"","_kad_post_vertical_padding":"","_kad_post_feature":"","_kad_post_feature_position":"","_kad_post_header":false,"_kad_post_footer":false,"_kad_post_classname":"","footnotes":""},"categories":[8],"tags":[2342,1344,1176,1218,451,2344,2345,2350,2180,2349,2351,2347,2352,2348,2343,2346,1150],"class_list":["post-12790","post","type-post","status-publish","format-standard","has-post-thumbnail","hentry","category-formations-adultes","tag-les-aventuriers","tag-alain-bergala","tag-ecole-et-cinema-79","tag-ecole-et-cinema-93","tag-georges-franju","tag-jacques-rozier","tag-la-chaussure-trouee","tag-la-premiere-nuit","tag-laurel-hardy","tag-le-herisson-dans-le-brouillard","tag-le-jardin","tag-le-moine-et-le-poisson","tag-marie-paccou","tag-michael-dudok-de-wit","tag-rentree-des-classes","tag-way-out-west","tag-youri-norstein"],"_links":{"self":[{"href":"https:\/\/lafilledecorinthe.com\/wordpress\/wp-json\/wp\/v2\/posts\/12790","targetHints":{"allow":["GET"]}}],"collection":[{"href":"https:\/\/lafilledecorinthe.com\/wordpress\/wp-json\/wp\/v2\/posts"}],"about":[{"href":"https:\/\/lafilledecorinthe.com\/wordpress\/wp-json\/wp\/v2\/types\/post"}],"author":[{"embeddable":true,"href":"https:\/\/lafilledecorinthe.com\/wordpress\/wp-json\/wp\/v2\/users\/2"}],"replies":[{"embeddable":true,"href":"https:\/\/lafilledecorinthe.com\/wordpress\/wp-json\/wp\/v2\/comments?post=12790"}],"version-history":[{"count":19,"href":"https:\/\/lafilledecorinthe.com\/wordpress\/wp-json\/wp\/v2\/posts\/12790\/revisions"}],"predecessor-version":[{"id":14428,"href":"https:\/\/lafilledecorinthe.com\/wordpress\/wp-json\/wp\/v2\/posts\/12790\/revisions\/14428"}],"wp:featuredmedia":[{"embeddable":true,"href":"https:\/\/lafilledecorinthe.com\/wordpress\/wp-json\/wp\/v2\/media\/12829"}],"wp:attachment":[{"href":"https:\/\/lafilledecorinthe.com\/wordpress\/wp-json\/wp\/v2\/media?parent=12790"}],"wp:term":[{"taxonomy":"category","embeddable":true,"href":"https:\/\/lafilledecorinthe.com\/wordpress\/wp-json\/wp\/v2\/categories?post=12790"},{"taxonomy":"post_tag","embeddable":true,"href":"https:\/\/lafilledecorinthe.com\/wordpress\/wp-json\/wp\/v2\/tags?post=12790"}],"curies":[{"name":"wp","href":"https:\/\/api.w.org\/{rel}","templated":true}]}}