{"id":12739,"date":"2023-09-25T18:00:56","date_gmt":"2023-09-25T17:00:56","guid":{"rendered":"http:\/\/lafilledecorinthe.com\/wordpress\/?p=12739"},"modified":"2025-12-03T17:09:31","modified_gmt":"2025-12-03T16:09:31","slug":"maternelle-au-cinema-95-2023-2024","status":"publish","type":"post","link":"https:\/\/lafilledecorinthe.com\/wordpress\/2023\/09\/maternelle-au-cinema-95-2023-2024\/","title":{"rendered":"\u00ab\u00a0Maternelle au Cin\u00e9ma\u00a0\u00bb 95       2023-2024"},"content":{"rendered":"\n<p><\/p>\n\n\n\n<p><strong>Conf\u00e9rence au &#8230;<br><\/strong>Centre Culturel <em>L&rsquo;Orange Bleue<\/em> \u00e0 Eaubonne<br>Mercredi 27 septembre 2023<\/p>\n\n\n\n<p><strong>Documents \u00e0 t\u00e9l\u00e9charger :<\/strong>&nbsp;<a href=\"https:\/\/lafilledecorinthe.com\/wordpress\/wp-content\/uploads\/2023\/09\/Pour-aller-plus-loin.pdf\">Pour aller plus loin<\/a>,&nbsp;<a href=\"https:\/\/lafilledecorinthe.com\/wordpress\/wp-content\/uploads\/2023\/09\/Un-petit-fanto\u0302me-tre\u0300s-expressif-.pdf\">Un petit fanto\u0302me tre\u0300s expressif<\/a>,&nbsp;<a href=\"https:\/\/lafilledecorinthe.com\/wordpress\/wp-content\/uploads\/2023\/09\/Le-temps-qui-passe\u2026.pdf\">Le temps qui passe\u2026<\/a>,&nbsp;<a href=\"https:\/\/lafilledecorinthe.com\/wordpress\/wp-content\/uploads\/2023\/09\/Le-temps-qui-passe-2-.pdf\">Le temps qui passe 2<\/a>,&nbsp;<a href=\"https:\/\/lafilledecorinthe.com\/wordpress\/wp-content\/uploads\/2023\/09\/A\u0300-quoi-servent-toutes-ces-machines-.pdf\">A\u0300 quoi servent toutes ces machines ?<\/a>&nbsp;et aussi <a title=\"\u00ab&nbsp;Mon Premier Cin\u00e9ma&nbsp;\u00bb, 2022-2023\" href=\"https:\/\/lafilledecorinthe.com\/wordpress\/2022\/09\/mon-premier-cinema-2022-2023\/\" target=\"_blank\" rel=\"noopener\">ici<\/a><\/p>\n\n\n<div class=\"wp-block-image\">\n<figure class=\"aligncenter\"><img loading=\"lazy\" decoding=\"async\" width=\"1538\" height=\"1154\" src=\"https:\/\/lafilledecorinthe.com\/wordpress\/wp-content\/uploads\/2023\/09\/Komaneko.png\" alt=\"Komaneko\" class=\"wp-image-12751\" srcset=\"https:\/\/lafilledecorinthe.com\/wordpress\/wp-content\/uploads\/2023\/09\/Komaneko.png 1538w, https:\/\/lafilledecorinthe.com\/wordpress\/wp-content\/uploads\/2023\/09\/Komaneko-680x510.png 680w, https:\/\/lafilledecorinthe.com\/wordpress\/wp-content\/uploads\/2023\/09\/Komaneko-1280x960.png 1280w, https:\/\/lafilledecorinthe.com\/wordpress\/wp-content\/uploads\/2023\/09\/Komaneko-400x300.png 400w\" sizes=\"auto, (max-width: 1538px) 100vw, 1538px\" \/><\/figure>\n<\/div>\n\n\n<p><\/p>\n\n\n<div class=\"wp-block-image\">\n<figure class=\"aligncenter\"><a href=\"https:\/\/lafilledecorinthe.com\/wordpress\/wp-content\/uploads\/2023\/09\/IMG-8477.jpg\"><img loading=\"lazy\" decoding=\"async\" width=\"4032\" height=\"3024\" src=\"https:\/\/lafilledecorinthe.com\/wordpress\/wp-content\/uploads\/2023\/09\/IMG-8477.jpg\" alt=\"IMG-8477\" class=\"wp-image-12752\" srcset=\"https:\/\/lafilledecorinthe.com\/wordpress\/wp-content\/uploads\/2023\/09\/IMG-8477.jpg 4032w, https:\/\/lafilledecorinthe.com\/wordpress\/wp-content\/uploads\/2023\/09\/IMG-8477-680x510.jpg 680w, https:\/\/lafilledecorinthe.com\/wordpress\/wp-content\/uploads\/2023\/09\/IMG-8477-1280x960.jpg 1280w, https:\/\/lafilledecorinthe.com\/wordpress\/wp-content\/uploads\/2023\/09\/IMG-8477-400x300.jpg 400w\" sizes=\"auto, (max-width: 4032px) 100vw, 4032px\" \/><\/a><figcaption class=\"wp-element-caption\">D&rsquo;un programme \u00e0 l&rsquo;autre&#8230;<\/figcaption><\/figure>\n<\/div>\n\n\n<p><strong>Documents \u00e0 t\u00e9l\u00e9charger :<\/strong>&nbsp;<a href=\"https:\/\/lafilledecorinthe.com\/wordpress\/wp-content\/uploads\/2023\/09\/Pour-aller-plus-loin1.pdf\">Pour aller plus loin<\/a>&nbsp;et aussi <a title=\"La magie Karel Zeman, Maternelle au Cin\u00e9ma 92\" href=\"https:\/\/lafilledecorinthe.com\/wordpress\/2023\/01\/la-magie-karel-zeman-maternelle-au-cinema-92\/\" target=\"_blank\" rel=\"noopener\">ici&nbsp;<\/a><\/p>\n\n\n<div class=\"wp-block-image\">\n<figure class=\"aligncenter\"><img loading=\"lazy\" decoding=\"async\" width=\"1538\" height=\"1154\" src=\"https:\/\/lafilledecorinthe.com\/wordpress\/wp-content\/uploads\/2023\/09\/2.png\" alt=\"2\" class=\"wp-image-12757\" srcset=\"https:\/\/lafilledecorinthe.com\/wordpress\/wp-content\/uploads\/2023\/09\/2.png 1538w, https:\/\/lafilledecorinthe.com\/wordpress\/wp-content\/uploads\/2023\/09\/2-680x510.png 680w, https:\/\/lafilledecorinthe.com\/wordpress\/wp-content\/uploads\/2023\/09\/2-1280x960.png 1280w, https:\/\/lafilledecorinthe.com\/wordpress\/wp-content\/uploads\/2023\/09\/2-400x300.png 400w\" sizes=\"auto, (max-width: 1538px) 100vw, 1538px\" \/><\/figure>\n<\/div>\n\n\n<p class=\"has-text-align-center\"><\/p>\n","protected":false},"excerpt":{"rendered":"<p>Conf\u00e9rence au &#8230;Centre Culturel L&rsquo;Orange Bleue \u00e0 EaubonneMercredi 27 septembre 2023 Documents \u00e0 t\u00e9l\u00e9charger :&nbsp;Pour aller plus loin,&nbsp;Un petit fanto\u0302me tre\u0300s expressif,&nbsp;Le temps qui passe\u2026,&nbsp;Le temps qui passe 2,&nbsp;A\u0300 quoi servent toutes ces machines ?&nbsp;et aussi ici Documents \u00e0 t\u00e9l\u00e9charger :&nbsp;Pour aller plus loin&nbsp;et aussi ici&nbsp;<\/p>\n","protected":false},"author":2,"featured_media":12742,"comment_status":"open","ping_status":"open","sticky":false,"template":"","format":"standard","meta":{"_kad_post_transparent":"","_kad_post_title":"","_kad_post_layout":"","_kad_post_sidebar_id":"","_kad_post_content_style":"","_kad_post_vertical_padding":"","_kad_post_feature":"","_kad_post_feature_position":"","_kad_post_header":false,"_kad_post_footer":false,"_kad_post_classname":"","footnotes":""},"categories":[8],"tags":[2224,2332,1960,1343,1777],"class_list":["post-12739","post","type-post","status-publish","format-standard","has-post-thumbnail","hentry","category-formations-adultes","tag-maternelle-au-cinema-95","tag-2023-2024","tag-komaneko","tag-la-magie-karel-zeman","tag-le-petit-chat-curieux"],"_links":{"self":[{"href":"https:\/\/lafilledecorinthe.com\/wordpress\/wp-json\/wp\/v2\/posts\/12739","targetHints":{"allow":["GET"]}}],"collection":[{"href":"https:\/\/lafilledecorinthe.com\/wordpress\/wp-json\/wp\/v2\/posts"}],"about":[{"href":"https:\/\/lafilledecorinthe.com\/wordpress\/wp-json\/wp\/v2\/types\/post"}],"author":[{"embeddable":true,"href":"https:\/\/lafilledecorinthe.com\/wordpress\/wp-json\/wp\/v2\/users\/2"}],"replies":[{"embeddable":true,"href":"https:\/\/lafilledecorinthe.com\/wordpress\/wp-json\/wp\/v2\/comments?post=12739"}],"version-history":[{"count":11,"href":"https:\/\/lafilledecorinthe.com\/wordpress\/wp-json\/wp\/v2\/posts\/12739\/revisions"}],"predecessor-version":[{"id":14442,"href":"https:\/\/lafilledecorinthe.com\/wordpress\/wp-json\/wp\/v2\/posts\/12739\/revisions\/14442"}],"wp:featuredmedia":[{"embeddable":true,"href":"https:\/\/lafilledecorinthe.com\/wordpress\/wp-json\/wp\/v2\/media\/12742"}],"wp:attachment":[{"href":"https:\/\/lafilledecorinthe.com\/wordpress\/wp-json\/wp\/v2\/media?parent=12739"}],"wp:term":[{"taxonomy":"category","embeddable":true,"href":"https:\/\/lafilledecorinthe.com\/wordpress\/wp-json\/wp\/v2\/categories?post=12739"},{"taxonomy":"post_tag","embeddable":true,"href":"https:\/\/lafilledecorinthe.com\/wordpress\/wp-json\/wp\/v2\/tags?post=12739"}],"curies":[{"name":"wp","href":"https:\/\/api.w.org\/{rel}","templated":true}]}}