{"id":12710,"date":"2023-09-28T08:54:00","date_gmt":"2023-09-28T07:54:00","guid":{"rendered":"http:\/\/lafilledecorinthe.com\/wordpress\/?p=12710"},"modified":"2025-12-03T17:07:50","modified_gmt":"2025-12-03T16:07:50","slug":"mon-premier-cinema-2023-2024","status":"publish","type":"post","link":"https:\/\/lafilledecorinthe.com\/wordpress\/2023\/09\/mon-premier-cinema-2023-2024\/","title":{"rendered":"\u00ab\u00a0Mon premier cin\u00e9ma\u00a0\u00bb, 2023 &#8211; 2024"},"content":{"rendered":"\n<p><strong>Projection et formation en ligne<\/strong><br>Mercredi 18 octobre 2023<\/p>\n\n\n\n<p><strong>Documents \u00e0 t\u00e9l\u00e9charger :&nbsp;<\/strong><a href=\"https:\/\/lafilledecorinthe.com\/wordpress\/wp-content\/uploads\/2023\/09\/Dossier-de-pre\u0301sentation.pdf\">Dossier de pre\u0301sentation<\/a>,&nbsp;<a href=\"https:\/\/lafilledecorinthe.com\/wordpress\/wp-content\/uploads\/2023\/09\/fiche-film.pdf\">fiche film<\/a>,&nbsp;<a href=\"https:\/\/lafilledecorinthe.com\/wordpress\/wp-content\/uploads\/2023\/09\/Bibliographie-sitographie-La-Petite-Taupe-.pdf\">Bibliographie-sitographie&nbsp;La Petite Taupe<\/a>,&nbsp;<a href=\"https:\/\/lafilledecorinthe.com\/wordpress\/wp-content\/uploads\/2023\/09\/Dans-quel-ordre-la-Petite-Taupe-a-rencontre\u0301-les-animaux-.pdf\">Dans quel ordre la Petite Taupe a rencontre\u0301 les animaux<\/a>,&nbsp;<a href=\"https:\/\/lafilledecorinthe.com\/wordpress\/wp-content\/uploads\/2023\/09\/Images-se\u0301quentielles-.pdf\">Images se\u0301quentielles<\/a>,&nbsp;<a href=\"https:\/\/lafilledecorinthe.com\/wordpress\/wp-content\/uploads\/2023\/09\/cadrage-...-.pdf\">cadrage<\/a>,&nbsp;<a href=\"https:\/\/lafilledecorinthe.com\/wordpress\/wp-content\/uploads\/2023\/09\/Le-troc-de-la-Petite-Taupe-.pdf\">Le troc de la Petite Taupe<\/a>,&nbsp;<a href=\"https:\/\/lafilledecorinthe.com\/wordpress\/wp-content\/uploads\/2023\/09\/Compare-ces-deux-tapisseries-.pdf\">Compare ces deux tapisseries<\/a>&nbsp;et aussi <a title=\"\u00ab&nbsp;Mon premier cin\u00e9ma&nbsp;\u00bb 2021-2022\" href=\"https:\/\/lafilledecorinthe.com\/wordpress\/2021\/11\/mon-premier-cinema-2021-2022\/\">ici<\/a><\/p>\n\n\n<div class=\"wp-block-image\">\n<figure class=\"aligncenter\"><a href=\"https:\/\/lafilledecorinthe.com\/wordpress\/wp-content\/uploads\/2023\/09\/7.png\"><img loading=\"lazy\" decoding=\"async\" width=\"1534\" height=\"1152\" src=\"https:\/\/lafilledecorinthe.com\/wordpress\/wp-content\/uploads\/2023\/09\/7.png\" alt=\"7\" class=\"wp-image-12724\" srcset=\"https:\/\/lafilledecorinthe.com\/wordpress\/wp-content\/uploads\/2023\/09\/7.png 1534w, https:\/\/lafilledecorinthe.com\/wordpress\/wp-content\/uploads\/2023\/09\/7-680x511.png 680w, https:\/\/lafilledecorinthe.com\/wordpress\/wp-content\/uploads\/2023\/09\/7-1280x961.png 1280w, https:\/\/lafilledecorinthe.com\/wordpress\/wp-content\/uploads\/2023\/09\/7-399x300.png 399w\" sizes=\"auto, (max-width: 1534px) 100vw, 1534px\" \/><\/a><\/figure>\n<\/div>\n\n\n<p><\/p>\n\n\n\n<p><span style=\"color: #000000;\"><strong><span style=\"color: #ffffff;\">\u00a0<\/span><\/strong><\/span><a href=\"https:\/\/www.studiodesursulines.com\/\" target=\"_blank\" rel=\"noopener\">Studio des ursulines<\/a><br>Mardi 28 novembre 2023<br>Avec l&rsquo;\u00e9quipe d&rsquo;\u00a0<a href=\"https:\/\/www.enfancesaucinema.net\/\" target=\"_blank\" rel=\"noopener\"><em>Enfances au Cin\u00e9ma<\/em><\/a><\/p>\n\n\n\n<p><strong>Documents \u00e0 t\u00e9l\u00e9charger :&nbsp;<\/strong><a href=\"https:\/\/lafilledecorinthe.com\/wordpress\/wp-content\/uploads\/2023\/09\/Fiche-film.pdf\">Fiche film<\/a>,&nbsp;les autres documents sont \u00e0 t\u00e9l\u00e9charger <a title=\"\u00ab&nbsp;Ma premi\u00e8re s\u00e9ance&nbsp;\u00bb 2023-24\" href=\"https:\/\/lafilledecorinthe.com\/wordpress\/2023\/11\/ma-premiere-seance-2023-24\/\">ici<\/a>.<\/p>\n\n\n<div class=\"wp-block-image\">\n<figure class=\"aligncenter\"><a href=\"https:\/\/lafilledecorinthe.com\/wordpress\/wp-content\/uploads\/2023\/09\/pas-a\u0300-pas.png\"><img loading=\"lazy\" decoding=\"async\" width=\"1536\" height=\"1152\" src=\"https:\/\/lafilledecorinthe.com\/wordpress\/wp-content\/uploads\/2023\/09\/pas-a\u0300-pas.png\" alt=\"pas a\u0300 pas\" class=\"wp-image-12936\" srcset=\"https:\/\/lafilledecorinthe.com\/wordpress\/wp-content\/uploads\/2023\/09\/pas-a\u0300-pas.png 1536w, https:\/\/lafilledecorinthe.com\/wordpress\/wp-content\/uploads\/2023\/09\/pas-a\u0300-pas-680x510.png 680w, https:\/\/lafilledecorinthe.com\/wordpress\/wp-content\/uploads\/2023\/09\/pas-a\u0300-pas-1280x960.png 1280w, https:\/\/lafilledecorinthe.com\/wordpress\/wp-content\/uploads\/2023\/09\/pas-a\u0300-pas-400x300.png 400w\" sizes=\"auto, (max-width: 1536px) 100vw, 1536px\" \/><\/a><\/figure>\n<\/div>\n\n\n<p><\/p>\n\n\n\n<p><strong>Documents \u00e0 t\u00e9l\u00e9charger :<\/strong>&nbsp;<a href=\"https:\/\/lafilledecorinthe.com\/wordpress\/wp-content\/uploads\/2023\/09\/Fiche-film1.pdf\">Fiche film<\/a>,&nbsp;<a href=\"https:\/\/lafilledecorinthe.com\/wordpress\/wp-content\/uploads\/2023\/09\/Pour-aller-plus-loin...-.pdf\">Pour aller plus loin&#8230;<\/a>,&nbsp;<a href=\"https:\/\/lafilledecorinthe.com\/wordpress\/wp-content\/uploads\/2023\/09\/D\u2019un-mai\u0302tre-a\u0300-l\u2019autre-.pdf\">D\u2019un mai\u0302tre a\u0300 l\u2019autre<\/a>,&nbsp;<a href=\"https:\/\/lafilledecorinthe.com\/wordpress\/wp-content\/uploads\/2023\/09\/Du-plan-objectif-au-plan-subjectif-.pdf\">Du plan objectif au plan subjectif<\/a>,&nbsp;<a href=\"https:\/\/lafilledecorinthe.com\/wordpress\/wp-content\/uploads\/2023\/09\/Les-angles-de-prise-de-vue-.pdf\">Les angles de prise de vue<\/a>,&nbsp;<a href=\"https:\/\/lafilledecorinthe.com\/wordpress\/wp-content\/uploads\/2023\/09\/Gromit.pdf\">Gromit<\/a>,&nbsp;<a href=\"https:\/\/lafilledecorinthe.com\/wordpress\/wp-content\/uploads\/2023\/09\/La-construction-de-la-fuse\u0301e-.pdf\">La construction de la fuse\u0301e<\/a>,&nbsp;<a href=\"https:\/\/lafilledecorinthe.com\/wordpress\/wp-content\/uploads\/2023\/09\/La-station-de-ski-lunaire-.pdf\">La station de ski lunaire<\/a>,&nbsp;<a href=\"https:\/\/lafilledecorinthe.com\/wordpress\/wp-content\/uploads\/2023\/09\/Images-se\u0301quentielles-1.pdf\">Images se\u0301quentielles<\/a><\/p>\n\n\n<div class=\"wp-block-image\">\n<figure class=\"aligncenter\"><img loading=\"lazy\" decoding=\"async\" width=\"1536\" height=\"1146\" src=\"https:\/\/lafilledecorinthe.com\/wordpress\/wp-content\/uploads\/2023\/09\/programme2.png\" alt=\"programme2\" class=\"wp-image-12937\" srcset=\"https:\/\/lafilledecorinthe.com\/wordpress\/wp-content\/uploads\/2023\/09\/programme2.png 1536w, https:\/\/lafilledecorinthe.com\/wordpress\/wp-content\/uploads\/2023\/09\/programme2-680x507.png 680w, https:\/\/lafilledecorinthe.com\/wordpress\/wp-content\/uploads\/2023\/09\/programme2-1280x955.png 1280w, https:\/\/lafilledecorinthe.com\/wordpress\/wp-content\/uploads\/2023\/09\/programme2-402x300.png 402w\" sizes=\"auto, (max-width: 1536px) 100vw, 1536px\" \/><\/figure>\n<\/div>\n\n\n<p><\/p>\n\n\n\n<p><strong>D&rsquo;une image \u00e0 l&rsquo;autre &#8230;<\/strong><\/p>\n\n\n<div class=\"wp-block-image\">\n<figure class=\"aligncenter\"><a href=\"https:\/\/lafilledecorinthe.com\/wordpress\/wp-content\/uploads\/2023\/09\/Roper-Abbott.png\"><img loading=\"lazy\" decoding=\"async\" width=\"2036\" height=\"696\" src=\"https:\/\/lafilledecorinthe.com\/wordpress\/wp-content\/uploads\/2023\/09\/Roper-Abbott.png\" alt=\"Roper Abbott\" class=\"wp-image-12946\" srcset=\"https:\/\/lafilledecorinthe.com\/wordpress\/wp-content\/uploads\/2023\/09\/Roper-Abbott.png 2036w, https:\/\/lafilledecorinthe.com\/wordpress\/wp-content\/uploads\/2023\/09\/Roper-Abbott-680x232.png 680w, https:\/\/lafilledecorinthe.com\/wordpress\/wp-content\/uploads\/2023\/09\/Roper-Abbott-1280x438.png 1280w, https:\/\/lafilledecorinthe.com\/wordpress\/wp-content\/uploads\/2023\/09\/Roper-Abbott-500x171.png 500w\" sizes=\"auto, (max-width: 2036px) 100vw, 2036px\" \/><\/a><figcaption class=\"wp-element-caption\">Collage de Sarah Roper \/ Manhattan Skyline 1, Berenice Abbott, 1936<\/figcaption><\/figure>\n<\/div>\n\n<div class=\"wp-block-image\">\n<figure class=\"aligncenter\"><a href=\"https:\/\/lafilledecorinthe.com\/wordpress\/wp-content\/uploads\/2023\/09\/fuse\u0301e.png\"><img loading=\"lazy\" decoding=\"async\" width=\"1484\" height=\"704\" src=\"https:\/\/lafilledecorinthe.com\/wordpress\/wp-content\/uploads\/2023\/09\/fuse\u0301e.png\" alt=\"fuse\u0301e\" class=\"wp-image-12953\" srcset=\"https:\/\/lafilledecorinthe.com\/wordpress\/wp-content\/uploads\/2023\/09\/fuse\u0301e.png 1484w, https:\/\/lafilledecorinthe.com\/wordpress\/wp-content\/uploads\/2023\/09\/fuse\u0301e-680x323.png 680w, https:\/\/lafilledecorinthe.com\/wordpress\/wp-content\/uploads\/2023\/09\/fuse\u0301e-1280x607.png 1280w, https:\/\/lafilledecorinthe.com\/wordpress\/wp-content\/uploads\/2023\/09\/fuse\u0301e-500x237.png 500w\" sizes=\"auto, (max-width: 1484px) 100vw, 1484px\" \/><\/a><figcaption class=\"wp-element-caption\">Dessin pr\u00e9paratoire de Nick Park et illustration de Henri de Montaut pour le roman de Jules Verne, De la terre \u00e0 la lune<\/figcaption><\/figure>\n<\/div>\n\n<div class=\"wp-block-image\">\n<figure class=\"aligncenter\"><a href=\"https:\/\/lafilledecorinthe.com\/wordpress\/wp-content\/uploads\/2023\/09\/Capture-d\u2019e\u0301cran-2023-11-28-a\u0300-11.34.10.png\"><img loading=\"lazy\" decoding=\"async\" width=\"2080\" height=\"648\" src=\"https:\/\/lafilledecorinthe.com\/wordpress\/wp-content\/uploads\/2023\/09\/Capture-d\u2019e\u0301cran-2023-11-28-a\u0300-11.34.10.png\" alt=\"Capture d\u2019e\u0301cran 2023-11-28 a\u0300 11.34.10\" class=\"wp-image-12955\" srcset=\"https:\/\/lafilledecorinthe.com\/wordpress\/wp-content\/uploads\/2023\/09\/Capture-d\u2019e\u0301cran-2023-11-28-a\u0300-11.34.10.png 2080w, https:\/\/lafilledecorinthe.com\/wordpress\/wp-content\/uploads\/2023\/09\/Capture-d\u2019e\u0301cran-2023-11-28-a\u0300-11.34.10-680x212.png 680w, https:\/\/lafilledecorinthe.com\/wordpress\/wp-content\/uploads\/2023\/09\/Capture-d\u2019e\u0301cran-2023-11-28-a\u0300-11.34.10-1280x399.png 1280w, https:\/\/lafilledecorinthe.com\/wordpress\/wp-content\/uploads\/2023\/09\/Capture-d\u2019e\u0301cran-2023-11-28-a\u0300-11.34.10-500x156.png 500w\" sizes=\"auto, (max-width: 2080px) 100vw, 2080px\" \/><\/a><figcaption class=\"wp-element-caption\">illustrations de Ezra Jack Keats, de Natalia Chernysheva et des studios Aardman<\/figcaption><\/figure>\n<\/div>","protected":false},"excerpt":{"rendered":"<p>Projection et formation en ligneMercredi 18 octobre 2023 Documents \u00e0 t\u00e9l\u00e9charger :&nbsp;Dossier de pre\u0301sentation,&nbsp;fiche film,&nbsp;Bibliographie-sitographie&nbsp;La Petite Taupe,&nbsp;Dans quel ordre la Petite Taupe a rencontre\u0301 les animaux,&nbsp;Images se\u0301quentielles,&nbsp;cadrage,&nbsp;Le troc de la Petite Taupe,&nbsp;Compare ces deux tapisseries&nbsp;et aussi ici \u00a0Studio des ursulinesMardi 28 novembre 2023Avec l&rsquo;\u00e9quipe d&rsquo;\u00a0Enfances au Cin\u00e9ma Documents \u00e0 t\u00e9l\u00e9charger :&nbsp;Fiche film,&nbsp;les autres documents sont&#8230;<\/p>\n","protected":false},"author":2,"featured_media":12714,"comment_status":"open","ping_status":"open","sticky":false,"template":"","format":"standard","meta":{"_kad_post_transparent":"","_kad_post_title":"","_kad_post_layout":"","_kad_post_sidebar_id":"","_kad_post_content_style":"","_kad_post_vertical_padding":"","_kad_post_feature":"","_kad_post_feature_position":"","_kad_post_header":false,"_kad_post_footer":false,"_kad_post_classname":"","footnotes":""},"categories":[8],"tags":[2332,353,2333,2038,354,2369],"class_list":["post-12710","post","type-post","status-publish","format-standard","has-post-thumbnail","hentry","category-formations-adultes","tag-2023-2024","tag-enfances-au-cinema","tag-la-peite-taupe","tag-le-grand-dehors","tag-mon-premier-cinema","tag-pas-a-pas"],"_links":{"self":[{"href":"https:\/\/lafilledecorinthe.com\/wordpress\/wp-json\/wp\/v2\/posts\/12710","targetHints":{"allow":["GET"]}}],"collection":[{"href":"https:\/\/lafilledecorinthe.com\/wordpress\/wp-json\/wp\/v2\/posts"}],"about":[{"href":"https:\/\/lafilledecorinthe.com\/wordpress\/wp-json\/wp\/v2\/types\/post"}],"author":[{"embeddable":true,"href":"https:\/\/lafilledecorinthe.com\/wordpress\/wp-json\/wp\/v2\/users\/2"}],"replies":[{"embeddable":true,"href":"https:\/\/lafilledecorinthe.com\/wordpress\/wp-json\/wp\/v2\/comments?post=12710"}],"version-history":[{"count":10,"href":"https:\/\/lafilledecorinthe.com\/wordpress\/wp-json\/wp\/v2\/posts\/12710\/revisions"}],"predecessor-version":[{"id":14439,"href":"https:\/\/lafilledecorinthe.com\/wordpress\/wp-json\/wp\/v2\/posts\/12710\/revisions\/14439"}],"wp:featuredmedia":[{"embeddable":true,"href":"https:\/\/lafilledecorinthe.com\/wordpress\/wp-json\/wp\/v2\/media\/12714"}],"wp:attachment":[{"href":"https:\/\/lafilledecorinthe.com\/wordpress\/wp-json\/wp\/v2\/media?parent=12710"}],"wp:term":[{"taxonomy":"category","embeddable":true,"href":"https:\/\/lafilledecorinthe.com\/wordpress\/wp-json\/wp\/v2\/categories?post=12710"},{"taxonomy":"post_tag","embeddable":true,"href":"https:\/\/lafilledecorinthe.com\/wordpress\/wp-json\/wp\/v2\/tags?post=12710"}],"curies":[{"name":"wp","href":"https:\/\/api.w.org\/{rel}","templated":true}]}}