{"id":12698,"date":"2024-01-18T21:27:18","date_gmt":"2024-01-18T20:27:18","guid":{"rendered":"http:\/\/lafilledecorinthe.com\/wordpress\/?p=12698"},"modified":"2025-11-28T20:40:13","modified_gmt":"2025-11-28T19:40:13","slug":"et-si-avec-la-petite-ecole-de-cinema-76","status":"publish","type":"post","link":"https:\/\/lafilledecorinthe.com\/wordpress\/2024\/01\/et-si-avec-la-petite-ecole-de-cinema-76\/","title":{"rendered":"\u00ab\u00a0Et si &#8230; ?\u00a0\u00bb avec La Petite \u00c9cole de Cin\u00e9ma (76)"},"content":{"rendered":"\n<p><\/p>\n\n\n\n<blockquote class=\"wp-block-quote is-layout-flow wp-block-quote-is-layout-flow\">\n<p class=\"blockquote-text\"><em>Nous tous &#8211; adultes et enfants, \u00e9crivains et lecteurs &#8211; nous avons l\u2019obligation de r\u00eaver. Une obligation d\u2019imaginer. Il est facile de se conduire comme si personne ne pouvait rien changer, comme si nous \u00e9tions dans un monde o\u00f9 la soci\u00e9t\u00e9 est \u00e9norme et l\u2019individu moins que rien; un atome dans un mur, un grain de riz dans un champ. Mais la v\u00e9rit\u00e9, c\u2019est que les individus changent sans cesse leur monde, les individus fabriquent l\u2019avenir, et ils le font en imaginant que les choses peuvent \u00eatre diff\u00e9rentes.<\/em><\/p>\n\n\n\n<p class=\"blockquote-text\"><em>Pourquoi notre futur d\u00e9pend des biblioth\u00e8ques, de la lecture, et de l\u2019imagination,\u00a0<\/em>Neil Gaiman, Au diable Vauvert, 2013<\/p>\n<\/blockquote>\n\n\n\n<p><em><strong>Et si &#8230; ?<\/strong><\/em><br><em>S\u00e9ance introductive\u00a0au dispositif <a href=\"https:\/\/www.havredecine.fr\/petite-%C3%A9cole-de-cin%C3%A9ma\" target=\"_blank\" rel=\"noopener\">La Petite \u00c9cole de Cin\u00e9ma<\/a><\/em><br><em>Douze<\/em>\u00a0classes de la communaut\u00e9 Seine M\u00e9tropole<br>Du 9 au 17 novembre 2023<\/p>\n\n\n\n<p>Ce qu&rsquo;il y a de beau dans le principe de cette question <em>Et si&#8230; ?<\/em> c&rsquo;est qu&rsquo;elle nous donne l&rsquo;avant-go\u00fbt d&rsquo;un avenir diff\u00e9rent.&nbsp;La parole est aux enfants qui&nbsp;ont&nbsp;jou\u00e9 avec&nbsp;l&rsquo;id\u00e9e du possible. Petit floril\u00e8ge &#8230;<\/p>\n\n\n\n<p><em>Et si on pouvait se t\u00e9l\u00e9porter ?<a href=\"https:\/\/lafilledecorinthe.com\/wordpress\/wp-content\/uploads\/2023\/11\/In-the-street.png\">&nbsp;<\/a>Et si la mort n&rsquo;existait pas ? Et si on voyageait dans le temps&nbsp;? &nbsp;Et si&nbsp;tous les pays \u00e9taient amis ? Et si on faisait tout ce qu&rsquo;on voulait ? Et si on prenait soin de la nature ?&nbsp;Et si&nbsp;tout le monde avait de l&rsquo;argent&nbsp;?&nbsp;Et si on jouait au foot ? Et si on avait des voitures volantes ? Et si on \u00e9tait tous des rois et des reines ? Et si tout le monde avait de la chance ? Et si tous les enfants pouvaient aller \u00e0 l&rsquo;\u00e9cole ? Et si on arr\u00eatait de polluer ? Et si le monde \u00e9tait \u00e0 l&rsquo;envers ? Et si les pauvres devenaient riches ? Et si on laissait vivre les arbres ?Et si tout le monde parlait la m\u00eame langue ? Et si on pouvait \u00eatre immortels ? Et si on mangeait les l\u00e9gumes sans les \u00e9plucher ? Et si on avait des super-pouvoirs ? Et si on parlait toutes les langues ? Et si on recommen\u00e7ait \u00e0 z\u00e9ro ? Et si les Pok\u00e9mon existaient ? Et si on arr\u00eatait la maltraitance&nbsp;animale ? Et s&rsquo;il y avait moins de harc\u00e8lement \u00e0 l&rsquo;\u00e9cole ? Et si les mangas devenaient r\u00e9els ? Et si on avait des rem\u00e8des contre toutes les maladies ? Et si tous nos r\u00eaves devenaient r\u00e9alit\u00e9 ?&nbsp;<\/em><\/p>\n\n\n\n<p><em>Les enfants se sont ensuite confront\u00e9s \u00e0\u00a0un questionnement sur deux oeuvres et ont\u00a0partag\u00e9 leurs points de vue.<\/em><br><em><b><i>Et si les enfants \u00e9taient libres de jouer dans la rue ?<\/i><\/b><\/em><\/p>\n\n\n<div class=\"wp-block-image\">\n<figure class=\"aligncenter\"><a href=\"https:\/\/lafilledecorinthe.com\/wordpress\/wp-content\/uploads\/2024\/01\/Helen-Levitt.png\"><img loading=\"lazy\" decoding=\"async\" width=\"1778\" height=\"686\" src=\"https:\/\/lafilledecorinthe.com\/wordpress\/wp-content\/uploads\/2024\/01\/Helen-Levitt.png\" alt=\"Helen Levitt\" class=\"wp-image-13049\" srcset=\"https:\/\/lafilledecorinthe.com\/wordpress\/wp-content\/uploads\/2024\/01\/Helen-Levitt.png 1778w, https:\/\/lafilledecorinthe.com\/wordpress\/wp-content\/uploads\/2024\/01\/Helen-Levitt-680x262.png 680w, https:\/\/lafilledecorinthe.com\/wordpress\/wp-content\/uploads\/2024\/01\/Helen-Levitt-1280x494.png 1280w, https:\/\/lafilledecorinthe.com\/wordpress\/wp-content\/uploads\/2024\/01\/Helen-Levitt-500x193.png 500w\" sizes=\"auto, (max-width: 1778px) 100vw, 1778px\" \/><\/a><figcaption class=\"wp-element-caption\"><em>Children chalk drawings on the streets of New York<\/em>, Helen Levitt, 1940<\/figcaption><\/figure>\n<\/div>\n\n\n<p class=\"p1\"><b><i>&nbsp; &nbsp; &nbsp; &nbsp; &nbsp; &nbsp;Et si on faisait un l\u00e2cher de vaches et de singes sur Paris ?<\/i><\/b><\/p>\n\n\n<div class=\"wp-block-image\">\n<figure class=\"aligncenter\"><a href=\"https:\/\/lafilledecorinthe.com\/wordpress\/wp-content\/uploads\/2024\/01\/Grand-Paris.jpg\"><img loading=\"lazy\" decoding=\"async\" width=\"1564\" height=\"686\" src=\"https:\/\/lafilledecorinthe.com\/wordpress\/wp-content\/uploads\/2024\/01\/Grand-Paris.jpg\" alt=\"Grand Paris\" class=\"wp-image-13051\" srcset=\"https:\/\/lafilledecorinthe.com\/wordpress\/wp-content\/uploads\/2024\/01\/Grand-Paris.jpg 1564w, https:\/\/lafilledecorinthe.com\/wordpress\/wp-content\/uploads\/2024\/01\/Grand-Paris-680x298.jpg 680w, https:\/\/lafilledecorinthe.com\/wordpress\/wp-content\/uploads\/2024\/01\/Grand-Paris-1280x561.jpg 1280w, https:\/\/lafilledecorinthe.com\/wordpress\/wp-content\/uploads\/2024\/01\/Grand-Paris-500x219.jpg 500w\" sizes=\"auto, (max-width: 1564px) 100vw, 1564px\" \/><\/a><figcaption class=\"wp-element-caption\"><em>Projet du grand Paris<\/em>, Stefano Boeri, Andrea Branzi, 2008<\/figcaption><\/figure>\n<\/div>\n\n\n<p class=\"p1\">Puis ils ont d\u00e9couvert deux extraits de films en portant leur attention sur les enfants acteurs&#8230;<\/p>\n\n\n\n<p class=\"p1\"><b><i>&nbsp; &nbsp; &nbsp; &nbsp; &nbsp; &nbsp; &#8230; Et si on jouait \u00e0 \u00ab&nbsp;faire semblant&nbsp;\u00bb ?<\/i><\/b><\/p>\n\n\n<div class=\"wp-block-image wp-image-13060 size-full\">\n<figure class=\"aligncenter\"><img loading=\"lazy\" decoding=\"async\" width=\"1732\" height=\"686\" src=\"https:\/\/lafilledecorinthe.com\/wordpress\/wp-content\/uploads\/2024\/01\/ruche.jpg\" alt=\"ruche\" class=\"wp-image-13060\" srcset=\"https:\/\/lafilledecorinthe.com\/wordpress\/wp-content\/uploads\/2024\/01\/ruche.jpg 1732w, https:\/\/lafilledecorinthe.com\/wordpress\/wp-content\/uploads\/2024\/01\/ruche-680x269.jpg 680w, https:\/\/lafilledecorinthe.com\/wordpress\/wp-content\/uploads\/2024\/01\/ruche-1280x507.jpg 1280w, https:\/\/lafilledecorinthe.com\/wordpress\/wp-content\/uploads\/2024\/01\/ruche-500x198.jpg 500w\" sizes=\"auto, (max-width: 1732px) 100vw, 1732px\" \/><figcaption class=\"wp-element-caption\"><em>L\u2019esprit de la ruche<\/em>, Victor Erice, 1973<\/figcaption><\/figure>\n<\/div>\n\n<div class=\"wp-block-image\">\n<figure class=\"aligncenter\"><a href=\"https:\/\/lafilledecorinthe.com\/wordpress\/wp-content\/uploads\/2024\/01\/Le-monde-vivant.png\"><img loading=\"lazy\" decoding=\"async\" width=\"1498\" height=\"686\" src=\"https:\/\/lafilledecorinthe.com\/wordpress\/wp-content\/uploads\/2024\/01\/Le-monde-vivant.png\" alt=\"Le monde vivant\" class=\"wp-image-13061\" srcset=\"https:\/\/lafilledecorinthe.com\/wordpress\/wp-content\/uploads\/2024\/01\/Le-monde-vivant.png 1498w, https:\/\/lafilledecorinthe.com\/wordpress\/wp-content\/uploads\/2024\/01\/Le-monde-vivant-680x311.png 680w, https:\/\/lafilledecorinthe.com\/wordpress\/wp-content\/uploads\/2024\/01\/Le-monde-vivant-1280x586.png 1280w, https:\/\/lafilledecorinthe.com\/wordpress\/wp-content\/uploads\/2024\/01\/Le-monde-vivant-500x229.png 500w\" sizes=\"auto, (max-width: 1498px) 100vw, 1498px\" \/><\/a><figcaption class=\"wp-element-caption\"><em>Le monde vivant<\/em>, Eug\u00e8ne Green, 2003<\/figcaption><\/figure>\n<\/div>\n\n\n<p>Enfin, les enfants ont cr\u00e9\u00e9 collectivement un po\u00e8me absurde \u00e0 partir de l&rsquo;album&nbsp;<em>Si j&rsquo;avais une girafe<\/em>&nbsp;de&nbsp;Shel Silverstein. Vive le nonsense anglais !<\/p>\n\n\n<div class=\"wp-block-image\">\n<figure class=\"aligncenter\"><a href=\"https:\/\/lafilledecorinthe.com\/wordpress\/wp-content\/uploads\/2024\/01\/Capture-d\u2019e\u0301cran-2024-01-18-a\u0300-20.51.48.png\"><img loading=\"lazy\" decoding=\"async\" width=\"1366\" height=\"686\" src=\"https:\/\/lafilledecorinthe.com\/wordpress\/wp-content\/uploads\/2024\/01\/Capture-d\u2019e\u0301cran-2024-01-18-a\u0300-20.51.48.png\" alt=\"Capture d\u2019e\u0301cran 2024-01-18 a\u0300 20.51.48\" class=\"wp-image-13065\" srcset=\"https:\/\/lafilledecorinthe.com\/wordpress\/wp-content\/uploads\/2024\/01\/Capture-d\u2019e\u0301cran-2024-01-18-a\u0300-20.51.48.png 1366w, https:\/\/lafilledecorinthe.com\/wordpress\/wp-content\/uploads\/2024\/01\/Capture-d\u2019e\u0301cran-2024-01-18-a\u0300-20.51.48-680x341.png 680w, https:\/\/lafilledecorinthe.com\/wordpress\/wp-content\/uploads\/2024\/01\/Capture-d\u2019e\u0301cran-2024-01-18-a\u0300-20.51.48-1280x643.png 1280w, https:\/\/lafilledecorinthe.com\/wordpress\/wp-content\/uploads\/2024\/01\/Capture-d\u2019e\u0301cran-2024-01-18-a\u0300-20.51.48-500x251.png 500w\" sizes=\"auto, (max-width: 1366px) 100vw, 1366px\" \/><\/a><figcaption class=\"wp-element-caption\">Si j&rsquo;avais une girafe, Shel Silverstein, 2016 (\u00e9dition fran\u00e7aise)<\/figcaption><\/figure>\n<\/div>\n\n<div class=\"wp-block-image\">\n<figure class=\"aligncenter\"><img loading=\"lazy\" decoding=\"async\" width=\"1900\" height=\"686\" src=\"https:\/\/lafilledecorinthe.com\/wordpress\/wp-content\/uploads\/2024\/01\/girafe2.png\" alt=\"girafe2\" class=\"wp-image-13066\" srcset=\"https:\/\/lafilledecorinthe.com\/wordpress\/wp-content\/uploads\/2024\/01\/girafe2.png 1900w, https:\/\/lafilledecorinthe.com\/wordpress\/wp-content\/uploads\/2024\/01\/girafe2-680x246.png 680w, https:\/\/lafilledecorinthe.com\/wordpress\/wp-content\/uploads\/2024\/01\/girafe2-1280x462.png 1280w, https:\/\/lafilledecorinthe.com\/wordpress\/wp-content\/uploads\/2024\/01\/girafe2-500x181.png 500w\" sizes=\"auto, (max-width: 1900px) 100vw, 1900px\" \/><\/figure>\n<\/div>\n\n\n<p><\/p>\n\n\n<div class=\"wp-block-image\">\n<figure class=\"aligncenter\"><a href=\"https:\/\/lafilledecorinthe.com\/wordpress\/wp-content\/uploads\/2024\/01\/poe\u0300me1A.png\"><img loading=\"lazy\" decoding=\"async\" width=\"1630\" height=\"688\" src=\"https:\/\/lafilledecorinthe.com\/wordpress\/wp-content\/uploads\/2024\/01\/poe\u0300me1A.png\" alt=\"poe\u0300me1A\" class=\"wp-image-13067\" srcset=\"https:\/\/lafilledecorinthe.com\/wordpress\/wp-content\/uploads\/2024\/01\/poe\u0300me1A.png 1630w, https:\/\/lafilledecorinthe.com\/wordpress\/wp-content\/uploads\/2024\/01\/poe\u0300me1A-680x287.png 680w, https:\/\/lafilledecorinthe.com\/wordpress\/wp-content\/uploads\/2024\/01\/poe\u0300me1A-1280x540.png 1280w, https:\/\/lafilledecorinthe.com\/wordpress\/wp-content\/uploads\/2024\/01\/poe\u0300me1A-500x211.png 500w\" sizes=\"auto, (max-width: 1630px) 100vw, 1630px\" \/><\/a><\/figure>\n<\/div>\n\n\n<p class=\"p1\"><\/p>\n\n\n<div class=\"wp-block-image\">\n<figure class=\"aligncenter\"><img loading=\"lazy\" decoding=\"async\" width=\"1980\" height=\"688\" src=\"https:\/\/lafilledecorinthe.com\/wordpress\/wp-content\/uploads\/2024\/01\/Girafe.jpg\" alt=\"Girafe\" class=\"wp-image-13078\" srcset=\"https:\/\/lafilledecorinthe.com\/wordpress\/wp-content\/uploads\/2024\/01\/Girafe.jpg 1980w, https:\/\/lafilledecorinthe.com\/wordpress\/wp-content\/uploads\/2024\/01\/Girafe-680x236.jpg 680w, https:\/\/lafilledecorinthe.com\/wordpress\/wp-content\/uploads\/2024\/01\/Girafe-1280x445.jpg 1280w, https:\/\/lafilledecorinthe.com\/wordpress\/wp-content\/uploads\/2024\/01\/Girafe-500x174.jpg 500w\" sizes=\"auto, (max-width: 1980px) 100vw, 1980px\" \/><\/figure>\n<\/div>\n\n\n<p class=\"p1\"><\/p>\n\n\n<div class=\"wp-block-image\">\n<figure class=\"aligncenter\"><a href=\"https:\/\/lafilledecorinthe.com\/wordpress\/wp-content\/uploads\/2024\/01\/production.png\"><img loading=\"lazy\" decoding=\"async\" width=\"2048\" height=\"702\" src=\"https:\/\/lafilledecorinthe.com\/wordpress\/wp-content\/uploads\/2024\/01\/production.png\" alt=\"production\" class=\"wp-image-13094\" srcset=\"https:\/\/lafilledecorinthe.com\/wordpress\/wp-content\/uploads\/2024\/01\/production.png 2048w, https:\/\/lafilledecorinthe.com\/wordpress\/wp-content\/uploads\/2024\/01\/production-680x233.png 680w, https:\/\/lafilledecorinthe.com\/wordpress\/wp-content\/uploads\/2024\/01\/production-1280x439.png 1280w, https:\/\/lafilledecorinthe.com\/wordpress\/wp-content\/uploads\/2024\/01\/production-500x171.png 500w\" sizes=\"auto, (max-width: 2048px) 100vw, 2048px\" \/><\/a><\/figure>\n<\/div>\n\n\n<p class=\"p1\"><\/p>\n\n\n<div class=\"wp-block-image\">\n<figure class=\"aligncenter\"><a href=\"https:\/\/lafilledecorinthe.com\/wordpress\/wp-content\/uploads\/2024\/01\/poe\u0300me5.png\"><img loading=\"lazy\" decoding=\"async\" width=\"1332\" height=\"652\" src=\"https:\/\/lafilledecorinthe.com\/wordpress\/wp-content\/uploads\/2024\/01\/poe\u0300me5.png\" alt=\"poe\u0300me5\" class=\"wp-image-13096\" srcset=\"https:\/\/lafilledecorinthe.com\/wordpress\/wp-content\/uploads\/2024\/01\/poe\u0300me5.png 1332w, https:\/\/lafilledecorinthe.com\/wordpress\/wp-content\/uploads\/2024\/01\/poe\u0300me5-680x333.png 680w, https:\/\/lafilledecorinthe.com\/wordpress\/wp-content\/uploads\/2024\/01\/poe\u0300me5-1280x627.png 1280w, https:\/\/lafilledecorinthe.com\/wordpress\/wp-content\/uploads\/2024\/01\/poe\u0300me5-500x245.png 500w\" sizes=\"auto, (max-width: 1332px) 100vw, 1332px\" \/><\/a><\/figure>\n<\/div>\n\n\n<p class=\"p1\"><\/p>\n","protected":false},"excerpt":{"rendered":"<p>Nous tous &#8211; adultes et enfants, \u00e9crivains et lecteurs &#8211; nous avons l\u2019obligation de r\u00eaver. Une obligation d\u2019imaginer. Il est facile de se conduire comme si personne ne pouvait rien changer, comme si nous \u00e9tions dans un monde o\u00f9 la soci\u00e9t\u00e9 est \u00e9norme et l\u2019individu moins que rien; un atome dans un mur, un grain&#8230;<\/p>\n","protected":false},"author":2,"featured_media":13045,"comment_status":"open","ping_status":"open","sticky":false,"template":"","format":"standard","meta":{"_kad_post_transparent":"","_kad_post_title":"","_kad_post_layout":"","_kad_post_sidebar_id":"","_kad_post_content_style":"","_kad_post_vertical_padding":"","_kad_post_feature":"","_kad_post_feature_position":"","_kad_post_header":false,"_kad_post_footer":false,"_kad_post_classname":"","footnotes":""},"categories":[7],"tags":[2389,2385,2391,1676,2387,2163,2386,1766,2388,2390],"class_list":["post-12698","post","type-post","status-publish","format-standard","has-post-thumbnail","hentry","category-ateliers-enfants","tag-andrea-branzi","tag-et-si","tag-eugene-green","tag-havre-de-cinema","tag-helen-levitt","tag-la-petite-ecole-de-cinema","tag-seine-metropole","tag-shel-silverstein","tag-stefano-boeri","tag-victor-erice"],"_links":{"self":[{"href":"https:\/\/lafilledecorinthe.com\/wordpress\/wp-json\/wp\/v2\/posts\/12698","targetHints":{"allow":["GET"]}}],"collection":[{"href":"https:\/\/lafilledecorinthe.com\/wordpress\/wp-json\/wp\/v2\/posts"}],"about":[{"href":"https:\/\/lafilledecorinthe.com\/wordpress\/wp-json\/wp\/v2\/types\/post"}],"author":[{"embeddable":true,"href":"https:\/\/lafilledecorinthe.com\/wordpress\/wp-json\/wp\/v2\/users\/2"}],"replies":[{"embeddable":true,"href":"https:\/\/lafilledecorinthe.com\/wordpress\/wp-json\/wp\/v2\/comments?post=12698"}],"version-history":[{"count":26,"href":"https:\/\/lafilledecorinthe.com\/wordpress\/wp-json\/wp\/v2\/posts\/12698\/revisions"}],"predecessor-version":[{"id":14252,"href":"https:\/\/lafilledecorinthe.com\/wordpress\/wp-json\/wp\/v2\/posts\/12698\/revisions\/14252"}],"wp:featuredmedia":[{"embeddable":true,"href":"https:\/\/lafilledecorinthe.com\/wordpress\/wp-json\/wp\/v2\/media\/13045"}],"wp:attachment":[{"href":"https:\/\/lafilledecorinthe.com\/wordpress\/wp-json\/wp\/v2\/media?parent=12698"}],"wp:term":[{"taxonomy":"category","embeddable":true,"href":"https:\/\/lafilledecorinthe.com\/wordpress\/wp-json\/wp\/v2\/categories?post=12698"},{"taxonomy":"post_tag","embeddable":true,"href":"https:\/\/lafilledecorinthe.com\/wordpress\/wp-json\/wp\/v2\/tags?post=12698"}],"curies":[{"name":"wp","href":"https:\/\/api.w.org\/{rel}","templated":true}]}}