{"id":12694,"date":"2023-09-01T10:50:55","date_gmt":"2023-09-01T09:50:55","guid":{"rendered":"http:\/\/lafilledecorinthe.com\/wordpress\/?p=12694"},"modified":"2025-12-07T11:27:18","modified_gmt":"2025-12-07T10:27:18","slug":"jim-de-francois-schuiten","status":"publish","type":"post","link":"https:\/\/lafilledecorinthe.com\/wordpress\/2023\/09\/jim-de-francois-schuiten\/","title":{"rendered":"Jim de Fran\u00e7ois Schuiten&#8230;"},"content":{"rendered":"<div class=\"wp-block-image\">\n<figure class=\"aligncenter\"><a href=\"https:\/\/lafilledecorinthe.com\/wordpress\/wp-content\/uploads\/2023\/09\/schuiten_et_peeters_-_by_luca_lomazzi_-9741.jpeg\"><img loading=\"lazy\" decoding=\"async\" width=\"900\" height=\"600\" src=\"https:\/\/lafilledecorinthe.com\/wordpress\/wp-content\/uploads\/2023\/09\/schuiten_et_peeters_-_by_luca_lomazzi_-9741.jpeg\" alt=\"schuiten_et_peeters_-_by_luca_lomazzi_-9741\" class=\"wp-image-12699\" srcset=\"https:\/\/lafilledecorinthe.com\/wordpress\/wp-content\/uploads\/2023\/09\/schuiten_et_peeters_-_by_luca_lomazzi_-9741.jpeg 900w, https:\/\/lafilledecorinthe.com\/wordpress\/wp-content\/uploads\/2023\/09\/schuiten_et_peeters_-_by_luca_lomazzi_-9741-680x453.jpeg 680w, https:\/\/lafilledecorinthe.com\/wordpress\/wp-content\/uploads\/2023\/09\/schuiten_et_peeters_-_by_luca_lomazzi_-9741-450x300.jpeg 450w\" sizes=\"auto, (max-width: 900px) 100vw, 900px\" \/><\/a><figcaption class=\"wp-element-caption\">Fran\u00e7ois Schuiten et Beno\u00eet Peeters r\u00e9pondent aux questions d&rsquo;Adrien Genoudet au centre Wallonie-Bruxelles, le 18 novembre 2016\u00a0 \u00a0 \u00a0 \u00a0 \u00a0 \u00a0 \u00a0 \u00a0 \u00a0 \u00a0 \u00a0 \u00a0 \u00a0 \u00a0 \u00a0 \u00a0 \u00a0 \u00a0 \u00a0 \u00a0 \u00a0 \u00a0 \u00a0 \u00a0Photo de Luca Lomazzi<\/figcaption><\/figure>\n<\/div>\n\n\n<p>Lors de cette <a href=\"https:\/\/lafilledecorinthe.com\/wordpress\/2016\/11\/rencontre-avec-francois-schuiten-et-benoit-peeters\/\" target=\"_blank\" rel=\"noopener\">rencontre<\/a> nous \u00e9tions dans la salle et si nous \u00e9tions attentifs aux \u00e9changes captivants entre&nbsp;les trois interlocuteurs, ce dont je me souviens c&rsquo;est de la pr\u00e9sence du chien de Fran\u00e7ois Schuiten \u00e0 ses c\u00f4t\u00e9s. La complicit\u00e9 entre ces deux l\u00e0 \u00e9tait palpable et je ne pouvais m&#8217;emp\u00eacher de penser \u00e0 tous les chiens somm\u00e9s de rester \u00e0 la maison pendant que leur ma\u00eetre vaque \u00e0 leurs occupations.&nbsp; &nbsp; &nbsp; &nbsp; &nbsp; &nbsp; &nbsp; &nbsp; &nbsp; &nbsp; &nbsp; &nbsp; &nbsp; &nbsp; &nbsp; &nbsp; &nbsp; &nbsp; &nbsp; &nbsp; &nbsp; &nbsp; &nbsp; &nbsp; &nbsp; &nbsp; &nbsp; &nbsp; &nbsp; &nbsp; &nbsp; &nbsp; &nbsp; &nbsp; &nbsp; &nbsp; &nbsp; &nbsp; &nbsp; &nbsp; &nbsp; &nbsp; &nbsp; &nbsp; Jim, magnifique Flat Coated Retrievers, avait 6 ans \u00e0 cette \u00e9poque et tenait sa place avec un naturel stup\u00e9fiant.<\/p>\n\n\n<div class=\"wp-block-image\">\n<figure class=\"aligncenter\"><a href=\"https:\/\/lafilledecorinthe.com\/wordpress\/wp-content\/uploads\/2023\/09\/Capture-d\u2019e\u0301cran-2023-09-01-a\u0300-11.16.png\"><img loading=\"lazy\" decoding=\"async\" width=\"1976\" height=\"832\" src=\"https:\/\/lafilledecorinthe.com\/wordpress\/wp-content\/uploads\/2023\/09\/Capture-d\u2019e\u0301cran-2023-09-01-a\u0300-11.16.png\" alt=\"Capture d\u2019e\u0301cran 2023-09-01 a\u0300 11.16\" class=\"wp-image-12702\" srcset=\"https:\/\/lafilledecorinthe.com\/wordpress\/wp-content\/uploads\/2023\/09\/Capture-d\u2019e\u0301cran-2023-09-01-a\u0300-11.16.png 1976w, https:\/\/lafilledecorinthe.com\/wordpress\/wp-content\/uploads\/2023\/09\/Capture-d\u2019e\u0301cran-2023-09-01-a\u0300-11.16-680x286.png 680w, https:\/\/lafilledecorinthe.com\/wordpress\/wp-content\/uploads\/2023\/09\/Capture-d\u2019e\u0301cran-2023-09-01-a\u0300-11.16-1280x539.png 1280w, https:\/\/lafilledecorinthe.com\/wordpress\/wp-content\/uploads\/2023\/09\/Capture-d\u2019e\u0301cran-2023-09-01-a\u0300-11.16-500x211.png 500w\" sizes=\"auto, (max-width: 1976px) 100vw, 1976px\" \/><\/a><figcaption class=\"wp-element-caption\">Jim, Fran\u00e7ois Schuiten, Rue de S\u00e8vres, 2023<\/figcaption><\/figure>\n<\/div>\n\n\n<p>Sept ans plus tard, Jim n&rsquo;est plus.&nbsp;Vivre&nbsp;sans sa pr\u00e9sence est un d\u00e9fi terrible pour Fran\u00e7ois Schuiten. Ses outils de dessinateur ont \u00e9t\u00e9 ses premiers consolateurs.&nbsp; &nbsp; &nbsp; &nbsp; &nbsp; &nbsp; &nbsp; &nbsp; &nbsp; &nbsp; &nbsp; &nbsp; &nbsp; &nbsp; <em>Face \u00e0 cette disparition, dans les heures qui suivirent, je n&rsquo;ai eu qu&rsquo;un seul d\u00e9sir, le dessiner&#8230; comme pour le garder encore un peu<\/em>, nous dit-il dans la <em>Lettre d&rsquo;amour \u00e0 mon chien&nbsp;<\/em>qui ouvre le magnifique livre qu&rsquo;il vient de consacrer \u00e0 son compagnon. Ses dessins en noir et blanc qui font vibrer le pelage de Jim&nbsp;t\u00e9moignent de cet immense amour qu&rsquo;il ressentait pour lui et nous invitent \u00e0 partager les sentiments qui l&rsquo;animent. Des mots simples et puissants accompagnent chaque dessin. Une oeuvre incontournable.<\/p>\n","protected":false},"excerpt":{"rendered":"<p>Lors de cette rencontre nous \u00e9tions dans la salle et si nous \u00e9tions attentifs aux \u00e9changes captivants entre&nbsp;les trois interlocuteurs, ce dont je me souviens c&rsquo;est de la pr\u00e9sence du chien de Fran\u00e7ois Schuiten \u00e0 ses c\u00f4t\u00e9s. La complicit\u00e9 entre ces deux l\u00e0 \u00e9tait palpable et je ne pouvais m&#8217;emp\u00eacher de penser \u00e0 tous les&#8230;<\/p>\n","protected":false},"author":2,"featured_media":12699,"comment_status":"open","ping_status":"open","sticky":false,"template":"","format":"standard","meta":{"_kad_post_transparent":"","_kad_post_title":"","_kad_post_layout":"","_kad_post_sidebar_id":"","_kad_post_content_style":"","_kad_post_vertical_padding":"","_kad_post_feature":"","_kad_post_feature_position":"","_kad_post_header":false,"_kad_post_footer":false,"_kad_post_classname":"","footnotes":""},"categories":[14],"tags":[1367,2331,669],"class_list":["post-12694","post","type-post","status-publish","format-standard","has-post-thumbnail","hentry","category-decouvertes-artistes","tag-francois-schuiten","tag-jim","tag-rue-de-sevres"],"_links":{"self":[{"href":"https:\/\/lafilledecorinthe.com\/wordpress\/wp-json\/wp\/v2\/posts\/12694","targetHints":{"allow":["GET"]}}],"collection":[{"href":"https:\/\/lafilledecorinthe.com\/wordpress\/wp-json\/wp\/v2\/posts"}],"about":[{"href":"https:\/\/lafilledecorinthe.com\/wordpress\/wp-json\/wp\/v2\/types\/post"}],"author":[{"embeddable":true,"href":"https:\/\/lafilledecorinthe.com\/wordpress\/wp-json\/wp\/v2\/users\/2"}],"replies":[{"embeddable":true,"href":"https:\/\/lafilledecorinthe.com\/wordpress\/wp-json\/wp\/v2\/comments?post=12694"}],"version-history":[{"count":10,"href":"https:\/\/lafilledecorinthe.com\/wordpress\/wp-json\/wp\/v2\/posts\/12694\/revisions"}],"predecessor-version":[{"id":14941,"href":"https:\/\/lafilledecorinthe.com\/wordpress\/wp-json\/wp\/v2\/posts\/12694\/revisions\/14941"}],"wp:featuredmedia":[{"embeddable":true,"href":"https:\/\/lafilledecorinthe.com\/wordpress\/wp-json\/wp\/v2\/media\/12699"}],"wp:attachment":[{"href":"https:\/\/lafilledecorinthe.com\/wordpress\/wp-json\/wp\/v2\/media?parent=12694"}],"wp:term":[{"taxonomy":"category","embeddable":true,"href":"https:\/\/lafilledecorinthe.com\/wordpress\/wp-json\/wp\/v2\/categories?post=12694"},{"taxonomy":"post_tag","embeddable":true,"href":"https:\/\/lafilledecorinthe.com\/wordpress\/wp-json\/wp\/v2\/tags?post=12694"}],"curies":[{"name":"wp","href":"https:\/\/api.w.org\/{rel}","templated":true}]}}