{"id":12688,"date":"2023-10-03T10:41:18","date_gmt":"2023-10-03T09:41:18","guid":{"rendered":"http:\/\/lafilledecorinthe.com\/wordpress\/?p=12688"},"modified":"2025-12-04T14:38:03","modified_gmt":"2025-12-04T13:38:03","slug":"la-belle-et-la-bete-ecole-et-cinema-94","status":"publish","type":"post","link":"https:\/\/lafilledecorinthe.com\/wordpress\/2023\/10\/la-belle-et-la-bete-ecole-et-cinema-94\/","title":{"rendered":"\u00ab\u00a0La Belle et la B\u00eate\u00a0\u00bb, \u00c9cole et Cin\u00e9ma 94"},"content":{"rendered":"<div class=\"wp-block-image\">\n<figure class=\"aligncenter\"><a href=\"https:\/\/lafilledecorinthe.com\/wordpress\/wp-content\/uploads\/2023\/10\/couv1.png\"><img loading=\"lazy\" decoding=\"async\" width=\"1000\" height=\"716\" src=\"https:\/\/lafilledecorinthe.com\/wordpress\/wp-content\/uploads\/2023\/10\/couv1.png\" alt=\"Extrait de l'illustration d'Alice Colson pour le dispositif &quot;\u00c9cole et Cin\u00e9ma&quot; cycle 2 du Val-de-Marne\" class=\"wp-image-12795\" srcset=\"https:\/\/lafilledecorinthe.com\/wordpress\/wp-content\/uploads\/2023\/10\/couv1.png 1000w, https:\/\/lafilledecorinthe.com\/wordpress\/wp-content\/uploads\/2023\/10\/couv1-680x487.png 680w, https:\/\/lafilledecorinthe.com\/wordpress\/wp-content\/uploads\/2023\/10\/couv1-419x300.png 419w\" sizes=\"auto, (max-width: 1000px) 100vw, 1000px\" \/><\/a><figcaption class=\"wp-element-caption\">Extrait de l&rsquo;illustration d&rsquo;Alice Colson pour le dispositif \u00ab\u00a0\u00c9cole et Cin\u00e9ma\u00a0\u00bb cycle 2 du Val-de-Marne<\/figcaption><\/figure>\n<\/div>\n\n\n<p>\u00ab\u00a0J&rsquo;ai toujours et depuis l&rsquo;enfance r\u00eav\u00e9 de <em>La Belle et la B\u00eate<\/em>. Le conte de madame Le Prince de Beaumont souvent attribu\u00e9 \u00e0 Perrault, voisinait avec les siens sous la prestigieuse couverture de la <em>Biblioth\u00e8que Rose<\/em>. Je voulais le dessiner, le peindre, le porter \u00e0 la sc\u00e8ne.&nbsp; En fin de compte le cin\u00e9matographe m&rsquo;apparut comme la seule machine capable de donner un corps \u00e0 mon r\u00eave. Il existe un style de conte de f\u00e9e, il est inimitable. Il importe de s&rsquo;y soumettre. Il me fallait donc une \u00e9quipe l\u00e9g\u00e8re, attentive, capable de comprendre que le myst\u00e8re a ses r\u00e8gles, que l&rsquo;invraisemblable exige une vraisemblance. Mon premier soin fut de la r\u00e9unir. Ensuite le travail devenait une f\u00eate de famille, un arbre de No\u00ebl d&rsquo;ombres et de lumi\u00e8res. Sans cette \u00e9quipe, sans B\u00e9rard et sans Auric je ne pouvais rien.\u00a0\u00bb<br>Jean Cocteau, texte publi\u00e9 dans la revue <em>Spectateur du 18 juin 1946<\/em><\/p>\n\n\n\n<p>\u00ab\u00a0Le privil\u00e8ge du cin\u00e9matographe c&rsquo;est qu&rsquo;il permet \u00e0 un grand nombre de personnes de r\u00eaver ensemble le m\u00eame r\u00eave&#8230;\u00a0\u00bb<br>Voix off de Jean Cocteau dans le g\u00e9n\u00e9rique de son film Le testament d&rsquo;Orph\u00e9e, 1959-1960<\/p>\n\n\n\n<p><strong>Projection-conf\u00e9rence :<br><\/strong><em>La Belle et la B\u00eate, <\/em>Jean Cocteau<em>, <\/em>1946<br>Les cin\u00e9mas du Palais \u00e0 Cr\u00e9teil<br>Mercredi 4 octobre 2023<\/p>\n\n\n\n<p><strong>Documents&nbsp;\u00e0 t\u00e9l\u00e9charger :&nbsp;<\/strong><a href=\"https:\/\/lafilledecorinthe.com\/wordpress\/wp-content\/uploads\/2023\/09\/Pour-aller-plus-loin-.pdf\">Pour aller plus loin<\/a>,<a href=\"https:\/\/lafilledecorinthe.com\/wordpress\/wp-content\/uploads\/2023\/09\/Des-come\u0301dien\u00b7-ne\u00b7-s-aux-personnages.pdf\">Des come\u0301dien\u00b7 ne\u00b7 s aux personnages<\/a>,&nbsp;<a href=\"https:\/\/lafilledecorinthe.com\/wordpress\/wp-content\/uploads\/2023\/09\/Les-diffe\u0301rents-visages-de-la-be\u0302te-.pdf\">Les diffe\u0301rents visages de la be\u0302te<\/a>,&nbsp;<a href=\"https:\/\/lafilledecorinthe.com\/wordpress\/wp-content\/uploads\/2023\/09\/La-fore\u0302t-de-Gustave-Dore\u0301-vue-par-Jean-Cocteau-.pdf\">La fore\u0302t de Gustave Dore\u0301 vue par Jean Cocteau<\/a>,&nbsp;<a href=\"https:\/\/lafilledecorinthe.com\/wordpress\/wp-content\/uploads\/2023\/09\/La-sce\u0300ne-des-draps-.pdf\">La sce\u0300ne des draps<\/a>,&nbsp;<a href=\"https:\/\/lafilledecorinthe.com\/wordpress\/wp-content\/uploads\/2023\/10\/Extrait-de-La-belle-et-la-Be\u0302te-journal-dun-film-.pdf\">Extrait de La belle et la Be\u0302te, journal d&rsquo;un film<\/a>,&nbsp;<a href=\"https:\/\/lafilledecorinthe.com\/wordpress\/wp-content\/uploads\/2023\/09\/Le-travail-en-studio-.pdf\">Le travail en studio<\/a>,&nbsp;<a href=\"https:\/\/lafilledecorinthe.com\/wordpress\/wp-content\/uploads\/2023\/09\/Le-gant.pdf\">Le gant<\/a>,&nbsp;<a href=\"https:\/\/lafilledecorinthe.com\/wordpress\/wp-content\/uploads\/2023\/09\/Le-miroir-.pdf\">Le miroir<\/a>,&nbsp;<a href=\"https:\/\/lafilledecorinthe.com\/wordpress\/wp-content\/uploads\/2023\/09\/Le-pavillon-de-Diane-.pdf\">Le pavillon de Diane<\/a>,&nbsp;<a href=\"https:\/\/lafilledecorinthe.com\/wordpress\/wp-content\/uploads\/2023\/09\/Dialogue-entre-Belle-et-le-Prince-.pdf\">Dialogue entre Belle et le Prince<\/a><\/p>\n\n\n\n<p><strong>T\u00e9moignage de Jean Marais<\/strong>&nbsp;\u00e0 propos du&nbsp;tournage de <em>La belle et la b\u00eate, <\/em>interview r\u00e9alis\u00e9 au th\u00e9\u00e2tre de Paris en 1968<\/p>\n\n\n\n<p><iframe loading=\"lazy\" title=\"YouTube video player\" src=\"https:\/\/www.youtube.com\/embed\/dMtuiWxNwfw?si=nHIZX26DxPj9x97p\" width=\"560\" height=\"315\" frameborder=\"0\" allowfullscreen=\"allowfullscreen\"><\/iframe><\/p>\n\n\n\n<p><strong>Une sc\u00e8ne coup\u00e9e, <em>la farce du drapier<\/em><\/strong>. Ludovic s&rsquo;\u00e9tait d\u00e9j\u00e0 moqu\u00e9 de ses soeurs en imitant leur voix criant <em>Petit laquais, Petit laquais<\/em> lors de la sc\u00e8ne des chaises \u00e0 porteurs.<br>Il use ici de ce m\u00eame subterfuge pour tromper un de leurs pr\u00e9tendants&#8230;<\/p>\n\n\n\n<figure class=\"wp-block-embed is-type-rich is-provider-prise-en-charge-des-contenus-embarqu-s wp-block-embed-prise-en-charge-des-contenus-embarqu-s\"><div class=\"wp-block-embed__wrapper\">\n<div style=\"width: 640px;\" class=\"wp-video\"><video class=\"wp-video-shortcode\" id=\"video-12688-1\" width=\"640\" height=\"360\" preload=\"metadata\" controls=\"controls\"><source type=\"video\/mp4\" src=\"https:\/\/cocteau.scdi-montpellier.fr\/wp-content\/uploads\/E02_COCW_997_V-1.mp4?_=1\" \/><a href=\"https:\/\/cocteau.scdi-montpellier.fr\/wp-content\/uploads\/E02_COCW_997_V-1.mp4\">https:\/\/cocteau.scdi-montpellier.fr\/wp-content\/uploads\/E02_COCW_997_V-1.mp4<\/a><\/video><\/div>\n<\/div><\/figure>\n\n\n\n<p>Un point de vue essentiel sur le film : conf\u00e9rence de Jean-Marc Lalanne \u00e0 d\u00e9couvrir <a href=\"https:\/\/www.cinematheque.fr\/video\/239.html\" target=\"_blank\" rel=\"noopener\">ici<\/a><\/p>\n\n\n\n<p><strong><em>Les g\u00e9n\u00e9riques de Jean Cocteau<\/em><\/strong>, Blow Up, ARTE, 2021<\/p>\n\n\n\n<p><iframe loading=\"lazy\" title=\"YouTube video player\" src=\"https:\/\/www.youtube.com\/embed\/WybXGUbJo04?si=eEASBrszh5SqOFvC\" width=\"560\" height=\"315\" frameborder=\"0\" allowfullscreen=\"allowfullscreen\"><\/iframe><\/p>\n","protected":false},"excerpt":{"rendered":"<p>\u00ab\u00a0J&rsquo;ai toujours et depuis l&rsquo;enfance r\u00eav\u00e9 de La Belle et la B\u00eate. Le conte de madame Le Prince de Beaumont souvent attribu\u00e9 \u00e0 Perrault, voisinait avec les siens sous la prestigieuse couverture de la Biblioth\u00e8que Rose. Je voulais le dessiner, le peindre, le porter \u00e0 la sc\u00e8ne.&nbsp; En fin de compte le cin\u00e9matographe m&rsquo;apparut comme&#8230;<\/p>\n","protected":false},"author":2,"featured_media":14576,"comment_status":"open","ping_status":"open","sticky":false,"template":"","format":"standard","meta":{"_kad_post_transparent":"","_kad_post_title":"","_kad_post_layout":"","_kad_post_sidebar_id":"","_kad_post_content_style":"","_kad_post_vertical_padding":"","_kad_post_feature":"","_kad_post_feature_position":"","_kad_post_header":false,"_kad_post_footer":false,"_kad_post_classname":"","footnotes":""},"categories":[8],"tags":[2340,962,1795,816,2335,2337,2339,2334,2336,2338],"class_list":["post-12688","post","type-post","status-publish","format-standard","has-post-thumbnail","hentry","category-formations-adultes","tag-alice-colson","tag-creteil","tag-ecole-et-cinema-94","tag-generique","tag-jean-cocteau","tag-jean-marais","tag-jean-marc-lalanne","tag-la-belle-et-la-bete","tag-les-cinemas-du-palais","tag-scene-coupee"],"_links":{"self":[{"href":"https:\/\/lafilledecorinthe.com\/wordpress\/wp-json\/wp\/v2\/posts\/12688","targetHints":{"allow":["GET"]}}],"collection":[{"href":"https:\/\/lafilledecorinthe.com\/wordpress\/wp-json\/wp\/v2\/posts"}],"about":[{"href":"https:\/\/lafilledecorinthe.com\/wordpress\/wp-json\/wp\/v2\/types\/post"}],"author":[{"embeddable":true,"href":"https:\/\/lafilledecorinthe.com\/wordpress\/wp-json\/wp\/v2\/users\/2"}],"replies":[{"embeddable":true,"href":"https:\/\/lafilledecorinthe.com\/wordpress\/wp-json\/wp\/v2\/comments?post=12688"}],"version-history":[{"count":31,"href":"https:\/\/lafilledecorinthe.com\/wordpress\/wp-json\/wp\/v2\/posts\/12688\/revisions"}],"predecessor-version":[{"id":12796,"href":"https:\/\/lafilledecorinthe.com\/wordpress\/wp-json\/wp\/v2\/posts\/12688\/revisions\/12796"}],"wp:featuredmedia":[{"embeddable":true,"href":"https:\/\/lafilledecorinthe.com\/wordpress\/wp-json\/wp\/v2\/media\/14576"}],"wp:attachment":[{"href":"https:\/\/lafilledecorinthe.com\/wordpress\/wp-json\/wp\/v2\/media?parent=12688"}],"wp:term":[{"taxonomy":"category","embeddable":true,"href":"https:\/\/lafilledecorinthe.com\/wordpress\/wp-json\/wp\/v2\/categories?post=12688"},{"taxonomy":"post_tag","embeddable":true,"href":"https:\/\/lafilledecorinthe.com\/wordpress\/wp-json\/wp\/v2\/tags?post=12688"}],"curies":[{"name":"wp","href":"https:\/\/api.w.org\/{rel}","templated":true}]}}