{"id":12658,"date":"2023-08-06T15:14:25","date_gmt":"2023-08-06T14:14:25","guid":{"rendered":"http:\/\/lafilledecorinthe.com\/wordpress\/?p=12658"},"modified":"2025-12-07T11:29:33","modified_gmt":"2025-12-07T10:29:33","slug":"les-cinemas-de-chalon-sur-saone","status":"publish","type":"post","link":"https:\/\/lafilledecorinthe.com\/wordpress\/2023\/08\/les-cinemas-de-chalon-sur-saone\/","title":{"rendered":"Le(s) Cin\u00e9ma(s) de Chalon-sur-Sa\u00f4ne &#8230;"},"content":{"rendered":"\n<p>La ville de&nbsp;Chalon-sur-Sa\u00f4ne est fortement li\u00e9e&nbsp;\u00e0 l&rsquo;image m\u00e9canique avec son magnifique <a href=\"https:\/\/www.museeniepce.com\/\" target=\"_blank\" rel=\"noopener\">mus\u00e9e<\/a>&nbsp;Nic\u00e9phore Ni\u00e9pce. Voulant prolonger notre visite de ce lieu passionnant par une s\u00e9ance de cin\u00e9ma, nous avons \u00e9t\u00e9 ravis de voir en d\u00e9ambulant dans les rues de Chalon un panneau annon\u00e7ant \u00ab\u00a05 cin\u00e9mas\u00a0\u00bb. Nous allions bien trouver notre bonheur ! H\u00e9las la d\u00e9couverte de la devanture a refroidi notre enthousiasme. Manifestement nous \u00e9tions tr\u00e8s en retard pour la derni\u00e8re s\u00e9ance !<\/p>\n\n\n<div class=\"wp-block-image\">\n<figure class=\"aligncenter\"><a href=\"https:\/\/lafilledecorinthe.com\/wordpress\/wp-content\/uploads\/2023\/08\/1.png\"><img loading=\"lazy\" decoding=\"async\" width=\"1630\" height=\"864\" src=\"https:\/\/lafilledecorinthe.com\/wordpress\/wp-content\/uploads\/2023\/08\/1.png\" alt=\"1\" class=\"wp-image-12667\" srcset=\"https:\/\/lafilledecorinthe.com\/wordpress\/wp-content\/uploads\/2023\/08\/1.png 1630w, https:\/\/lafilledecorinthe.com\/wordpress\/wp-content\/uploads\/2023\/08\/1-680x360.png 680w, https:\/\/lafilledecorinthe.com\/wordpress\/wp-content\/uploads\/2023\/08\/1-1280x678.png 1280w, https:\/\/lafilledecorinthe.com\/wordpress\/wp-content\/uploads\/2023\/08\/1-500x265.png 500w\" sizes=\"auto, (max-width: 1630px) 100vw, 1630px\" \/><\/a><figcaption class=\"wp-element-caption\">Les 5 NEF, 5 rue Fructidor \u00e0 Chalon-sur-Sa\u00f4ne\u00a0 (1913-2018)<\/figcaption><\/figure>\n<\/div>\n\n<div class=\"wp-block-image\">\n<figure class=\"aligncenter\"><a href=\"https:\/\/lafilledecorinthe.com\/wordpress\/wp-content\/uploads\/2023\/08\/5-Nefs.png\"><img loading=\"lazy\" decoding=\"async\" width=\"1748\" height=\"868\" src=\"https:\/\/lafilledecorinthe.com\/wordpress\/wp-content\/uploads\/2023\/08\/5-Nefs.png\" alt=\"5 Nefs\" class=\"wp-image-12671\" srcset=\"https:\/\/lafilledecorinthe.com\/wordpress\/wp-content\/uploads\/2023\/08\/5-Nefs.png 1748w, https:\/\/lafilledecorinthe.com\/wordpress\/wp-content\/uploads\/2023\/08\/5-Nefs-680x338.png 680w, https:\/\/lafilledecorinthe.com\/wordpress\/wp-content\/uploads\/2023\/08\/5-Nefs-1280x636.png 1280w, https:\/\/lafilledecorinthe.com\/wordpress\/wp-content\/uploads\/2023\/08\/5-Nefs-500x248.png 500w\" sizes=\"auto, (max-width: 1748px) 100vw, 1748px\" \/><\/a><figcaption class=\"wp-element-caption\">Les 5 NEF, 5 rue Fructidor \u00e0 Chalon-sur-Sa\u00f4ne\u00a0 (1913-2018)<\/figcaption><\/figure>\n<\/div>\n\n\n<p>Continuant la rue Fructidor c&rsquo;est une autre enseigne qui a retenu notre attention un peu plus loin. Mais nous \u00e9tions encore plus en retard.&nbsp;Si la fa\u00e7ade \u00e9tait parsem\u00e9e d&rsquo;affiches, plus aucune n&rsquo;\u00e9tait de cin\u00e9ma !<\/p>\n\n\n<div class=\"wp-block-image wp-image-12668 size-full\">\n<figure class=\"aligncenter\"><img loading=\"lazy\" decoding=\"async\" width=\"1732\" height=\"868\" src=\"https:\/\/lafilledecorinthe.com\/wordpress\/wp-content\/uploads\/2023\/08\/2.png\" alt=\"2\" class=\"wp-image-12668\" srcset=\"https:\/\/lafilledecorinthe.com\/wordpress\/wp-content\/uploads\/2023\/08\/2.png 1732w, https:\/\/lafilledecorinthe.com\/wordpress\/wp-content\/uploads\/2023\/08\/2-680x341.png 680w, https:\/\/lafilledecorinthe.com\/wordpress\/wp-content\/uploads\/2023\/08\/2-1280x641.png 1280w, https:\/\/lafilledecorinthe.com\/wordpress\/wp-content\/uploads\/2023\/08\/2-500x251.png 500w\" sizes=\"auto, (max-width: 1732px) 100vw, 1732px\" \/><figcaption class=\"wp-element-caption\">Cin\u00e9ma VOX, 41 rue Fructidor\u00a0\u00e0 Chalon-sur-Sa\u00f4ne\u00a0 (1956-2012)<\/figcaption><\/figure>\n<\/div>\n\n\n<p>\u00ab\u00a0Jamais deux sans trois\u00a0\u00bb ! Continuant notre d\u00e9couverte de la ville nous sommes&nbsp;tomb\u00e9s sur le troisi\u00e8me cin\u00e9ma du centre ville ferm\u00e9 lui aussi !<\/p>\n\n\n<div class=\"wp-block-image\">\n<figure class=\"aligncenter\"><a href=\"https:\/\/lafilledecorinthe.com\/wordpress\/wp-content\/uploads\/2023\/08\/IMG_1235.jpg\"><img loading=\"lazy\" decoding=\"async\" width=\"6000\" height=\"4000\" src=\"https:\/\/lafilledecorinthe.com\/wordpress\/wp-content\/uploads\/2023\/08\/IMG_1235.jpg\" alt=\"IMG_1235\" class=\"wp-image-12669\" srcset=\"https:\/\/lafilledecorinthe.com\/wordpress\/wp-content\/uploads\/2023\/08\/IMG_1235.jpg 6000w, https:\/\/lafilledecorinthe.com\/wordpress\/wp-content\/uploads\/2023\/08\/IMG_1235-680x453.jpg 680w, https:\/\/lafilledecorinthe.com\/wordpress\/wp-content\/uploads\/2023\/08\/IMG_1235-1280x853.jpg 1280w, https:\/\/lafilledecorinthe.com\/wordpress\/wp-content\/uploads\/2023\/08\/IMG_1235-450x300.jpg 450w\" sizes=\"auto, (max-width: 6000px) 100vw, 6000px\" \/><\/a><figcaption class=\"wp-element-caption\">Cin\u00e9ma Axel, 67 rue Gloriette \u00e0 Chalon-sur-Sa\u00f4ne\u00a0 (1938-2020)<\/figcaption><\/figure>\n<\/div>\n\n<div class=\"wp-block-image\">\n<figure class=\"aligncenter\"><a href=\"https:\/\/lafilledecorinthe.com\/wordpress\/wp-content\/uploads\/2023\/08\/Capture-d\u2019e\u0301cran-2023-08-06-a\u0300-11.41.00.png\"><img loading=\"lazy\" decoding=\"async\" width=\"1732\" height=\"868\" src=\"https:\/\/lafilledecorinthe.com\/wordpress\/wp-content\/uploads\/2023\/08\/Capture-d\u2019e\u0301cran-2023-08-06-a\u0300-11.41.00.png\" alt=\"Capture d\u2019e\u0301cran 2023-08-06 a\u0300 11.41.00\" class=\"wp-image-12672\" srcset=\"https:\/\/lafilledecorinthe.com\/wordpress\/wp-content\/uploads\/2023\/08\/Capture-d\u2019e\u0301cran-2023-08-06-a\u0300-11.41.00.png 1732w, https:\/\/lafilledecorinthe.com\/wordpress\/wp-content\/uploads\/2023\/08\/Capture-d\u2019e\u0301cran-2023-08-06-a\u0300-11.41.00-680x341.png 680w, https:\/\/lafilledecorinthe.com\/wordpress\/wp-content\/uploads\/2023\/08\/Capture-d\u2019e\u0301cran-2023-08-06-a\u0300-11.41.00-1280x641.png 1280w, https:\/\/lafilledecorinthe.com\/wordpress\/wp-content\/uploads\/2023\/08\/Capture-d\u2019e\u0301cran-2023-08-06-a\u0300-11.41.00-500x251.png 500w\" sizes=\"auto, (max-width: 1732px) 100vw, 1732px\" \/><\/a><figcaption class=\"wp-element-caption\">Cin\u00e9ma Axel, 67 rue Gloriette \u00e0 Chalon-sur-Sa\u00f4ne (1938-2020)<\/figcaption><\/figure>\n<\/div>\n\n\n<p>Manifestement, le Covid a \u00e9t\u00e9 fatal pour lui ! Un petit tour sur Internet nous a donn\u00e9 l&rsquo;adresse du multiplexe-M\u00e9garama situ\u00e9 dans une zone commerciale au sud de l&rsquo;\u00eele Saint-Laurent.<\/p>\n\n\n<div class=\"wp-block-image\">\n<figure class=\"aligncenter\"><a href=\"https:\/\/lafilledecorinthe.com\/wordpress\/wp-content\/uploads\/2023\/08\/Capture-d\u2019e\u0301cran-2023-08-06-a\u0300-12.15.45.png\"><img loading=\"lazy\" decoding=\"async\" width=\"1872\" height=\"864\" src=\"https:\/\/lafilledecorinthe.com\/wordpress\/wp-content\/uploads\/2023\/08\/Capture-d\u2019e\u0301cran-2023-08-06-a\u0300-12.15.45.png\" alt=\"Capture d\u2019e\u0301cran 2023-08-06 a\u0300 12.15.45\" class=\"wp-image-12674\" srcset=\"https:\/\/lafilledecorinthe.com\/wordpress\/wp-content\/uploads\/2023\/08\/Capture-d\u2019e\u0301cran-2023-08-06-a\u0300-12.15.45.png 1872w, https:\/\/lafilledecorinthe.com\/wordpress\/wp-content\/uploads\/2023\/08\/Capture-d\u2019e\u0301cran-2023-08-06-a\u0300-12.15.45-680x314.png 680w, https:\/\/lafilledecorinthe.com\/wordpress\/wp-content\/uploads\/2023\/08\/Capture-d\u2019e\u0301cran-2023-08-06-a\u0300-12.15.45-1280x591.png 1280w, https:\/\/lafilledecorinthe.com\/wordpress\/wp-content\/uploads\/2023\/08\/Capture-d\u2019e\u0301cran-2023-08-06-a\u0300-12.15.45-500x231.png 500w\" sizes=\"auto, (max-width: 1872px) 100vw, 1872px\" \/><\/a><\/figure>\n<\/div>\n\n\n<p><\/p>\n\n\n<div class=\"wp-block-image\">\n<figure class=\"aligncenter\"><a href=\"https:\/\/lafilledecorinthe.com\/wordpress\/wp-content\/uploads\/2023\/08\/Capture-d\u2019e\u0301cran-2023-08-06-a\u0300-12.23.01.png\"><img loading=\"lazy\" decoding=\"async\" width=\"1872\" height=\"864\" src=\"https:\/\/lafilledecorinthe.com\/wordpress\/wp-content\/uploads\/2023\/08\/Capture-d\u2019e\u0301cran-2023-08-06-a\u0300-12.23.01.png\" alt=\"Capture d\u2019e\u0301cran 2023-08-06 a\u0300 12.23.01\" class=\"wp-image-12675\" srcset=\"https:\/\/lafilledecorinthe.com\/wordpress\/wp-content\/uploads\/2023\/08\/Capture-d\u2019e\u0301cran-2023-08-06-a\u0300-12.23.01.png 1872w, https:\/\/lafilledecorinthe.com\/wordpress\/wp-content\/uploads\/2023\/08\/Capture-d\u2019e\u0301cran-2023-08-06-a\u0300-12.23.01-680x314.png 680w, https:\/\/lafilledecorinthe.com\/wordpress\/wp-content\/uploads\/2023\/08\/Capture-d\u2019e\u0301cran-2023-08-06-a\u0300-12.23.01-1280x591.png 1280w, https:\/\/lafilledecorinthe.com\/wordpress\/wp-content\/uploads\/2023\/08\/Capture-d\u2019e\u0301cran-2023-08-06-a\u0300-12.23.01-500x231.png 500w\" sizes=\"auto, (max-width: 1872px) 100vw, 1872px\" \/><\/a><figcaption class=\"wp-element-caption\">Megarama, 1 rue Ren\u00e9 Cassin \u00e0 Chalon-sur-Sa\u00f4ne<\/figcaption><\/figure>\n<\/div>\n\n<div class=\"wp-block-image\">\n<figure class=\"aligncenter\"><a href=\"https:\/\/lafilledecorinthe.com\/wordpress\/wp-content\/uploads\/2023\/08\/Capture-d\u2019e\u0301cran-2023-08-06-a\u0300-15.46.14.png\"><img loading=\"lazy\" decoding=\"async\" width=\"1830\" height=\"864\" src=\"https:\/\/lafilledecorinthe.com\/wordpress\/wp-content\/uploads\/2023\/08\/Capture-d\u2019e\u0301cran-2023-08-06-a\u0300-15.46.14.png\" alt=\"Capture d\u2019e\u0301cran 2023-08-06 a\u0300 15.46.14\" class=\"wp-image-12679\" srcset=\"https:\/\/lafilledecorinthe.com\/wordpress\/wp-content\/uploads\/2023\/08\/Capture-d\u2019e\u0301cran-2023-08-06-a\u0300-15.46.14.png 1830w, https:\/\/lafilledecorinthe.com\/wordpress\/wp-content\/uploads\/2023\/08\/Capture-d\u2019e\u0301cran-2023-08-06-a\u0300-15.46.14-680x321.png 680w, https:\/\/lafilledecorinthe.com\/wordpress\/wp-content\/uploads\/2023\/08\/Capture-d\u2019e\u0301cran-2023-08-06-a\u0300-15.46.14-1280x604.png 1280w, https:\/\/lafilledecorinthe.com\/wordpress\/wp-content\/uploads\/2023\/08\/Capture-d\u2019e\u0301cran-2023-08-06-a\u0300-15.46.14-500x236.png 500w\" sizes=\"auto, (max-width: 1830px) 100vw, 1830px\" \/><\/a><figcaption class=\"wp-element-caption\">Megarama, 1 rue Ren\u00e9 Cassin \u00e0 Chalon-sur-Sa\u00f4ne<\/figcaption><\/figure>\n<\/div>\n\n\n<p>Nous avons pu voir le magnifique film de Marie Garel-Weiss, <em>Sur la branche<\/em>&nbsp;et retourn\u00e9 sur l&rsquo;\u00eele Saint-Laurent d\u00e9couvrir le sympathique et talentueux chef ni\u00e7ois qui officie au restaurant <a href=\"https:\/\/www.epicurieux-chalon.fr\/\" target=\"_blank\" rel=\"noopener\"><em>L&rsquo;\u00e9picurieux<\/em><\/a>.<\/p>\n\n\n\n<p>La vision de ces trois cin\u00e9mas abandonn\u00e9s m&rsquo;a donn\u00e9 envie d&rsquo;en savoir plus sur cette d\u00e9fection du centre-ville.\u00a0Les dates de cr\u00e9ation des diff\u00e9rentes salles\u00a0montrent\u00a0une implantation ancienne et continue ; 1913 pour le plus ancien <em>Les 5 NEF<\/em>, 1938 pour l&rsquo;<em>Axel<\/em> qui s&rsquo;appelait L&rsquo;<em>\u00c9cran<\/em> avant les ann\u00e9es 70 et 1956 pour le <em>Vox<\/em>. Lors de la fermeture du <em>Vox,<\/em> les trois cin\u00e9mas appartenaient au m\u00eame propri\u00e9taire-g\u00e9rant Pierre Dussap.\u00a0Les quelques rares articles des journaux locaux que j&rsquo;ai pu trouver sur Internet laissent \u00e0 penser que dans un premier temps, leurs fermetures s&rsquo;expliqueraient par des travaux n\u00e9cessaires de modernisation. La <a href=\"https:\/\/www.lejsl.com\/edition-de-chalon\/2013\/01\/02\/cinema\" target=\"_blank\" rel=\"noopener\">fermeture du Vox <\/a>en 2012 correspondrait au\u00a0passage du cin\u00e9ma argentique au <a href=\"https:\/\/www.cairn.info\/revue-communication-et-langages1-2014-3-page-99.htm#no11\" target=\"_blank\" rel=\"noopener\">cin\u00e9ma num\u00e9rique<\/a>, toutefois tr\u00e8s vite son propri\u00e9taire ne cache pas son intention que le Vox soit transform\u00e9 en un espace commercial. En 2014, le groupe familial de Jean-Pierre Lemoine, <a href=\"https:\/\/www.megarama.fr\/\" target=\"_blank\" rel=\"noopener\"><em>Megarama<\/em><\/a>, rach\u00e8te les deux derniers cin\u00e9mas du centre-ville. Lors de l&rsquo;ouverture du multiplexe dans la zone commerciale Chalon-sud en novembre 2018 les <em>5 NEF<\/em> sont ferm\u00e9s pour travaux et malgr\u00e9 des annonces renouvel\u00e9es rien n&rsquo;a \u00e9t\u00e9 entrepris depuis cinq ans. Le cin\u00e9ma <em>Axel<\/em> devient le <em>Megarama Axel <\/em>et privil\u00e9gie une programmation \u00ab\u00a0Art et Essai\u00a0\u00bb jusqu&rsquo;\u00e0 la fermeture opportune li\u00e9e au Covid.<br>L&rsquo;histoire des trois cin\u00e9mas du Centre-ville de\u00a0Chalon-sur-Sa\u00f4ne\u00a0interroge sur les mod\u00e8les \u00e9conomiques li\u00e9es \u00e0 l&rsquo;exploitation cin\u00e9matographique et sur la diversit\u00e9 culturelle offerte aux spectateurs. Le cin\u00e9ma 5 NEFS devrait r\u00e9ouvrir &#8230; une histoire \u00e0 suivre !<\/p>\n","protected":false},"excerpt":{"rendered":"<p>La ville de&nbsp;Chalon-sur-Sa\u00f4ne est fortement li\u00e9e&nbsp;\u00e0 l&rsquo;image m\u00e9canique avec son magnifique mus\u00e9e&nbsp;Nic\u00e9phore Ni\u00e9pce. Voulant prolonger notre visite de ce lieu passionnant par une s\u00e9ance de cin\u00e9ma, nous avons \u00e9t\u00e9 ravis de voir en d\u00e9ambulant dans les rues de Chalon un panneau annon\u00e7ant \u00ab\u00a05 cin\u00e9mas\u00a0\u00bb. Nous allions bien trouver notre bonheur ! H\u00e9las la d\u00e9couverte de&#8230;<\/p>\n","protected":false},"author":2,"featured_media":14944,"comment_status":"open","ping_status":"open","sticky":false,"template":"","format":"standard","meta":{"_kad_post_transparent":"","_kad_post_title":"","_kad_post_layout":"","_kad_post_sidebar_id":"","_kad_post_content_style":"","_kad_post_vertical_padding":"","_kad_post_feature":"","_kad_post_feature_position":"","_kad_post_header":false,"_kad_post_footer":false,"_kad_post_classname":"","footnotes":""},"categories":[13],"tags":[2326,2327,2328,2330,2324,2325,2329],"class_list":["post-12658","post","type-post","status-publish","format-standard","has-post-thumbnail","hentry","category-sorties-culturelles","tag-chalon-sur-saone","tag-cinema-axel","tag-cinema-vox","tag-lepicurieux","tag-les-cinemas-de-chalon","tag-les-5-nef","tag-multiplexe-megarama"],"_links":{"self":[{"href":"https:\/\/lafilledecorinthe.com\/wordpress\/wp-json\/wp\/v2\/posts\/12658","targetHints":{"allow":["GET"]}}],"collection":[{"href":"https:\/\/lafilledecorinthe.com\/wordpress\/wp-json\/wp\/v2\/posts"}],"about":[{"href":"https:\/\/lafilledecorinthe.com\/wordpress\/wp-json\/wp\/v2\/types\/post"}],"author":[{"embeddable":true,"href":"https:\/\/lafilledecorinthe.com\/wordpress\/wp-json\/wp\/v2\/users\/2"}],"replies":[{"embeddable":true,"href":"https:\/\/lafilledecorinthe.com\/wordpress\/wp-json\/wp\/v2\/comments?post=12658"}],"version-history":[{"count":19,"href":"https:\/\/lafilledecorinthe.com\/wordpress\/wp-json\/wp\/v2\/posts\/12658\/revisions"}],"predecessor-version":[{"id":14946,"href":"https:\/\/lafilledecorinthe.com\/wordpress\/wp-json\/wp\/v2\/posts\/12658\/revisions\/14946"}],"wp:featuredmedia":[{"embeddable":true,"href":"https:\/\/lafilledecorinthe.com\/wordpress\/wp-json\/wp\/v2\/media\/14944"}],"wp:attachment":[{"href":"https:\/\/lafilledecorinthe.com\/wordpress\/wp-json\/wp\/v2\/media?parent=12658"}],"wp:term":[{"taxonomy":"category","embeddable":true,"href":"https:\/\/lafilledecorinthe.com\/wordpress\/wp-json\/wp\/v2\/categories?post=12658"},{"taxonomy":"post_tag","embeddable":true,"href":"https:\/\/lafilledecorinthe.com\/wordpress\/wp-json\/wp\/v2\/tags?post=12658"}],"curies":[{"name":"wp","href":"https:\/\/api.w.org\/{rel}","templated":true}]}}