{"id":12631,"date":"2023-07-20T17:55:03","date_gmt":"2023-07-20T16:55:03","guid":{"rendered":"http:\/\/lafilledecorinthe.com\/wordpress\/?p=12631"},"modified":"2025-11-28T20:41:12","modified_gmt":"2025-11-28T19:41:12","slug":"pat-mat-au-festival-ideklic-2023-moirans-en-montagne-39","status":"publish","type":"post","link":"https:\/\/lafilledecorinthe.com\/wordpress\/2023\/07\/pat-mat-au-festival-ideklic-2023-moirans-en-montagne-39\/","title":{"rendered":"\u00ab\u00a0Pat &#038; Mat\u00a0\u00bb au festival Id\u00e9klic 2023, Moirans-en-Montagne (39)"},"content":{"rendered":"\n<p>Depuis 33 ans, le festival jurassien de Moirans-en-Montagne s&rsquo;anime&nbsp;au d\u00e9but de l&rsquo;\u00e9t\u00e9 de nombreux rires d&rsquo;enfants. Pendant quatre jours ils sont les h\u00e9ros du festival <a href=\"https:\/\/www.ideklic.fr\/\" target=\"_blank\" rel=\"noopener\"><em>Id\u00e9klic<\/em> <\/a>con\u00e7u sp\u00e9cifiquement pour eux.&nbsp;Les \u00e9coles, les lieux culturels et les espaces publics sont m\u00e9tamorphos\u00e9s pour accueillir 54 ateliers et de tr\u00e8s nombreux spectacles vivants.&nbsp; &nbsp; &nbsp; &nbsp; &nbsp; &nbsp; &nbsp; &nbsp; &nbsp; Depuis l&rsquo;ann\u00e9e derni\u00e8re, les marionnettes sont \u00e0 l&rsquo;honneur. Pour cette nouvelle \u00e9dition&nbsp;place aux <em>marionnettes et \u00e0 leurs doubles en image<\/em>.<\/p>\n\n\n<div class=\"wp-block-image\">\n<figure class=\"aligncenter\"><a href=\"https:\/\/lafilledecorinthe.com\/wordpress\/wp-content\/uploads\/2023\/07\/IMG_7752.jpeg\"><img loading=\"lazy\" decoding=\"async\" width=\"4032\" height=\"3024\" src=\"https:\/\/lafilledecorinthe.com\/wordpress\/wp-content\/uploads\/2023\/07\/IMG_7752.jpeg\" alt=\"IMG_7752\" class=\"wp-image-12644\" srcset=\"https:\/\/lafilledecorinthe.com\/wordpress\/wp-content\/uploads\/2023\/07\/IMG_7752.jpeg 4032w, https:\/\/lafilledecorinthe.com\/wordpress\/wp-content\/uploads\/2023\/07\/IMG_7752-680x510.jpeg 680w, https:\/\/lafilledecorinthe.com\/wordpress\/wp-content\/uploads\/2023\/07\/IMG_7752-1280x960.jpeg 1280w, https:\/\/lafilledecorinthe.com\/wordpress\/wp-content\/uploads\/2023\/07\/IMG_7752-400x300.jpeg 400w\" sizes=\"auto, (max-width: 4032px) 100vw, 4032px\" \/><\/a><\/figure>\n<\/div>\n\n\n<p><\/p>\n\n\n\n<p>Apr\u00e8s avoir anim\u00e9&nbsp;un \u00e9change apr\u00e8s la projection de <em>Ma vie de Courgette,&nbsp;<\/em>film culte de Claude Barras, j&rsquo;ai eu le plaisir d&rsquo;accueillir&nbsp;tous les matins petits et grands avec le c\u00e9l\u00e8bre duo tch\u00e8que&nbsp;<em>Pat et Mat <\/em>lors<em>&nbsp;<\/em>d&rsquo;un atelier<em>&nbsp;<\/em>sur le cin\u00e9ma d&rsquo;animation.<\/p>\n\n\n<div class=\"wp-block-image\">\n<figure class=\"aligncenter\"><a href=\"https:\/\/lafilledecorinthe.com\/wordpress\/wp-content\/uploads\/2023\/07\/1.png\"><img loading=\"lazy\" decoding=\"async\" width=\"1484\" height=\"544\" src=\"https:\/\/lafilledecorinthe.com\/wordpress\/wp-content\/uploads\/2023\/07\/1.png\" alt=\"1\" class=\"wp-image-12636\" srcset=\"https:\/\/lafilledecorinthe.com\/wordpress\/wp-content\/uploads\/2023\/07\/1.png 1484w, https:\/\/lafilledecorinthe.com\/wordpress\/wp-content\/uploads\/2023\/07\/1-680x249.png 680w, https:\/\/lafilledecorinthe.com\/wordpress\/wp-content\/uploads\/2023\/07\/1-1280x469.png 1280w, https:\/\/lafilledecorinthe.com\/wordpress\/wp-content\/uploads\/2023\/07\/1-500x183.png 500w\" sizes=\"auto, (max-width: 1484px) 100vw, 1484px\" \/><\/a><figcaption class=\"wp-element-caption\">D\u00e9couvrir \u00a0les cr\u00e9ateurs qui donnent vie aux marionnettes.<\/figcaption><\/figure>\n<\/div>\n\n<div class=\"wp-block-image\">\n<figure class=\"aligncenter\"><a href=\"https:\/\/lafilledecorinthe.com\/wordpress\/wp-content\/uploads\/2023\/07\/31.png\"><img loading=\"lazy\" decoding=\"async\" width=\"1502\" height=\"546\" src=\"https:\/\/lafilledecorinthe.com\/wordpress\/wp-content\/uploads\/2023\/07\/31.png\" alt=\"3\" class=\"wp-image-12646\" srcset=\"https:\/\/lafilledecorinthe.com\/wordpress\/wp-content\/uploads\/2023\/07\/31.png 1502w, https:\/\/lafilledecorinthe.com\/wordpress\/wp-content\/uploads\/2023\/07\/31-680x247.png 680w, https:\/\/lafilledecorinthe.com\/wordpress\/wp-content\/uploads\/2023\/07\/31-1280x465.png 1280w, https:\/\/lafilledecorinthe.com\/wordpress\/wp-content\/uploads\/2023\/07\/31-500x182.png 500w\" sizes=\"auto, (max-width: 1502px) 100vw, 1502px\" \/><\/a><figcaption class=\"wp-element-caption\">Comprendre le principe de l&rsquo;<em>image par image<\/em>\u00a0&#8230;<\/figcaption><\/figure>\n<\/div>\n\n<div class=\"wp-block-image\">\n<figure class=\"aligncenter\"><a href=\"https:\/\/lafilledecorinthe.com\/wordpress\/wp-content\/uploads\/2023\/07\/41.png\"><img loading=\"lazy\" decoding=\"async\" width=\"1426\" height=\"542\" src=\"https:\/\/lafilledecorinthe.com\/wordpress\/wp-content\/uploads\/2023\/07\/41.png\" alt=\"4\" class=\"wp-image-12645\" srcset=\"https:\/\/lafilledecorinthe.com\/wordpress\/wp-content\/uploads\/2023\/07\/41.png 1426w, https:\/\/lafilledecorinthe.com\/wordpress\/wp-content\/uploads\/2023\/07\/41-680x258.png 680w, https:\/\/lafilledecorinthe.com\/wordpress\/wp-content\/uploads\/2023\/07\/41-1280x487.png 1280w, https:\/\/lafilledecorinthe.com\/wordpress\/wp-content\/uploads\/2023\/07\/41-500x190.png 500w\" sizes=\"auto, (max-width: 1426px) 100vw, 1426px\" \/><\/a><figcaption class=\"wp-element-caption\">&#8230; avec les jouets optiques&#8230; thaumatrope, praxinoscope et flipbook &#8230;<\/figcaption><\/figure>\n<\/div>\n\n\n<p>Apr\u00e8s la projection des cinq courts m\u00e9trages du&nbsp;premier programme&nbsp;des deux fameux bricoleurs, les enfants ont pu animer deux marionnettes pr\u00eat\u00e9es par le distributeur <a href=\"http:\/\/cinemapublicfilms.fr\/films\/pat_et_mat\/\" target=\"_blank\" rel=\"noopener\">Cin\u00e9ma Public Films<\/a>.<\/p>\n\n\n<div class=\"wp-block-image\">\n<figure class=\"aligncenter\"><a href=\"https:\/\/lafilledecorinthe.com\/wordpress\/wp-content\/uploads\/2023\/07\/2.png\"><img loading=\"lazy\" decoding=\"async\" width=\"1428\" height=\"542\" src=\"https:\/\/lafilledecorinthe.com\/wordpress\/wp-content\/uploads\/2023\/07\/2.png\" alt=\"2\" class=\"wp-image-12637\" srcset=\"https:\/\/lafilledecorinthe.com\/wordpress\/wp-content\/uploads\/2023\/07\/2.png 1428w, https:\/\/lafilledecorinthe.com\/wordpress\/wp-content\/uploads\/2023\/07\/2-680x258.png 680w, https:\/\/lafilledecorinthe.com\/wordpress\/wp-content\/uploads\/2023\/07\/2-1280x486.png 1280w, https:\/\/lafilledecorinthe.com\/wordpress\/wp-content\/uploads\/2023\/07\/2-500x190.png 500w\" sizes=\"auto, (max-width: 1428px) 100vw, 1428px\" \/><\/a><figcaption class=\"wp-element-caption\">Le moment tant attendu ! Donner vie aux deux comp\u00e8res&#8230;<\/figcaption><\/figure>\n<\/div>\n\n<div class=\"wp-block-image wp-image-12640 size-full\">\n<figure class=\"aligncenter\"><img loading=\"lazy\" decoding=\"async\" width=\"1426\" height=\"542\" src=\"https:\/\/lafilledecorinthe.com\/wordpress\/wp-content\/uploads\/2023\/07\/5.png\" alt=\"5\" class=\"wp-image-12640\" srcset=\"https:\/\/lafilledecorinthe.com\/wordpress\/wp-content\/uploads\/2023\/07\/5.png 1426w, https:\/\/lafilledecorinthe.com\/wordpress\/wp-content\/uploads\/2023\/07\/5-680x258.png 680w, https:\/\/lafilledecorinthe.com\/wordpress\/wp-content\/uploads\/2023\/07\/5-1280x487.png 1280w, https:\/\/lafilledecorinthe.com\/wordpress\/wp-content\/uploads\/2023\/07\/5-500x190.png 500w\" sizes=\"auto, (max-width: 1426px) 100vw, 1426px\" \/><figcaption class=\"wp-element-caption\">R\u00e9aliser 24 photos pour une seconde de film, l&rsquo;\u00e9cole de la patience !<\/figcaption><\/figure>\n<\/div>\n\n<div class=\"wp-block-image\">\n<figure class=\"aligncenter\"><a href=\"https:\/\/lafilledecorinthe.com\/wordpress\/wp-content\/uploads\/2023\/07\/6.png\"><img loading=\"lazy\" decoding=\"async\" width=\"1426\" height=\"542\" src=\"https:\/\/lafilledecorinthe.com\/wordpress\/wp-content\/uploads\/2023\/07\/6.png\" alt=\"6\" class=\"wp-image-12641\" srcset=\"https:\/\/lafilledecorinthe.com\/wordpress\/wp-content\/uploads\/2023\/07\/6.png 1426w, https:\/\/lafilledecorinthe.com\/wordpress\/wp-content\/uploads\/2023\/07\/6-680x258.png 680w, https:\/\/lafilledecorinthe.com\/wordpress\/wp-content\/uploads\/2023\/07\/6-1280x487.png 1280w, https:\/\/lafilledecorinthe.com\/wordpress\/wp-content\/uploads\/2023\/07\/6-500x190.png 500w\" sizes=\"auto, (max-width: 1426px) 100vw, 1426px\" \/><\/a><figcaption class=\"wp-element-caption\">Communiquer avec des gestes comme Pat &amp; Mat, jeu de mine entre parents et enfants.<\/figcaption><\/figure>\n<\/div>\n\n<div class=\"wp-block-image\">\n<figure class=\"aligncenter\"><a href=\"https:\/\/lafilledecorinthe.com\/wordpress\/wp-content\/uploads\/2023\/07\/7.png\"><img loading=\"lazy\" decoding=\"async\" width=\"1426\" height=\"542\" src=\"https:\/\/lafilledecorinthe.com\/wordpress\/wp-content\/uploads\/2023\/07\/7.png\" alt=\"7\" class=\"wp-image-12642\" srcset=\"https:\/\/lafilledecorinthe.com\/wordpress\/wp-content\/uploads\/2023\/07\/7.png 1426w, https:\/\/lafilledecorinthe.com\/wordpress\/wp-content\/uploads\/2023\/07\/7-680x258.png 680w, https:\/\/lafilledecorinthe.com\/wordpress\/wp-content\/uploads\/2023\/07\/7-1280x487.png 1280w, https:\/\/lafilledecorinthe.com\/wordpress\/wp-content\/uploads\/2023\/07\/7-500x190.png 500w\" sizes=\"auto, (max-width: 1426px) 100vw, 1426px\" \/><\/a><figcaption class=\"wp-element-caption\">Fabriquer un feuilletoscope avec In\u00e8s, la superbe b\u00e9n\u00e9vole de l&rsquo;atelier.<\/figcaption><\/figure>\n<\/div>\n\n\n<p>Deux autres ateliers ont eu lieu dans deux villes partenaires du festival&#8230; Vive le Jura !<\/p>\n\n\n<div class=\"wp-block-image\">\n<figure class=\"aligncenter\"><a href=\"https:\/\/lafilledecorinthe.com\/wordpress\/wp-content\/uploads\/2023\/07\/hors-les-murs.png\"><img loading=\"lazy\" decoding=\"async\" width=\"1250\" height=\"544\" src=\"https:\/\/lafilledecorinthe.com\/wordpress\/wp-content\/uploads\/2023\/07\/hors-les-murs.png\" alt=\"hors les murs\" class=\"wp-image-12648\" srcset=\"https:\/\/lafilledecorinthe.com\/wordpress\/wp-content\/uploads\/2023\/07\/hors-les-murs.png 1250w, https:\/\/lafilledecorinthe.com\/wordpress\/wp-content\/uploads\/2023\/07\/hors-les-murs-680x296.png 680w, https:\/\/lafilledecorinthe.com\/wordpress\/wp-content\/uploads\/2023\/07\/hors-les-murs-500x218.png 500w\" sizes=\"auto, (max-width: 1250px) 100vw, 1250px\" \/><\/a><\/figure>\n<\/div>\n\n\n<p><\/p>\n\n\n<div class=\"wp-block-image\">\n<figure class=\"aligncenter\"><a href=\"https:\/\/lafilledecorinthe.com\/wordpress\/wp-content\/uploads\/2023\/07\/9.png\"><img loading=\"lazy\" decoding=\"async\" width=\"1426\" height=\"542\" src=\"https:\/\/lafilledecorinthe.com\/wordpress\/wp-content\/uploads\/2023\/07\/9.png\" alt=\"9\" class=\"wp-image-12649\" srcset=\"https:\/\/lafilledecorinthe.com\/wordpress\/wp-content\/uploads\/2023\/07\/9.png 1426w, https:\/\/lafilledecorinthe.com\/wordpress\/wp-content\/uploads\/2023\/07\/9-680x258.png 680w, https:\/\/lafilledecorinthe.com\/wordpress\/wp-content\/uploads\/2023\/07\/9-1280x487.png 1280w, https:\/\/lafilledecorinthe.com\/wordpress\/wp-content\/uploads\/2023\/07\/9-500x190.png 500w\" sizes=\"auto, (max-width: 1426px) 100vw, 1426px\" \/><\/a><figcaption class=\"wp-element-caption\">La fraternelle, <a href=\"https:\/\/www.maisondupeuple.fr\/\" target=\"_blank\" rel=\"noopener\">Maison du Peuple<\/a> \u00e0 Saint Claude<\/figcaption><\/figure>\n<\/div>\n\n<div class=\"wp-block-image\">\n<figure class=\"aligncenter\"><a href=\"https:\/\/lafilledecorinthe.com\/wordpress\/wp-content\/uploads\/2023\/07\/10.png\"><img loading=\"lazy\" decoding=\"async\" width=\"1130\" height=\"542\" src=\"https:\/\/lafilledecorinthe.com\/wordpress\/wp-content\/uploads\/2023\/07\/10.png\" alt=\"10\" class=\"wp-image-12650\" srcset=\"https:\/\/lafilledecorinthe.com\/wordpress\/wp-content\/uploads\/2023\/07\/10.png 1130w, https:\/\/lafilledecorinthe.com\/wordpress\/wp-content\/uploads\/2023\/07\/10-680x326.png 680w, https:\/\/lafilledecorinthe.com\/wordpress\/wp-content\/uploads\/2023\/07\/10-500x240.png 500w\" sizes=\"auto, (max-width: 1130px) 100vw, 1130px\" \/><\/a><figcaption class=\"wp-element-caption\">Au <a href=\"https:\/\/4c-lons.ecla-jura.fr\/\" target=\"_blank\" rel=\"noopener\">cin\u00e9ma les 4C<\/a> \u00e0 Lons le Saunier<\/figcaption><\/figure>\n<\/div>","protected":false},"excerpt":{"rendered":"<p>Depuis 33 ans, le festival jurassien de Moirans-en-Montagne s&rsquo;anime&nbsp;au d\u00e9but de l&rsquo;\u00e9t\u00e9 de nombreux rires d&rsquo;enfants. Pendant quatre jours ils sont les h\u00e9ros du festival Id\u00e9klic con\u00e7u sp\u00e9cifiquement pour eux.&nbsp;Les \u00e9coles, les lieux culturels et les espaces publics sont m\u00e9tamorphos\u00e9s pour accueillir 54 ateliers et de tr\u00e8s nombreux spectacles vivants.&nbsp; &nbsp; &nbsp; &nbsp; &nbsp; &nbsp;&#8230;<\/p>\n","protected":false},"author":2,"featured_media":12634,"comment_status":"open","ping_status":"open","sticky":false,"template":"","format":"standard","meta":{"_kad_post_transparent":"","_kad_post_title":"","_kad_post_layout":"","_kad_post_sidebar_id":"","_kad_post_content_style":"","_kad_post_vertical_padding":"","_kad_post_feature":"","_kad_post_feature_position":"","_kad_post_header":false,"_kad_post_footer":false,"_kad_post_classname":"","footnotes":""},"categories":[7],"tags":[2323,2115,867,2322],"class_list":["post-12631","post","type-post","status-publish","format-standard","has-post-thumbnail","hentry","category-ateliers-enfants","tag-cinema-public-films","tag-ideklic","tag-moirans-en-montagne","tag-pat-mat"],"_links":{"self":[{"href":"https:\/\/lafilledecorinthe.com\/wordpress\/wp-json\/wp\/v2\/posts\/12631","targetHints":{"allow":["GET"]}}],"collection":[{"href":"https:\/\/lafilledecorinthe.com\/wordpress\/wp-json\/wp\/v2\/posts"}],"about":[{"href":"https:\/\/lafilledecorinthe.com\/wordpress\/wp-json\/wp\/v2\/types\/post"}],"author":[{"embeddable":true,"href":"https:\/\/lafilledecorinthe.com\/wordpress\/wp-json\/wp\/v2\/users\/2"}],"replies":[{"embeddable":true,"href":"https:\/\/lafilledecorinthe.com\/wordpress\/wp-json\/wp\/v2\/comments?post=12631"}],"version-history":[{"count":12,"href":"https:\/\/lafilledecorinthe.com\/wordpress\/wp-json\/wp\/v2\/posts\/12631\/revisions"}],"predecessor-version":[{"id":14253,"href":"https:\/\/lafilledecorinthe.com\/wordpress\/wp-json\/wp\/v2\/posts\/12631\/revisions\/14253"}],"wp:featuredmedia":[{"embeddable":true,"href":"https:\/\/lafilledecorinthe.com\/wordpress\/wp-json\/wp\/v2\/media\/12634"}],"wp:attachment":[{"href":"https:\/\/lafilledecorinthe.com\/wordpress\/wp-json\/wp\/v2\/media?parent=12631"}],"wp:term":[{"taxonomy":"category","embeddable":true,"href":"https:\/\/lafilledecorinthe.com\/wordpress\/wp-json\/wp\/v2\/categories?post=12631"},{"taxonomy":"post_tag","embeddable":true,"href":"https:\/\/lafilledecorinthe.com\/wordpress\/wp-json\/wp\/v2\/tags?post=12631"}],"curies":[{"name":"wp","href":"https:\/\/api.w.org\/{rel}","templated":true}]}}