{"id":12600,"date":"2023-05-29T14:43:21","date_gmt":"2023-05-29T13:43:21","guid":{"rendered":"http:\/\/lafilledecorinthe.com\/wordpress\/?p=12600"},"modified":"2025-11-28T20:50:55","modified_gmt":"2025-11-28T19:50:55","slug":"rever-demain-avec-la-petite-ecole-de-cinema-2","status":"publish","type":"post","link":"https:\/\/lafilledecorinthe.com\/wordpress\/2023\/05\/rever-demain-avec-la-petite-ecole-de-cinema-2\/","title":{"rendered":"\u00ab\u00a0R\u00eaver demain &#8230;\u00a0\u00bb avec La Petite \u00c9cole de Cin\u00e9ma &#8211; 2"},"content":{"rendered":"\n<p><strong>Rencontres \u00ab\u00a0R\u00eaver demain&#8230;\u00a0\u00bb<\/strong><br><em>La Petite \u00c9cole de Cin\u00e9ma<\/em><br>Jeudi 25 et vendredi 26 mai 2023<br>Au Cin\u00e9ma <em>Le Studio<\/em> du Havre<\/p>\n\n\n\n<p class=\"p1\"><i>\u00ab&nbsp;Nous sommes des r\u00eaveurs que nous soyons endormis ou \u00e9veill\u00e9s. \u00bb<\/i><\/p>\n\n\n<div class=\"wp-block-image\">\n<figure class=\"aligncenter\"><a href=\"https:\/\/lafilledecorinthe.com\/wordpress\/wp-content\/uploads\/2023\/05\/A.png\"><img loading=\"lazy\" decoding=\"async\" width=\"1136\" height=\"698\" src=\"https:\/\/lafilledecorinthe.com\/wordpress\/wp-content\/uploads\/2023\/05\/A.png\" alt=\"A\" class=\"wp-image-12606\" srcset=\"https:\/\/lafilledecorinthe.com\/wordpress\/wp-content\/uploads\/2023\/05\/A.png 1136w, https:\/\/lafilledecorinthe.com\/wordpress\/wp-content\/uploads\/2023\/05\/A-680x418.png 680w, https:\/\/lafilledecorinthe.com\/wordpress\/wp-content\/uploads\/2023\/05\/A-488x300.png 488w\" sizes=\"auto, (max-width: 1136px) 100vw, 1136px\" \/><\/a><\/figure>\n<\/div>\n\n\n<p>Six classes de la <a href=\"https:\/\/www.havredecine.fr\/petite-%C3%A9cole-de-cin%C3%A9ma\" target=\"_blank\" rel=\"noopener\"><em>Petite \u00c9cole de Cin\u00e9ma<\/em><\/a>&nbsp;ont \u00e9t\u00e9 re\u00e7ues au cin\u00e9ma <em><a href=\"http:\/\/cinema-le-studio.fr\/\" target=\"_blank\" rel=\"noopener\">Le Studio<\/a> <\/em>pour des avant-premi\u00e8res exceptionnelles. Le principe des rencontres&nbsp;est simple mais riche&nbsp;de&nbsp;la&nbsp;parole des enfants. Deux classes sont attendues au cin\u00e9ma par demi-journ\u00e9e,&nbsp;les enfants y d\u00e9couvrent les belles affiches r\u00e9alis\u00e9es par Philippe Virmoux, conseiller p\u00e9dagogique en arts plastiques et surtout pour la premi\u00e8re fois ils voient leur court m\u00e9trage sur un grand \u00e9cran. Apr\u00e8s la projection&nbsp;place au dialogue ! Les enfants \u00e9changent sur leurs exp\u00e9riences et r\u00e9pondent aux questions des adultes spectateurs.&nbsp; &nbsp; &nbsp; &nbsp; &nbsp; &nbsp; &nbsp; &nbsp; &nbsp; &nbsp; &nbsp; &nbsp; &nbsp; &nbsp; &nbsp; &nbsp; &nbsp; &nbsp; &nbsp; &nbsp; &nbsp; &nbsp; &nbsp; &nbsp; &nbsp; &nbsp; &nbsp; &nbsp; &nbsp; &nbsp; &nbsp; &nbsp; &nbsp; &nbsp; &nbsp; &nbsp; &nbsp; &nbsp; &nbsp; &nbsp;J&rsquo;\u00e9tais particuli\u00e8rement \u00e9mue de retrouver les \u00e9l\u00e8ves rencontr\u00e9s en <a title=\"\u00ab&nbsp;R\u00eaver demain&nbsp;\u00bb\u2026 avec La Petite \u00c9cole de Cin\u00e9ma\" href=\"https:\/\/lafilledecorinthe.com\/wordpress\/2022\/10\/rever-demain-avec-la-petite-ecole-de-cinema\/\" target=\"_blank\" rel=\"noopener\">octobre<\/a> dans leur classe respective lors du lancement du projet. Quel beau chemin parcouru avec les r\u00e9alisateur\u00b7rice\u00b7s associ\u00e9\u00b7e\u00b7s au projet !<\/p>\n\n\n<div class=\"wp-block-image\">\n<figure class=\"aligncenter\"><img loading=\"lazy\" decoding=\"async\" width=\"1504\" height=\"692\" src=\"https:\/\/lafilledecorinthe.com\/wordpress\/wp-content\/uploads\/2023\/05\/B.png\" alt=\"B\" class=\"wp-image-12607\" srcset=\"https:\/\/lafilledecorinthe.com\/wordpress\/wp-content\/uploads\/2023\/05\/B.png 1504w, https:\/\/lafilledecorinthe.com\/wordpress\/wp-content\/uploads\/2023\/05\/B-680x313.png 680w, https:\/\/lafilledecorinthe.com\/wordpress\/wp-content\/uploads\/2023\/05\/B-1280x589.png 1280w, https:\/\/lafilledecorinthe.com\/wordpress\/wp-content\/uploads\/2023\/05\/B-500x230.png 500w\" sizes=\"auto, (max-width: 1504px) 100vw, 1504px\" \/><\/figure>\n<\/div>\n\n\n<p><\/p>\n\n\n<div class=\"wp-block-image\">\n<figure class=\"aligncenter\"><a href=\"https:\/\/lafilledecorinthe.com\/wordpress\/wp-content\/uploads\/2023\/05\/2.jpeg\"><img loading=\"lazy\" decoding=\"async\" width=\"2942\" height=\"1898\" src=\"https:\/\/lafilledecorinthe.com\/wordpress\/wp-content\/uploads\/2023\/05\/2.jpeg\" alt=\"2\" class=\"wp-image-12626\" srcset=\"https:\/\/lafilledecorinthe.com\/wordpress\/wp-content\/uploads\/2023\/05\/2.jpeg 2942w, https:\/\/lafilledecorinthe.com\/wordpress\/wp-content\/uploads\/2023\/05\/2-680x439.jpeg 680w, https:\/\/lafilledecorinthe.com\/wordpress\/wp-content\/uploads\/2023\/05\/2-1280x826.jpeg 1280w, https:\/\/lafilledecorinthe.com\/wordpress\/wp-content\/uploads\/2023\/05\/2-465x300.jpeg 465w\" sizes=\"auto, (max-width: 2942px) 100vw, 2942px\" \/><\/a><\/figure>\n<\/div>\n\n\n<p><\/p>\n\n\n<div class=\"wp-block-image\">\n<figure class=\"aligncenter\"><a href=\"https:\/\/lafilledecorinthe.com\/wordpress\/wp-content\/uploads\/2023\/05\/A1.png\"><img loading=\"lazy\" decoding=\"async\" width=\"1536\" height=\"1148\" src=\"https:\/\/lafilledecorinthe.com\/wordpress\/wp-content\/uploads\/2023\/05\/A1.png\" alt=\"A\" class=\"wp-image-12611\" srcset=\"https:\/\/lafilledecorinthe.com\/wordpress\/wp-content\/uploads\/2023\/05\/A1.png 1536w, https:\/\/lafilledecorinthe.com\/wordpress\/wp-content\/uploads\/2023\/05\/A1-680x508.png 680w, https:\/\/lafilledecorinthe.com\/wordpress\/wp-content\/uploads\/2023\/05\/A1-1280x957.png 1280w, https:\/\/lafilledecorinthe.com\/wordpress\/wp-content\/uploads\/2023\/05\/A1-401x300.png 401w\" sizes=\"auto, (max-width: 1536px) 100vw, 1536px\" \/><\/a><\/figure>\n<\/div>\n\n<div class=\"wp-block-image\">\n<figure class=\"aligncenter\"><img loading=\"lazy\" decoding=\"async\" width=\"1536\" height=\"1148\" src=\"https:\/\/lafilledecorinthe.com\/wordpress\/wp-content\/uploads\/2023\/05\/B1.png\" alt=\"B\" class=\"wp-image-12612\" srcset=\"https:\/\/lafilledecorinthe.com\/wordpress\/wp-content\/uploads\/2023\/05\/B1.png 1536w, https:\/\/lafilledecorinthe.com\/wordpress\/wp-content\/uploads\/2023\/05\/B1-680x508.png 680w, https:\/\/lafilledecorinthe.com\/wordpress\/wp-content\/uploads\/2023\/05\/B1-1280x957.png 1280w, https:\/\/lafilledecorinthe.com\/wordpress\/wp-content\/uploads\/2023\/05\/B1-401x300.png 401w\" sizes=\"auto, (max-width: 1536px) 100vw, 1536px\" \/><\/figure>\n<\/div>\n\n\n<p class=\"has-text-align-left\">Les enfants ont ensuite d\u00e9couvert deux courts m\u00e9trages qui&nbsp;donnent une grande place \u00e0 l&rsquo;imaginaire.&nbsp;<\/p>\n\n\n<div class=\"wp-block-image\">\n<figure class=\"aligncenter\"><a href=\"https:\/\/lafilledecorinthe.com\/wordpress\/wp-content\/uploads\/2023\/05\/3.jpeg\"><img loading=\"lazy\" decoding=\"async\" width=\"3198\" height=\"2132\" src=\"https:\/\/lafilledecorinthe.com\/wordpress\/wp-content\/uploads\/2023\/05\/3.jpeg\" alt=\"3\" class=\"wp-image-12627\" srcset=\"https:\/\/lafilledecorinthe.com\/wordpress\/wp-content\/uploads\/2023\/05\/3.jpeg 3198w, https:\/\/lafilledecorinthe.com\/wordpress\/wp-content\/uploads\/2023\/05\/3-680x453.jpeg 680w, https:\/\/lafilledecorinthe.com\/wordpress\/wp-content\/uploads\/2023\/05\/3-1280x853.jpeg 1280w, https:\/\/lafilledecorinthe.com\/wordpress\/wp-content\/uploads\/2023\/05\/3-450x300.jpeg 450w\" sizes=\"auto, (max-width: 3198px) 100vw, 3198px\" \/><\/a><\/figure>\n<\/div>\n\n\n<p class=\"has-text-align-left\"><\/p>\n\n\n\n<p class=\"has-text-align-left\">Avoir particip\u00e9 \u00e0 la r\u00e9alisation d&rsquo;un film devant et\/ou derri\u00e8re la cam\u00e9ra a ind\u00e9niablement affin\u00e9 le regard des enfants. Leurs questions ou leurs remarques portaient tant sur\u00a0les histoires mises en sc\u00e8ne\u00a0que\u00a0sur les techniques mises en oeuvre.<br>Ils attendent maintenant avec impatience de pr\u00e9senter leurs films \u00e0 leur famille. Rendez-vous \u00e0 la grande salle du cin\u00e9ma <em>Les Arts\u00a0<\/em>de Montivilliers le samedi 3 juin. Les films seront ensuite sur la <a href=\"https:\/\/www.youtube.com\/c\/HavredeCin%C3%A9ma\" target=\"_blank\" rel=\"noopener\">cha\u00eene Youtube<\/a> de l&rsquo;association <em>Havre de Cin\u00e9ma <\/em>vers la mi-juin.<\/p>\n","protected":false},"excerpt":{"rendered":"<p>Rencontres \u00ab\u00a0R\u00eaver demain&#8230;\u00a0\u00bbLa Petite \u00c9cole de Cin\u00e9maJeudi 25 et vendredi 26 mai 2023Au Cin\u00e9ma Le Studio du Havre \u00ab&nbsp;Nous sommes des r\u00eaveurs que nous soyons endormis ou \u00e9veill\u00e9s. \u00bb Six classes de la Petite \u00c9cole de Cin\u00e9ma&nbsp;ont \u00e9t\u00e9 re\u00e7ues au cin\u00e9ma Le Studio pour des avant-premi\u00e8res exceptionnelles. Le principe des rencontres&nbsp;est simple mais riche&nbsp;de&nbsp;la&nbsp;parole des&#8230;<\/p>\n","protected":false},"author":2,"featured_media":12601,"comment_status":"open","ping_status":"open","sticky":false,"template":"","format":"standard","meta":{"_kad_post_transparent":"","_kad_post_title":"","_kad_post_layout":"","_kad_post_sidebar_id":"","_kad_post_content_style":"","_kad_post_vertical_padding":"","_kad_post_feature":"","_kad_post_feature_position":"","_kad_post_header":false,"_kad_post_footer":false,"_kad_post_classname":"","footnotes":""},"categories":[7],"tags":[2241,1679,2319,2318,2315,1676,319,2163,2316,2320,2321,2317],"class_list":["post-12600","post","type-post","status-publish","format-standard","has-post-thumbnail","hentry","category-ateliers-enfants","tag-rever-demain","tag-cinema-le-studio","tag-cinema-les-arts","tag-cul-de-bouteille","tag-havre","tag-havre-de-cinema","tag-jean-claude-rozec","tag-la-petite-ecole-de-cinema","tag-lili-dans-les-nuages","tag-montivilliers","tag-philippe-virmoux","tag-thomas-leroux"],"_links":{"self":[{"href":"https:\/\/lafilledecorinthe.com\/wordpress\/wp-json\/wp\/v2\/posts\/12600","targetHints":{"allow":["GET"]}}],"collection":[{"href":"https:\/\/lafilledecorinthe.com\/wordpress\/wp-json\/wp\/v2\/posts"}],"about":[{"href":"https:\/\/lafilledecorinthe.com\/wordpress\/wp-json\/wp\/v2\/types\/post"}],"author":[{"embeddable":true,"href":"https:\/\/lafilledecorinthe.com\/wordpress\/wp-json\/wp\/v2\/users\/2"}],"replies":[{"embeddable":true,"href":"https:\/\/lafilledecorinthe.com\/wordpress\/wp-json\/wp\/v2\/comments?post=12600"}],"version-history":[{"count":25,"href":"https:\/\/lafilledecorinthe.com\/wordpress\/wp-json\/wp\/v2\/posts\/12600\/revisions"}],"predecessor-version":[{"id":14255,"href":"https:\/\/lafilledecorinthe.com\/wordpress\/wp-json\/wp\/v2\/posts\/12600\/revisions\/14255"}],"wp:featuredmedia":[{"embeddable":true,"href":"https:\/\/lafilledecorinthe.com\/wordpress\/wp-json\/wp\/v2\/media\/12601"}],"wp:attachment":[{"href":"https:\/\/lafilledecorinthe.com\/wordpress\/wp-json\/wp\/v2\/media?parent=12600"}],"wp:term":[{"taxonomy":"category","embeddable":true,"href":"https:\/\/lafilledecorinthe.com\/wordpress\/wp-json\/wp\/v2\/categories?post=12600"},{"taxonomy":"post_tag","embeddable":true,"href":"https:\/\/lafilledecorinthe.com\/wordpress\/wp-json\/wp\/v2\/tags?post=12600"}],"curies":[{"name":"wp","href":"https:\/\/api.w.org\/{rel}","templated":true}]}}