{"id":12573,"date":"2023-05-12T16:26:32","date_gmt":"2023-05-12T15:26:32","guid":{"rendered":"http:\/\/lafilledecorinthe.com\/wordpress\/?p=12573"},"modified":"2025-12-03T20:00:47","modified_gmt":"2025-12-03T19:00:47","slug":"le-petit-herisson-dans-la-brume-et-autres-merveilles","status":"publish","type":"post","link":"https:\/\/lafilledecorinthe.com\/wordpress\/2023\/05\/le-petit-herisson-dans-la-brume-et-autres-merveilles\/","title":{"rendered":"\u00ab\u00a0Le petit H\u00e9risson dans la Brume et autres merveilles\u00a0\u00bb"},"content":{"rendered":"\n<p class=\"p1\"><strong>\u00a0Projection-conf\u00e9rence :<\/strong><br>Studio Cin\u00e9 de Taverny<br>Mercredi 10 mai 2023<\/p>\n\n\n\n<p class=\"p1\">Le dernier rendez-vous de la formation <em>Maternelle et Cin\u00e9ma <\/em>organis\u00e9e<em>&nbsp;<\/em>en partenariat&nbsp;avec les circonscriptions de Taverny et du Vexin, Canop\u00e9 95 et Ecrans VO s&rsquo;est d\u00e9roul\u00e9 au cin\u00e9ma de Taverny et r\u00e9unissait les enseignants autour du programme&nbsp;<a href=\"https:\/\/www.malavidafilms.com\/cinema\/petith%C3%A9rissondanslabrume\" target=\"_blank\" rel=\"noopener\"><em>Le petit H\u00e9risson dans la Brume et autres merveilles<\/em><\/a><\/p>\n\n\n<div class=\"wp-block-image\">\n<figure class=\"aligncenter\"><img loading=\"lazy\" decoding=\"async\" width=\"1538\" height=\"1156\" src=\"https:\/\/lafilledecorinthe.com\/wordpress\/wp-content\/uploads\/2023\/05\/Capture-d\u2019e\u0301cran-2023-05-12-a\u0300-17.07.20.png\" alt=\"Capture d\u2019e\u0301cran 2023-05-12 a\u0300 17.07.20\" class=\"wp-image-12585\" srcset=\"https:\/\/lafilledecorinthe.com\/wordpress\/wp-content\/uploads\/2023\/05\/Capture-d\u2019e\u0301cran-2023-05-12-a\u0300-17.07.20.png 1538w, https:\/\/lafilledecorinthe.com\/wordpress\/wp-content\/uploads\/2023\/05\/Capture-d\u2019e\u0301cran-2023-05-12-a\u0300-17.07.20-680x511.png 680w, https:\/\/lafilledecorinthe.com\/wordpress\/wp-content\/uploads\/2023\/05\/Capture-d\u2019e\u0301cran-2023-05-12-a\u0300-17.07.20-1280x962.png 1280w, https:\/\/lafilledecorinthe.com\/wordpress\/wp-content\/uploads\/2023\/05\/Capture-d\u2019e\u0301cran-2023-05-12-a\u0300-17.07.20-399x300.png 399w\" sizes=\"auto, (max-width: 1538px) 100vw, 1538px\" \/><\/figure>\n<\/div>\n\n\n<p class=\"p1\"><strong>\u00c0 t\u00e9l\u00e9charger :&nbsp;<\/strong><a href=\"https:\/\/lafilledecorinthe.com\/wordpress\/wp-content\/uploads\/2023\/05\/Pour-aller-plus-loin-.pdf\">Pour aller plus loin<\/a>,&nbsp;<a href=\"https:\/\/lafilledecorinthe.com\/wordpress\/wp-content\/uploads\/2023\/05\/Plan-objectif-et-plan-subjectif-.pdf\">Plan objectif et plan subjectif<\/a>,&nbsp;<a href=\"https:\/\/lafilledecorinthe.com\/wordpress\/wp-content\/uploads\/2023\/05\/La-me\u0301tamorphose-de-la-moufle-.pdf\">La me\u0301tamorphose de la moufle<\/a>,&nbsp;<a href=\"https:\/\/lafilledecorinthe.com\/wordpress\/wp-content\/uploads\/2023\/05\/Images-se\u0301quentielles.pdf\">Images se\u0301quentielles<\/a>,&nbsp;<a href=\"https:\/\/lafilledecorinthe.com\/wordpress\/wp-content\/uploads\/2023\/05\/D\u2019une-image-a\u0300-l\u2019autre-.pdf\">D\u2019une image a\u0300 l\u2019autre<\/a>,&nbsp;<a href=\"https:\/\/lafilledecorinthe.com\/wordpress\/wp-content\/uploads\/2023\/05\/Position-.pdf\">Position<\/a><a href=\"https:\/\/lafilledecorinthe.com\/wordpress\/wp-content\/uploads\/2023\/05\/L\u2019e\u0301chelle-des-plans-.pdf\">L\u2019e\u0301chelle des plans<\/a><a href=\"https:\/\/lafilledecorinthe.com\/wordpress\/wp-content\/uploads\/2023\/05\/Les-animaux-colore\u0301s-.pdf\">Les animaux colore\u0301s<\/a><a href=\"https:\/\/lafilledecorinthe.com\/wordpress\/wp-content\/uploads\/2023\/05\/Les-animaux-en-nb-.pdf\">Les animaux en n&amp;b<\/a>,&nbsp;<a href=\"https:\/\/lafilledecorinthe.com\/wordpress\/wp-content\/uploads\/2023\/05\/Que-ressent-le-Petit-He\u0301risson-.pdf\">Que ressent le Petit He\u0301risson ?<\/a>,&nbsp;<a href=\"https:\/\/lafilledecorinthe.com\/wordpress\/wp-content\/uploads\/2023\/05\/Les-animaux-.pdf\">Les animaux<\/a><\/p>\n\n\n\n<p class=\"p1\">&nbsp;<\/p>\n","protected":false},"excerpt":{"rendered":"<p>\u00a0Projection-conf\u00e9rence :Studio Cin\u00e9 de TavernyMercredi 10 mai 2023 Le dernier rendez-vous de la formation Maternelle et Cin\u00e9ma organis\u00e9e&nbsp;en partenariat&nbsp;avec les circonscriptions de Taverny et du Vexin, Canop\u00e9 95 et Ecrans VO s&rsquo;est d\u00e9roul\u00e9 au cin\u00e9ma de Taverny et r\u00e9unissait les enseignants autour du programme&nbsp;Le petit H\u00e9risson dans la Brume et autres merveilles \u00c0 t\u00e9l\u00e9charger :&nbsp;Pour&#8230;<\/p>\n","protected":false},"author":2,"featured_media":12583,"comment_status":"open","ping_status":"open","sticky":false,"template":"","format":"standard","meta":{"_kad_post_transparent":"","_kad_post_title":"","_kad_post_layout":"","_kad_post_sidebar_id":"","_kad_post_content_style":"","_kad_post_vertical_padding":"","_kad_post_feature":"","_kad_post_feature_position":"","_kad_post_header":false,"_kad_post_footer":false,"_kad_post_classname":"","footnotes":""},"categories":[8],"tags":[2313,965,2314],"class_list":["post-12573","post","type-post","status-publish","format-standard","has-post-thumbnail","hentry","category-formations-adultes","tag-le-petit-herisson-dans-la-brume-et-autres-merveilles","tag-maternelle-et-cinema","tag-studio-cine-de-taverny"],"_links":{"self":[{"href":"https:\/\/lafilledecorinthe.com\/wordpress\/wp-json\/wp\/v2\/posts\/12573","targetHints":{"allow":["GET"]}}],"collection":[{"href":"https:\/\/lafilledecorinthe.com\/wordpress\/wp-json\/wp\/v2\/posts"}],"about":[{"href":"https:\/\/lafilledecorinthe.com\/wordpress\/wp-json\/wp\/v2\/types\/post"}],"author":[{"embeddable":true,"href":"https:\/\/lafilledecorinthe.com\/wordpress\/wp-json\/wp\/v2\/users\/2"}],"replies":[{"embeddable":true,"href":"https:\/\/lafilledecorinthe.com\/wordpress\/wp-json\/wp\/v2\/comments?post=12573"}],"version-history":[{"count":13,"href":"https:\/\/lafilledecorinthe.com\/wordpress\/wp-json\/wp\/v2\/posts\/12573\/revisions"}],"predecessor-version":[{"id":12598,"href":"https:\/\/lafilledecorinthe.com\/wordpress\/wp-json\/wp\/v2\/posts\/12573\/revisions\/12598"}],"wp:featuredmedia":[{"embeddable":true,"href":"https:\/\/lafilledecorinthe.com\/wordpress\/wp-json\/wp\/v2\/media\/12583"}],"wp:attachment":[{"href":"https:\/\/lafilledecorinthe.com\/wordpress\/wp-json\/wp\/v2\/media?parent=12573"}],"wp:term":[{"taxonomy":"category","embeddable":true,"href":"https:\/\/lafilledecorinthe.com\/wordpress\/wp-json\/wp\/v2\/categories?post=12573"},{"taxonomy":"post_tag","embeddable":true,"href":"https:\/\/lafilledecorinthe.com\/wordpress\/wp-json\/wp\/v2\/tags?post=12573"}],"curies":[{"name":"wp","href":"https:\/\/api.w.org\/{rel}","templated":true}]}}