{"id":12551,"date":"2023-04-24T11:29:51","date_gmt":"2023-04-24T10:29:51","guid":{"rendered":"http:\/\/lafilledecorinthe.com\/wordpress\/?p=12551"},"modified":"2025-11-28T20:51:42","modified_gmt":"2025-11-28T19:51:42","slug":"atelier-mon-premier-cinema-jeu-dombres-et-de-lumieres","status":"publish","type":"post","link":"https:\/\/lafilledecorinthe.com\/wordpress\/2023\/04\/atelier-mon-premier-cinema-jeu-dombres-et-de-lumieres\/","title":{"rendered":"Atelier \u00ab\u00a0Mon Premier Cin\u00e9ma\u00a0\u00bb : jeu d&rsquo;ombres et de lumi\u00e8res"},"content":{"rendered":"\n<p>Mais pourquoi sommes nous plong\u00e9s dans le noir pour voir un film au cin\u00e9ma alors que la lumi\u00e8re reste allum\u00e9e lorsqu&rsquo;on regarde un film sur l&rsquo;\u00e9cran de la t\u00e9l\u00e9vision ou de l&rsquo;ordinateur ? Cette question accompagne les enfants tout au long de l&rsquo;atelier au cours duquel ils vont d\u00e9couvrir l&rsquo;origine lointaine des images projet\u00e9es.<\/p>\n\n\n<div class=\"wp-block-image\">\n<figure class=\"aligncenter\"><a href=\"https:\/\/lafilledecorinthe.com\/wordpress\/wp-content\/uploads\/2023\/04\/11.png\"><img loading=\"lazy\" decoding=\"async\" width=\"1636\" height=\"852\" src=\"https:\/\/lafilledecorinthe.com\/wordpress\/wp-content\/uploads\/2023\/04\/11.png\" alt=\"1\" class=\"wp-image-12559\" srcset=\"https:\/\/lafilledecorinthe.com\/wordpress\/wp-content\/uploads\/2023\/04\/11.png 1636w, https:\/\/lafilledecorinthe.com\/wordpress\/wp-content\/uploads\/2023\/04\/11-680x354.png 680w, https:\/\/lafilledecorinthe.com\/wordpress\/wp-content\/uploads\/2023\/04\/11-1280x667.png 1280w, https:\/\/lafilledecorinthe.com\/wordpress\/wp-content\/uploads\/2023\/04\/11-500x260.png 500w\" sizes=\"auto, (max-width: 1636px) 100vw, 1636px\" \/><\/a><figcaption class=\"wp-element-caption\">Voyage dans la pr\u00e9histoire&#8230;Les premi\u00e8res images projet\u00e9es\u00a0sont apparues lorsque les humains ont ma\u00eetris\u00e9 le feu.<\/figcaption><\/figure>\n<\/div>\n\n<div class=\"wp-block-image\">\n<figure class=\"aligncenter\"><a href=\"https:\/\/lafilledecorinthe.com\/wordpress\/wp-content\/uploads\/2023\/04\/Capture-d\u2019e\u0301cran-2023-04-24-a\u0300-09.58.30.png\"><img loading=\"lazy\" decoding=\"async\" width=\"1810\" height=\"852\" src=\"https:\/\/lafilledecorinthe.com\/wordpress\/wp-content\/uploads\/2023\/04\/Capture-d\u2019e\u0301cran-2023-04-24-a\u0300-09.58.30.png\" alt=\"Capture d\u2019e\u0301cran 2023-04-24 a\u0300 09.58.30\" class=\"wp-image-12566\" srcset=\"https:\/\/lafilledecorinthe.com\/wordpress\/wp-content\/uploads\/2023\/04\/Capture-d\u2019e\u0301cran-2023-04-24-a\u0300-09.58.30.png 1810w, https:\/\/lafilledecorinthe.com\/wordpress\/wp-content\/uploads\/2023\/04\/Capture-d\u2019e\u0301cran-2023-04-24-a\u0300-09.58.30-680x320.png 680w, https:\/\/lafilledecorinthe.com\/wordpress\/wp-content\/uploads\/2023\/04\/Capture-d\u2019e\u0301cran-2023-04-24-a\u0300-09.58.30-1280x603.png 1280w, https:\/\/lafilledecorinthe.com\/wordpress\/wp-content\/uploads\/2023\/04\/Capture-d\u2019e\u0301cran-2023-04-24-a\u0300-09.58.30-500x235.png 500w\" sizes=\"auto, (max-width: 1810px) 100vw, 1810px\" \/><\/a><figcaption class=\"wp-element-caption\">\u00c0 la suite de la maman de Louve les enfants s&rsquo;entra\u00eenent \u00e0 repr\u00e9senter l&rsquo;ombre d&rsquo;un oiseau avec leur main.<\/figcaption><\/figure>\n<\/div>\n\n\n<figure class=\"wp-block-image\"><a href=\"https:\/\/lafilledecorinthe.com\/wordpress\/wp-content\/uploads\/2023\/04\/2.png\"><img loading=\"lazy\" decoding=\"async\" width=\"1258\" height=\"852\" src=\"https:\/\/lafilledecorinthe.com\/wordpress\/wp-content\/uploads\/2023\/04\/2.png\" alt=\"2\" class=\"wp-image-12556\" srcset=\"https:\/\/lafilledecorinthe.com\/wordpress\/wp-content\/uploads\/2023\/04\/2.png 1258w, https:\/\/lafilledecorinthe.com\/wordpress\/wp-content\/uploads\/2023\/04\/2-680x461.png 680w, https:\/\/lafilledecorinthe.com\/wordpress\/wp-content\/uploads\/2023\/04\/2-443x300.png 443w\" sizes=\"auto, (max-width: 1258px) 100vw, 1258px\" \/><\/a><\/figure>\n\n\n\n<p><\/p>\n\n\n<div class=\"wp-block-image\">\n<figure class=\"aligncenter\"><a href=\"https:\/\/lafilledecorinthe.com\/wordpress\/wp-content\/uploads\/2023\/04\/3.png\"><img loading=\"lazy\" decoding=\"async\" width=\"1636\" height=\"852\" src=\"https:\/\/lafilledecorinthe.com\/wordpress\/wp-content\/uploads\/2023\/04\/3.png\" alt=\"3\" class=\"wp-image-12557\" srcset=\"https:\/\/lafilledecorinthe.com\/wordpress\/wp-content\/uploads\/2023\/04\/3.png 1636w, https:\/\/lafilledecorinthe.com\/wordpress\/wp-content\/uploads\/2023\/04\/3-680x354.png 680w, https:\/\/lafilledecorinthe.com\/wordpress\/wp-content\/uploads\/2023\/04\/3-1280x667.png 1280w, https:\/\/lafilledecorinthe.com\/wordpress\/wp-content\/uploads\/2023\/04\/3-500x260.png 500w\" sizes=\"auto, (max-width: 1636px) 100vw, 1636px\" \/><\/a><figcaption class=\"wp-element-caption\">Voyage sur l&rsquo;\u00eele de Java. Les enfants font danser les marionnettes indon\u00e9siennes sur la musique d&rsquo;un gamelan.<\/figcaption><\/figure>\n<\/div>\n\n<div class=\"wp-block-image\">\n<figure class=\"aligncenter\"><a href=\"https:\/\/lafilledecorinthe.com\/wordpress\/wp-content\/uploads\/2023\/04\/Capture-d\u2019e\u0301cran-2023-04-24-a\u0300-09.59.27.png\"><img loading=\"lazy\" decoding=\"async\" width=\"1694\" height=\"852\" src=\"https:\/\/lafilledecorinthe.com\/wordpress\/wp-content\/uploads\/2023\/04\/Capture-d\u2019e\u0301cran-2023-04-24-a\u0300-09.59.27.png\" alt=\"Capture d\u2019e\u0301cran 2023-04-24 a\u0300 09.59.27\" class=\"wp-image-12567\" srcset=\"https:\/\/lafilledecorinthe.com\/wordpress\/wp-content\/uploads\/2023\/04\/Capture-d\u2019e\u0301cran-2023-04-24-a\u0300-09.59.27.png 1694w, https:\/\/lafilledecorinthe.com\/wordpress\/wp-content\/uploads\/2023\/04\/Capture-d\u2019e\u0301cran-2023-04-24-a\u0300-09.59.27-680x342.png 680w, https:\/\/lafilledecorinthe.com\/wordpress\/wp-content\/uploads\/2023\/04\/Capture-d\u2019e\u0301cran-2023-04-24-a\u0300-09.59.27-1280x644.png 1280w, https:\/\/lafilledecorinthe.com\/wordpress\/wp-content\/uploads\/2023\/04\/Capture-d\u2019e\u0301cran-2023-04-24-a\u0300-09.59.27-500x251.png 500w\" sizes=\"auto, (max-width: 1694px) 100vw, 1694px\" \/><\/a><figcaption class=\"wp-element-caption\">Retour en France \u00e0 la d\u00e9couverte des colporteurs et de leur lanterne magique<\/figcaption><\/figure>\n<\/div>\n\n\n<figure class=\"wp-block-image\"><img loading=\"lazy\" decoding=\"async\" width=\"1636\" height=\"852\" src=\"https:\/\/lafilledecorinthe.com\/wordpress\/wp-content\/uploads\/2023\/04\/Capture-d\u2019e\u0301cran-2023-04-20-a\u0300-16.39.03.png\" alt=\"Capture d\u2019e\u0301cran 2023-04-20 a\u0300 16.39.03\" class=\"wp-image-12558\" srcset=\"https:\/\/lafilledecorinthe.com\/wordpress\/wp-content\/uploads\/2023\/04\/Capture-d\u2019e\u0301cran-2023-04-20-a\u0300-16.39.03.png 1636w, https:\/\/lafilledecorinthe.com\/wordpress\/wp-content\/uploads\/2023\/04\/Capture-d\u2019e\u0301cran-2023-04-20-a\u0300-16.39.03-680x354.png 680w, https:\/\/lafilledecorinthe.com\/wordpress\/wp-content\/uploads\/2023\/04\/Capture-d\u2019e\u0301cran-2023-04-20-a\u0300-16.39.03-1280x667.png 1280w, https:\/\/lafilledecorinthe.com\/wordpress\/wp-content\/uploads\/2023\/04\/Capture-d\u2019e\u0301cran-2023-04-20-a\u0300-16.39.03-500x260.png 500w\" sizes=\"auto, (max-width: 1636px) 100vw, 1636px\" \/><\/figure>\n\n\n\n<p><\/p>\n\n\n\n<p>Et pour&nbsp;finir, le cauchemar des projectionnistes ! Chaque enfant spectateur muni d&rsquo;une lampe de poche essaie de faire dispara\u00eetre l&rsquo;image projet\u00e9e. Fort heureusement <em>Shaun le mouton<\/em> aura le dernier mot !<\/p>\n\n\n<div class=\"wp-block-image\">\n<figure class=\"aligncenter\"><a href=\"https:\/\/lafilledecorinthe.com\/wordpress\/wp-content\/uploads\/2023\/04\/5.png\"><img loading=\"lazy\" decoding=\"async\" width=\"1810\" height=\"852\" src=\"https:\/\/lafilledecorinthe.com\/wordpress\/wp-content\/uploads\/2023\/04\/5.png\" alt=\"5\" class=\"wp-image-12560\" srcset=\"https:\/\/lafilledecorinthe.com\/wordpress\/wp-content\/uploads\/2023\/04\/5.png 1810w, https:\/\/lafilledecorinthe.com\/wordpress\/wp-content\/uploads\/2023\/04\/5-680x320.png 680w, https:\/\/lafilledecorinthe.com\/wordpress\/wp-content\/uploads\/2023\/04\/5-1280x603.png 1280w, https:\/\/lafilledecorinthe.com\/wordpress\/wp-content\/uploads\/2023\/04\/5-500x235.png 500w\" sizes=\"auto, (max-width: 1810px) 100vw, 1810px\" \/><\/a><\/figure>\n<\/div>\n\n\n<p><\/p>\n\n\n<div class=\"wp-block-image\">\n<figure class=\"aligncenter\"><a href=\"https:\/\/lafilledecorinthe.com\/wordpress\/wp-content\/uploads\/2023\/04\/IMG_6212.jpeg\"><img loading=\"lazy\" decoding=\"async\" width=\"3022\" height=\"1932\" src=\"https:\/\/lafilledecorinthe.com\/wordpress\/wp-content\/uploads\/2023\/04\/IMG_6212.jpeg\" alt=\"IMG_6212\" class=\"wp-image-12562\" srcset=\"https:\/\/lafilledecorinthe.com\/wordpress\/wp-content\/uploads\/2023\/04\/IMG_6212.jpeg 3022w, https:\/\/lafilledecorinthe.com\/wordpress\/wp-content\/uploads\/2023\/04\/IMG_6212-680x435.jpeg 680w, https:\/\/lafilledecorinthe.com\/wordpress\/wp-content\/uploads\/2023\/04\/IMG_6212-1280x818.jpeg 1280w, https:\/\/lafilledecorinthe.com\/wordpress\/wp-content\/uploads\/2023\/04\/IMG_6212-469x300.jpeg 469w\" sizes=\"auto, (max-width: 3022px) 100vw, 3022px\" \/><\/a><figcaption class=\"wp-element-caption\">Shaun sait tr\u00e8s bien faire l&rsquo;ombre de l&rsquo;oiseau ! <em>Les ombres chinoises<\/em>, <em>Shaun le mouton,<\/em> saison 3, \u00e9pisode 18, 2013, studio Aardman<\/figcaption><\/figure>\n<\/div>\n\n\n<p>Un grand merci aux enfants et \u00e0 leurs enseignantes qui m&rsquo;ont accueillie pendant ces ateliers organis\u00e9s dans le cadre de <a href=\"https:\/\/enfancesaucinema.net\/\" target=\"_blank\" rel=\"noopener\">Mon Premier Cin\u00e9ma<\/a>.<\/p>\n","protected":false},"excerpt":{"rendered":"<p>Mais pourquoi sommes nous plong\u00e9s dans le noir pour voir un film au cin\u00e9ma alors que la lumi\u00e8re reste allum\u00e9e lorsqu&rsquo;on regarde un film sur l&rsquo;\u00e9cran de la t\u00e9l\u00e9vision ou de l&rsquo;ordinateur ? Cette question accompagne les enfants tout au long de l&rsquo;atelier au cours duquel ils vont d\u00e9couvrir l&rsquo;origine lointaine des images projet\u00e9es. Et&#8230;<\/p>\n","protected":false},"author":2,"featured_media":12552,"comment_status":"open","ping_status":"open","sticky":false,"template":"","format":"standard","meta":{"_kad_post_transparent":"","_kad_post_title":"","_kad_post_layout":"","_kad_post_sidebar_id":"","_kad_post_content_style":"","_kad_post_vertical_padding":"","_kad_post_feature":"","_kad_post_feature_position":"","_kad_post_header":false,"_kad_post_footer":false,"_kad_post_classname":"","footnotes":""},"categories":[7],"tags":[2308,2310,2309,587,2311,2312,1878],"class_list":["post-12551","post","type-post","status-publish","format-standard","has-post-thumbnail","hentry","category-ateliers-enfants","tag-atelier-mon-premier-cinema","tag-images-projetees","tag-jeu-dombres-et-de-lumieres","tag-lanterne-magique","tag-le-feu","tag-marionnettes-indonesiennes","tag-shaun-le-mouton"],"_links":{"self":[{"href":"https:\/\/lafilledecorinthe.com\/wordpress\/wp-json\/wp\/v2\/posts\/12551","targetHints":{"allow":["GET"]}}],"collection":[{"href":"https:\/\/lafilledecorinthe.com\/wordpress\/wp-json\/wp\/v2\/posts"}],"about":[{"href":"https:\/\/lafilledecorinthe.com\/wordpress\/wp-json\/wp\/v2\/types\/post"}],"author":[{"embeddable":true,"href":"https:\/\/lafilledecorinthe.com\/wordpress\/wp-json\/wp\/v2\/users\/2"}],"replies":[{"embeddable":true,"href":"https:\/\/lafilledecorinthe.com\/wordpress\/wp-json\/wp\/v2\/comments?post=12551"}],"version-history":[{"count":11,"href":"https:\/\/lafilledecorinthe.com\/wordpress\/wp-json\/wp\/v2\/posts\/12551\/revisions"}],"predecessor-version":[{"id":14256,"href":"https:\/\/lafilledecorinthe.com\/wordpress\/wp-json\/wp\/v2\/posts\/12551\/revisions\/14256"}],"wp:featuredmedia":[{"embeddable":true,"href":"https:\/\/lafilledecorinthe.com\/wordpress\/wp-json\/wp\/v2\/media\/12552"}],"wp:attachment":[{"href":"https:\/\/lafilledecorinthe.com\/wordpress\/wp-json\/wp\/v2\/media?parent=12551"}],"wp:term":[{"taxonomy":"category","embeddable":true,"href":"https:\/\/lafilledecorinthe.com\/wordpress\/wp-json\/wp\/v2\/categories?post=12551"},{"taxonomy":"post_tag","embeddable":true,"href":"https:\/\/lafilledecorinthe.com\/wordpress\/wp-json\/wp\/v2\/tags?post=12551"}],"curies":[{"name":"wp","href":"https:\/\/api.w.org\/{rel}","templated":true}]}}