{"id":12436,"date":"2023-01-30T19:10:52","date_gmt":"2023-01-30T18:10:52","guid":{"rendered":"http:\/\/lafilledecorinthe.com\/wordpress\/?p=12436"},"modified":"2025-12-04T08:56:12","modified_gmt":"2025-12-04T07:56:12","slug":"le-roi-et-loiseau-ecole-et-cinema-92","status":"publish","type":"post","link":"https:\/\/lafilledecorinthe.com\/wordpress\/2023\/01\/le-roi-et-loiseau-ecole-et-cinema-92\/","title":{"rendered":"\u00ab\u00a0Le Roi et l&rsquo;Oiseau\u00a0\u00bb \u00c9cole et Cin\u00e9ma 92"},"content":{"rendered":"<div class=\"wp-block-image\">\n<figure class=\"aligncenter\"><a href=\"https:\/\/lafilledecorinthe.com\/wordpress\/wp-content\/uploads\/2023\/01\/couv.png\"><img loading=\"lazy\" decoding=\"async\" width=\"1532\" height=\"1138\" src=\"https:\/\/lafilledecorinthe.com\/wordpress\/wp-content\/uploads\/2023\/01\/couv.png\" alt=\"couv\" class=\"wp-image-12442\" srcset=\"https:\/\/lafilledecorinthe.com\/wordpress\/wp-content\/uploads\/2023\/01\/couv.png 1532w, https:\/\/lafilledecorinthe.com\/wordpress\/wp-content\/uploads\/2023\/01\/couv-680x505.png 680w, https:\/\/lafilledecorinthe.com\/wordpress\/wp-content\/uploads\/2023\/01\/couv-1280x951.png 1280w, https:\/\/lafilledecorinthe.com\/wordpress\/wp-content\/uploads\/2023\/01\/couv-404x300.png 404w\" sizes=\"auto, (max-width: 1532px) 100vw, 1532px\" \/><\/a><\/figure>\n<\/div>\n\n\n<p><\/p>\n\n\n\n<p><em>Le cin\u00e9ma c&rsquo;est formidable, il y a un \u00e9cran avec des gens qui ont une t\u00eate de 30 m\u00e8tres carr\u00e9s, qui vous dominent : on n&rsquo;ose pas moufter, on a du respect pour le spectacle dans une salle de cin\u00e9ma, on est domin\u00e9 par l&rsquo;image et aussi on est sensible \u00e0 la pr\u00e9sence du public.\u00a0<\/em><br><span class=\"s1\"><i>Paul Grimault<\/i>,<\/span> Jean-Pierre Pagliano, Lherminier, 1986<\/p>\n\n\n\n<p><i>Le monde de Grimault est proche de celui du conteur danois. D\u2019un c\u00f4t\u00e9 des personnages attachants, na\u00effs, enfantins, de l\u2019autre&nbsp;: la m\u00e9chancet\u00e9 et l\u2019hypocrisie concr\u00e9tis\u00e9e par des personnages inqui\u00e9tants chauss\u00e9s de godillots \u00e0 clous et arm\u00e9s de parapluies. Cette lutte du merveilleux et de la cruaut\u00e9 est le d\u00e9nominateur commun de l\u2019\u0153uvre de Grimault.&nbsp; &nbsp; &nbsp; &nbsp; &nbsp; &nbsp; &nbsp; &nbsp; &nbsp; &nbsp; &nbsp; &nbsp; &nbsp; &nbsp; &nbsp; &nbsp; &nbsp; &nbsp; &nbsp; &nbsp;&nbsp;<i>D\u00e9fense du court m\u00e9trage fran\u00e7ais,<\/i><\/i>&nbsp;Fran\u00e7ois Porcile,&nbsp;Le Cerf\/Corlet,1997<\/p>\n\n\n\n<p><strong>Projection-conf\u00e9rence :<\/strong><br><em>Le roi et l&rsquo;oiseau,<\/em> Paul Grimault, 1980<br>Cin\u00e9ma Le Rex de Ch\u00e2tenay-Malabry<br>Samedi 4 f\u00e9vrier 2023<br>Cin\u00e9ma Jean Vigo de Gennevilliers<\/p>\n\n\n\n<p>Samedi 11 f\u00e9vrier 2023<br>Co-animation avec Marc Laugenie (conseiller p\u00e9dagogique en musique)<\/p>\n\n\n\n<p><strong>Documents\u00a0\u00e0 t\u00e9l\u00e9charger :\u00a0<\/strong><a href=\"https:\/\/lafilledecorinthe.com\/wordpress\/wp-content\/uploads\/2023\/01\/Pour-aller-plus-loin...-.pdf\">Pour aller plus loin&#8230;<\/a>,\u00a0<a href=\"https:\/\/lafilledecorinthe.com\/wordpress\/wp-content\/uploads\/2023\/01\/La-Berge\u0300re-et-le-ramoneur-.pdf\">La Berge\u0300re et le ramoneur<\/a>,\u00a0<a href=\"https:\/\/lafilledecorinthe.com\/wordpress\/wp-content\/uploads\/2023\/01\/Conte-dAndersen.pdf\">Conte d&rsquo;Andersen<\/a>,\u00a0<a href=\"https:\/\/lafilledecorinthe.com\/wordpress\/wp-content\/uploads\/2023\/01\/D\u2019un-roi-a\u0300-l\u2019autre-.pdf\">D\u2019un roi a\u0300 l\u2019autre<\/a>,\u00a0<a href=\"https:\/\/lafilledecorinthe.com\/wordpress\/wp-content\/uploads\/2023\/01\/La-me\u0301galomanie-du-roi.pdf\">La me\u0301galomanie du roi<\/a>,\u00a0<a href=\"https:\/\/lafilledecorinthe.com\/wordpress\/wp-content\/uploads\/2023\/01\/Le-muse\u0301e-du-Roi.pdf\">Le muse\u0301e du Roi<\/a>,\u00a0<a href=\"https:\/\/lafilledecorinthe.com\/wordpress\/wp-content\/uploads\/2023\/01\/Un-oiseau-rebelle-.pdf\">Un oiseau rebelle<\/a>,\u00a0<a href=\"https:\/\/lafilledecorinthe.com\/wordpress\/wp-content\/uploads\/2023\/01\/Quartier-libre-.pdf\">Quartier libre<\/a>,\u00a0<a href=\"https:\/\/lafilledecorinthe.com\/wordpress\/wp-content\/uploads\/2023\/01\/A-la-trappe-.pdf\">A la trappe !<\/a>,\u00a0<a href=\"https:\/\/lafilledecorinthe.com\/wordpress\/wp-content\/uploads\/2023\/01\/Page-d\u2019e\u0301criture-.pdf\">Page d\u2019e\u0301criture<\/a>,\u00a0<a href=\"https:\/\/lafilledecorinthe.com\/wordpress\/wp-content\/uploads\/2023\/01\/Entre\u0301e-et-sortie-du-cadre-du-roi-.pdf\">Entre\u0301e et sortie du cadre du roi<\/a>,<br><a href=\"https:\/\/lafilledecorinthe.com\/wordpress\/wp-content\/uploads\/2023\/01\/Le-monde-est-une-merveille-.pdf\">Le monde est une merveille<\/a>,\u00a0<a href=\"https:\/\/lafilledecorinthe.com\/wordpress\/wp-content\/uploads\/2023\/01\/Vocabulaire-musical-.pdf\">Vocabulaire musical<\/a><\/p>\n\n\n\n<p><em>Pour faire le portrait d&rsquo;un oiseau, <\/em>po\u00e8me de Jacques Pr\u00e9vert dit par Serge Reggiani,1962<br><iframe loading=\"lazy\" title=\"YouTube video player\" src=\"https:\/\/www.youtube.com\/embed\/2j8kuLG4kN0\" width=\"560\" height=\"315\" frameborder=\"0\" allowfullscreen=\"allowfullscreen\"><\/iframe><\/p>\n\n\n<div class=\"wp-block-image\">\n<figure class=\"aligncenter\"><a href=\"https:\/\/lafilledecorinthe.com\/wordpress\/wp-content\/uploads\/2023\/01\/Jean-Vimenet-au-Studio-des-Ge\u0301meaux-1937.jpeg\"><img loading=\"lazy\" decoding=\"async\" width=\"1024\" height=\"730\" src=\"https:\/\/lafilledecorinthe.com\/wordpress\/wp-content\/uploads\/2023\/01\/Jean-Vimenet-au-Studio-des-Ge\u0301meaux-1937.jpeg\" alt=\"Jean Vimenet au Studio des Ge\u0301meaux, 1937\" class=\"wp-image-12468\" srcset=\"https:\/\/lafilledecorinthe.com\/wordpress\/wp-content\/uploads\/2023\/01\/Jean-Vimenet-au-Studio-des-Ge\u0301meaux-1937.jpeg 1024w, https:\/\/lafilledecorinthe.com\/wordpress\/wp-content\/uploads\/2023\/01\/Jean-Vimenet-au-Studio-des-Ge\u0301meaux-1937-680x485.jpeg 680w, https:\/\/lafilledecorinthe.com\/wordpress\/wp-content\/uploads\/2023\/01\/Jean-Vimenet-au-Studio-des-Ge\u0301meaux-1937-421x300.jpeg 421w\" sizes=\"auto, (max-width: 1024px) 100vw, 1024px\" \/><\/a><figcaption class=\"wp-element-caption\">Jean Vimenet tient un cellulo\u00efd de la publicit\u00e9 \u00ab\u00a0Le messager de la lumi\u00e8re\u00a0\u00bb, studio les G\u00e9meaux, 1937<\/figcaption><\/figure>\n<\/div>\n\n\n<div style=\"position: relative; padding-bottom: 56.25%; height: 0; overflow: hidden;\"><iframe loading=\"lazy\" style=\"width: 100%; height: 100%; position: absolute; left: 0px; top: 0px; overflow: hidden;\" title=\"Lecteur vid\u00e9o Dailymotion\" src=\"https:\/\/www.dailymotion.com\/embed\/video\/x2yupw3\" width=\"100%\" height=\"100%\" frameborder=\"0\" allowfullscreen=\"allowfullscreen\"> <\/iframe><\/div>\n","protected":false},"excerpt":{"rendered":"<p>Le cin\u00e9ma c&rsquo;est formidable, il y a un \u00e9cran avec des gens qui ont une t\u00eate de 30 m\u00e8tres carr\u00e9s, qui vous dominent : on n&rsquo;ose pas moufter, on a du respect pour le spectacle dans une salle de cin\u00e9ma, on est domin\u00e9 par l&rsquo;image et aussi on est sensible \u00e0 la pr\u00e9sence du public.\u00a0Paul&#8230;<\/p>\n","protected":false},"author":2,"featured_media":12442,"comment_status":"open","ping_status":"open","sticky":false,"template":"","format":"standard","meta":{"_kad_post_transparent":"","_kad_post_title":"","_kad_post_layout":"","_kad_post_sidebar_id":"","_kad_post_content_style":"","_kad_post_vertical_padding":"","_kad_post_feature":"","_kad_post_feature_position":"","_kad_post_header":false,"_kad_post_footer":false,"_kad_post_classname":"","footnotes":""},"categories":[8],"tags":[2290,373,2287,2205,2289,2286,2284,658,2285,2288],"class_list":["post-12436","post","type-post","status-publish","format-standard","has-post-thumbnail","hentry","category-formations-adultes","tag-le-messager-de-la-lumiere","tag-ecole-et-cinema-92","tag-francois-porcile","tag-jacques-prevert","tag-jean-vimenet","tag-jean-pierre-pagliano","tag-le-roi-et-loiseau","tag-marc-laugenie","tag-paul-grimault","tag-serge-reggiani"],"_links":{"self":[{"href":"https:\/\/lafilledecorinthe.com\/wordpress\/wp-json\/wp\/v2\/posts\/12436","targetHints":{"allow":["GET"]}}],"collection":[{"href":"https:\/\/lafilledecorinthe.com\/wordpress\/wp-json\/wp\/v2\/posts"}],"about":[{"href":"https:\/\/lafilledecorinthe.com\/wordpress\/wp-json\/wp\/v2\/types\/post"}],"author":[{"embeddable":true,"href":"https:\/\/lafilledecorinthe.com\/wordpress\/wp-json\/wp\/v2\/users\/2"}],"replies":[{"embeddable":true,"href":"https:\/\/lafilledecorinthe.com\/wordpress\/wp-json\/wp\/v2\/comments?post=12436"}],"version-history":[{"count":23,"href":"https:\/\/lafilledecorinthe.com\/wordpress\/wp-json\/wp\/v2\/posts\/12436\/revisions"}],"predecessor-version":[{"id":14508,"href":"https:\/\/lafilledecorinthe.com\/wordpress\/wp-json\/wp\/v2\/posts\/12436\/revisions\/14508"}],"wp:featuredmedia":[{"embeddable":true,"href":"https:\/\/lafilledecorinthe.com\/wordpress\/wp-json\/wp\/v2\/media\/12442"}],"wp:attachment":[{"href":"https:\/\/lafilledecorinthe.com\/wordpress\/wp-json\/wp\/v2\/media?parent=12436"}],"wp:term":[{"taxonomy":"category","embeddable":true,"href":"https:\/\/lafilledecorinthe.com\/wordpress\/wp-json\/wp\/v2\/categories?post=12436"},{"taxonomy":"post_tag","embeddable":true,"href":"https:\/\/lafilledecorinthe.com\/wordpress\/wp-json\/wp\/v2\/tags?post=12436"}],"curies":[{"name":"wp","href":"https:\/\/api.w.org\/{rel}","templated":true}]}}