{"id":124,"date":"2011-10-20T14:26:37","date_gmt":"2011-10-20T13:26:37","guid":{"rendered":"http:\/\/lafilledecorinthe.com\/wordpress\/?p=124"},"modified":"2025-12-18T15:43:38","modified_gmt":"2025-12-18T14:43:38","slug":"lewis-hine","status":"publish","type":"post","link":"https:\/\/lafilledecorinthe.com\/wordpress\/2011\/10\/lewis-hine\/","title":{"rendered":"Lewis Hine"},"content":{"rendered":"\n<p>&nbsp;J\u2019aime que les images r\u00e9sonnent entre elles, qu\u2019un dialogue se cr\u00e9e par mon regard. Les burlesques am\u00e9ricains m\u2019ont accompagn\u00e9e tout au long de la visite de la tr\u00e8s belle exposition sur Lewis Hine organis\u00e9e par la fondation Henri Cartier Bresson.<\/p>\n\n\n\n<p>Ses photographies sur le travail des enfants, ses reportages dans les usines s\u2019animent de nos souvenirs du \u00abKid\u00bb et \u00abDes temps modernes\u00bb.<\/p>\n\n\n\n<p>Charlie Chaplin aurait-il vu cette femme slovaque photographi\u00e9e par Lewis Hine avant de r\u00e9aliser son court m\u00e9trage \u00ab Charlot \u00e9migrant \u00bb?<\/p>\n\n\n\n<figure class=\"wp-block-image size-large\"><img loading=\"lazy\" decoding=\"async\" width=\"926\" height=\"1280\" src=\"https:\/\/lafilledecorinthe.com\/wordpress\/wp-content\/uploads\/2011\/10\/Ellis-Island-926x1280.webp\" alt=\"\" class=\"wp-image-15606\" srcset=\"https:\/\/lafilledecorinthe.com\/wordpress\/wp-content\/uploads\/2011\/10\/Ellis-Island-926x1280.webp 926w, https:\/\/lafilledecorinthe.com\/wordpress\/wp-content\/uploads\/2011\/10\/Ellis-Island-492x680.webp 492w, https:\/\/lafilledecorinthe.com\/wordpress\/wp-content\/uploads\/2011\/10\/Ellis-Island-768x1062.webp 768w, https:\/\/lafilledecorinthe.com\/wordpress\/wp-content\/uploads\/2011\/10\/Ellis-Island-1111x1536.webp 1111w, https:\/\/lafilledecorinthe.com\/wordpress\/wp-content\/uploads\/2011\/10\/Ellis-Island-1482x2048.webp 1482w, https:\/\/lafilledecorinthe.com\/wordpress\/wp-content\/uploads\/2011\/10\/Ellis-Island.webp 1536w\" sizes=\"auto, (max-width: 926px) 100vw, 926px\" \/><\/figure>\n\n\n\n<p class=\"has-text-align-left\">A l\u2019inverse, Lewis Hine aurait-il vu l\u2019un des derniers chefs d\u2019oeuvre &nbsp;d\u2019 Harold Lloyd \u00abVoyage au paradis\u00bb avant de r\u00e9aliser ses photographies vertigineuses de l\u2019 Empire State Building\u00bb ?<\/p>\n\n\n\n<figure class=\"wp-block-image size-large\"><img loading=\"lazy\" decoding=\"async\" width=\"1280\" height=\"808\" src=\"https:\/\/lafilledecorinthe.com\/wordpress\/wp-content\/uploads\/2011\/10\/Harold_Lloyd_in_Never_Weaken-1280x808.jpg\" alt=\"\" class=\"wp-image-15609\" srcset=\"https:\/\/lafilledecorinthe.com\/wordpress\/wp-content\/uploads\/2011\/10\/Harold_Lloyd_in_Never_Weaken-1280x808.jpg 1280w, https:\/\/lafilledecorinthe.com\/wordpress\/wp-content\/uploads\/2011\/10\/Harold_Lloyd_in_Never_Weaken-680x429.jpg 680w, https:\/\/lafilledecorinthe.com\/wordpress\/wp-content\/uploads\/2011\/10\/Harold_Lloyd_in_Never_Weaken-768x485.jpg 768w, https:\/\/lafilledecorinthe.com\/wordpress\/wp-content\/uploads\/2011\/10\/Harold_Lloyd_in_Never_Weaken-1536x970.jpg 1536w, https:\/\/lafilledecorinthe.com\/wordpress\/wp-content\/uploads\/2011\/10\/Harold_Lloyd_in_Never_Weaken.jpg 1726w\" sizes=\"auto, (max-width: 1280px) 100vw, 1280px\" \/><\/figure>\n\n\n\n<p>Peu importe que ces liens soient r\u00e9els ou imaginaires, ils enrichissent mon mus\u00e9e personnel.<\/p>\n\n\n\n<p>L\u2019exposition dure jusqu\u2019au 18 d\u00e9cembre et les deux courts m\u00e9trages&nbsp;\u00ab Charlot \u00e9migrant \u00bb et \u00ab Voyage au paradis\u00bb peuvent \u00eatre projet\u00e9s dans la salle des collections du Forum des images.<\/p>\n","protected":false},"excerpt":{"rendered":"<p>&nbsp;J\u2019aime que les images r\u00e9sonnent entre elles, qu\u2019un dialogue se cr\u00e9e par mon regard. Les burlesques am\u00e9ricains m\u2019ont accompagn\u00e9e tout au long de la visite de la tr\u00e8s belle exposition sur Lewis Hine organis\u00e9e par la fondation Henri Cartier Bresson. Ses photographies sur le travail des enfants, ses reportages dans les usines s\u2019animent de nos&#8230;<\/p>\n","protected":false},"author":2,"featured_media":15603,"comment_status":"open","ping_status":"open","sticky":false,"template":"","format":"standard","meta":{"_kad_post_transparent":"","_kad_post_title":"","_kad_post_layout":"","_kad_post_sidebar_id":"","_kad_post_content_style":"","_kad_post_vertical_padding":"","_kad_post_feature":"","_kad_post_feature_position":"","_kad_post_header":false,"_kad_post_footer":false,"_kad_post_classname":"","footnotes":""},"categories":[13],"tags":[20,22,21],"class_list":["post-124","post","type-post","status-publish","format-standard","has-post-thumbnail","hentry","category-sorties-culturelles","tag-chaplin","tag-forum-des-images","tag-lloyd"],"_links":{"self":[{"href":"https:\/\/lafilledecorinthe.com\/wordpress\/wp-json\/wp\/v2\/posts\/124","targetHints":{"allow":["GET"]}}],"collection":[{"href":"https:\/\/lafilledecorinthe.com\/wordpress\/wp-json\/wp\/v2\/posts"}],"about":[{"href":"https:\/\/lafilledecorinthe.com\/wordpress\/wp-json\/wp\/v2\/types\/post"}],"author":[{"embeddable":true,"href":"https:\/\/lafilledecorinthe.com\/wordpress\/wp-json\/wp\/v2\/users\/2"}],"replies":[{"embeddable":true,"href":"https:\/\/lafilledecorinthe.com\/wordpress\/wp-json\/wp\/v2\/comments?post=124"}],"version-history":[{"count":17,"href":"https:\/\/lafilledecorinthe.com\/wordpress\/wp-json\/wp\/v2\/posts\/124\/revisions"}],"predecessor-version":[{"id":15610,"href":"https:\/\/lafilledecorinthe.com\/wordpress\/wp-json\/wp\/v2\/posts\/124\/revisions\/15610"}],"wp:featuredmedia":[{"embeddable":true,"href":"https:\/\/lafilledecorinthe.com\/wordpress\/wp-json\/wp\/v2\/media\/15603"}],"wp:attachment":[{"href":"https:\/\/lafilledecorinthe.com\/wordpress\/wp-json\/wp\/v2\/media?parent=124"}],"wp:term":[{"taxonomy":"category","embeddable":true,"href":"https:\/\/lafilledecorinthe.com\/wordpress\/wp-json\/wp\/v2\/categories?post=124"},{"taxonomy":"post_tag","embeddable":true,"href":"https:\/\/lafilledecorinthe.com\/wordpress\/wp-json\/wp\/v2\/tags?post=124"}],"curies":[{"name":"wp","href":"https:\/\/api.w.org\/{rel}","templated":true}]}}