{"id":12390,"date":"2023-01-19T22:26:37","date_gmt":"2023-01-19T21:26:37","guid":{"rendered":"http:\/\/lafilledecorinthe.com\/wordpress\/?p=12390"},"modified":"2025-12-04T13:22:32","modified_gmt":"2025-12-04T12:22:32","slug":"lextraordinaire-voyage-de-marona-ecole-et-cinema-93","status":"publish","type":"post","link":"https:\/\/lafilledecorinthe.com\/wordpress\/2023\/01\/lextraordinaire-voyage-de-marona-ecole-et-cinema-93\/","title":{"rendered":"\u00ab\u00a0L&rsquo;extraordinaire voyage de Marona\u00a0\u00bb Ecole et Cin\u00e9ma 93"},"content":{"rendered":"\n<p><em>Et qui \u00e9tait-elle ? Qui \u00e9tait Yes ? Qu&rsquo;est-ce que je savais d&rsquo;elle ? Et elle de moi ? On s&rsquo;apportait beaucoup l&rsquo;une \u00e0 l&rsquo;autre. On se compl\u00e9tait, mais pas comme on pourrait le penser. Je la sentais plus domestiqu\u00e9e que moi. Plus sous emprise. Moi, plus tent\u00e9e par la sauvagerie qu&rsquo;elle. Par la libert\u00e9. Alors, qui de nous deux domestiquait l&rsquo;autre ? Qui ensauvageait l&rsquo;autre ? Et qui de nous deux aimait l&rsquo;autre de fa\u00e7on d\u00e9sint\u00e9ress\u00e9e ? Alors, \u00e7a, grande question et simple r\u00e9ponse : aucune des deux.<\/em><br><em>Un chien \u00e0 ma table, <\/em>Claudie Hunzinger, page 144, Grasset, 2022<\/p>\n\n\n\n<p>Formation en distanciel,&nbsp;<a href=\"http:\/\/www.cinemas93.org\/page\/ressources-pedagogiques-20222023-3\">Cin\u00e9mas 93<\/a>&nbsp; &nbsp; &nbsp; &nbsp; &nbsp; &nbsp; &nbsp; &nbsp; &nbsp; &nbsp; &nbsp; &nbsp; &nbsp; &nbsp; &nbsp; &nbsp; &nbsp; &nbsp; &nbsp; &nbsp; &nbsp; &nbsp; &nbsp; &nbsp; &nbsp; &nbsp; &nbsp; &nbsp; &nbsp; &nbsp; &nbsp; &nbsp; &nbsp; &nbsp; &nbsp; &nbsp; &nbsp; &nbsp; &nbsp; &nbsp; &nbsp; &nbsp; &nbsp;<em>L&rsquo;extraordinaire voyage de Marona<\/em>, Anca Damian, 2019&nbsp; &nbsp; &nbsp; &nbsp; &nbsp; &nbsp; &nbsp; &nbsp; &nbsp; &nbsp; &nbsp; &nbsp; &nbsp; &nbsp; &nbsp; &nbsp; &nbsp; &nbsp; &nbsp; &nbsp; &nbsp; &nbsp; &nbsp; &nbsp; &nbsp; &nbsp; &nbsp; &nbsp; &nbsp;Vendredi 20 janvier 2023<\/p>\n\n\n\n<p><strong>\u00c0 t\u00e9l\u00e9charger :&nbsp;<\/strong><a href=\"https:\/\/lafilledecorinthe.com\/wordpress\/wp-content\/uploads\/2023\/01\/Pour-aller-plus-loin-1.pdf\">Pour aller plus loin<\/a>,&nbsp;<a href=\"https:\/\/lafilledecorinthe.com\/wordpress\/wp-content\/uploads\/2023\/01\/Conside\u0301rations-sur-le-bonheur\u2026-.pdf\">Conside\u0301rations sur le bonheur\u2026<\/a><a href=\"https:\/\/lafilledecorinthe.com\/wordpress\/wp-content\/uploads\/2023\/01\/Une-structure-en-flashback-.pdf\">Une structure en flashback<\/a>,&nbsp;<a href=\"https:\/\/lafilledecorinthe.com\/wordpress\/wp-content\/uploads\/2023\/01\/Rembobiner-le-film-de-sa-vie\u2026-.pdf\">Rembobiner le film de sa vie\u2026<\/a>,&nbsp;<a href=\"https:\/\/lafilledecorinthe.com\/wordpress\/wp-content\/uploads\/2023\/01\/Des-livres-aux-e\u0301crans.pdf\">Des livres aux e\u0301crans<\/a>,&nbsp;<a href=\"https:\/\/lafilledecorinthe.com\/wordpress\/wp-content\/uploads\/2023\/01\/Du-plan-objectif-au-plan-subjectif-.pdf\">Du plan objectif au plan subjectif<\/a><\/p>\n\n\n\n<p>Pour rire&#8230; Les humains parviennent-ils mieux \u00e0 comprendre les chats que les chiens ?<\/p>\n\n\n<div class=\"wp-block-image wp-image-12424 size-full\">\n<figure class=\"aligncenter\"><img loading=\"lazy\" decoding=\"async\" width=\"800\" height=\"373\" src=\"https:\/\/lafilledecorinthe.com\/wordpress\/wp-content\/uploads\/2023\/01\/communication.jpeg\" alt=\"communication\" class=\"wp-image-12424\" srcset=\"https:\/\/lafilledecorinthe.com\/wordpress\/wp-content\/uploads\/2023\/01\/communication.jpeg 800w, https:\/\/lafilledecorinthe.com\/wordpress\/wp-content\/uploads\/2023\/01\/communication-680x317.jpeg 680w, https:\/\/lafilledecorinthe.com\/wordpress\/wp-content\/uploads\/2023\/01\/communication-500x233.jpeg 500w\" sizes=\"auto, (max-width: 800px) 100vw, 800px\" \/><figcaption class=\"wp-element-caption\">Mutts, Patrick McDonnell<\/figcaption><\/figure>\n<\/div>\n\n\n<p>Pour se souvenir&#8230;&nbsp;Partagez dans les commentaires une photo du chien qui a marqu\u00e9 votre enfance !<\/p>\n\n\n<div class=\"wp-block-image\">\n<figure class=\"aligncenter\"><a href=\"https:\/\/lafilledecorinthe.com\/wordpress\/wp-content\/uploads\/2023\/01\/Pastille.png\"><img loading=\"lazy\" decoding=\"async\" width=\"1014\" height=\"1006\" src=\"https:\/\/lafilledecorinthe.com\/wordpress\/wp-content\/uploads\/2023\/01\/Pastille.png\" alt=\"Pastille\" class=\"wp-image-12425\" srcset=\"https:\/\/lafilledecorinthe.com\/wordpress\/wp-content\/uploads\/2023\/01\/Pastille.png 1014w, https:\/\/lafilledecorinthe.com\/wordpress\/wp-content\/uploads\/2023\/01\/Pastille-680x675.png 680w, https:\/\/lafilledecorinthe.com\/wordpress\/wp-content\/uploads\/2023\/01\/Pastille-302x300.png 302w\" sizes=\"auto, (max-width: 1014px) 100vw, 1014px\" \/><\/a><figcaption class=\"wp-element-caption\">Les quatre enfants, la deux-chevaux et notre chienne Pastille \u00e0 la ferme de la Croix-Marand, ann\u00e9es 70<\/figcaption><\/figure>\n<\/div>","protected":false},"excerpt":{"rendered":"<p>Et qui \u00e9tait-elle ? Qui \u00e9tait Yes ? Qu&rsquo;est-ce que je savais d&rsquo;elle ? Et elle de moi ? On s&rsquo;apportait beaucoup l&rsquo;une \u00e0 l&rsquo;autre. On se compl\u00e9tait, mais pas comme on pourrait le penser. Je la sentais plus domestiqu\u00e9e que moi. Plus sous emprise. Moi, plus tent\u00e9e par la sauvagerie qu&rsquo;elle. Par la libert\u00e9&#8230;.<\/p>\n","protected":false},"author":2,"featured_media":12391,"comment_status":"open","ping_status":"open","sticky":false,"template":"","format":"standard","meta":{"_kad_post_transparent":"","_kad_post_title":"","_kad_post_layout":"","_kad_post_sidebar_id":"","_kad_post_content_style":"","_kad_post_vertical_padding":"","_kad_post_feature":"","_kad_post_feature_position":"","_kad_post_header":false,"_kad_post_footer":false,"_kad_post_classname":"","footnotes":""},"categories":[8],"tags":[233,1218,2073,2283],"class_list":["post-12390","post","type-post","status-publish","format-standard","has-post-thumbnail","hentry","category-formations-adultes","tag-anca-damian","tag-ecole-et-cinema-93","tag-lextraordinaire-voyage-de-marona","tag-un-chien-a-ma-table"],"_links":{"self":[{"href":"https:\/\/lafilledecorinthe.com\/wordpress\/wp-json\/wp\/v2\/posts\/12390","targetHints":{"allow":["GET"]}}],"collection":[{"href":"https:\/\/lafilledecorinthe.com\/wordpress\/wp-json\/wp\/v2\/posts"}],"about":[{"href":"https:\/\/lafilledecorinthe.com\/wordpress\/wp-json\/wp\/v2\/types\/post"}],"author":[{"embeddable":true,"href":"https:\/\/lafilledecorinthe.com\/wordpress\/wp-json\/wp\/v2\/users\/2"}],"replies":[{"embeddable":true,"href":"https:\/\/lafilledecorinthe.com\/wordpress\/wp-json\/wp\/v2\/comments?post=12390"}],"version-history":[{"count":9,"href":"https:\/\/lafilledecorinthe.com\/wordpress\/wp-json\/wp\/v2\/posts\/12390\/revisions"}],"predecessor-version":[{"id":14513,"href":"https:\/\/lafilledecorinthe.com\/wordpress\/wp-json\/wp\/v2\/posts\/12390\/revisions\/14513"}],"wp:featuredmedia":[{"embeddable":true,"href":"https:\/\/lafilledecorinthe.com\/wordpress\/wp-json\/wp\/v2\/media\/12391"}],"wp:attachment":[{"href":"https:\/\/lafilledecorinthe.com\/wordpress\/wp-json\/wp\/v2\/media?parent=12390"}],"wp:term":[{"taxonomy":"category","embeddable":true,"href":"https:\/\/lafilledecorinthe.com\/wordpress\/wp-json\/wp\/v2\/categories?post=12390"},{"taxonomy":"post_tag","embeddable":true,"href":"https:\/\/lafilledecorinthe.com\/wordpress\/wp-json\/wp\/v2\/tags?post=12390"}],"curies":[{"name":"wp","href":"https:\/\/api.w.org\/{rel}","templated":true}]}}