{"id":12363,"date":"2023-01-05T14:13:09","date_gmt":"2023-01-05T13:13:09","guid":{"rendered":"http:\/\/lafilledecorinthe.com\/wordpress\/?p=12363"},"modified":"2025-12-04T13:40:19","modified_gmt":"2025-12-04T12:40:19","slug":"jiburo-ecole-et-cinema-79","status":"publish","type":"post","link":"https:\/\/lafilledecorinthe.com\/wordpress\/2023\/01\/jiburo-ecole-et-cinema-79\/","title":{"rendered":"\u00ab\u00a0Jiburo\u00a0\u00bb \u00c9cole et Cin\u00e9ma 79"},"content":{"rendered":"\n<p><\/p>\n\n\n\n<p class=\"p1\"><em>Un sale gosse g\u00e2t\u00e9-pourri de S\u00e9oul est confi\u00e9 \u00e0 sa grand-m\u00e8re, tr\u00e8s \u00e2g\u00e9e, pendant les vacances. Elle vit isol\u00e9e dans la montagne, dans un \u00e9tat de mis\u00e8re impressionnant pour un spectateur cor\u00e9en certes, et europ\u00e9en encore plus. La r\u00e9alisatrice ne nous le fait pas percevoir par le dialogue mais par la mise en sc\u00e8ne : la vieille femme cass\u00e9e en deux par les rhumatismes grimpe le long d\u2019un sentier escarp\u00e9 et caillouteux. Lentement et sereinement, le r\u00e9sultat d\u2019une n\u00e9cessit\u00e9 quotidienne. C\u2019est la simple dur\u00e9e \u2013 inhabituelle \u2013 de cette s\u00e9quence consacr\u00e9e \u00e0 un non-\u00e9v\u00e9nement qui fait germer l\u2019empathie.<\/em><br><em>Trente films, trente points de vue sur le cin\u00e9ma<\/em>, Carole Desbarats, <em>De z\u00e9ro de conduite \u00e0 Tomboy<\/em>, Enfants de cin\u00e9ma, 2021<\/p>\n\n\n\n<p class=\"p1\"><strong>\u00a0Projection-conf\u00e9rence :<\/strong><br>Jiburo, Lee Jeong-hyang, 2002<br>Cin\u00e9ma<a href=\"https:\/\/www.lemoulinduroc.fr\/\" target=\"_blank\" rel=\"noopener\"><em>\u00a0Le Moulin du Roc<\/em><\/a>\u00a0\u00e0 Niort<br>Mercredi 11 janvier 2023<\/p>\n\n\n\n<p class=\"p1\">&nbsp; <strong>\u00c0 t\u00e9l\u00e9charger :&nbsp;<\/strong><a href=\"https:\/\/lafilledecorinthe.com\/wordpress\/wp-content\/uploads\/2023\/01\/Pour-aller-plus-loin-.pdf\">Pour aller plus loin<\/a>,&nbsp;<a href=\"https:\/\/lafilledecorinthe.com\/wordpress\/wp-content\/uploads\/2022\/12\/La-maison-de-la-grand-me\u0300re-a\u0300-travers-les-yeux-de-Sang-woo-.pdf\">La maison de la grand-me\u0300re a\u0300 travers les yeux de Sang-woo<\/a>,&nbsp;<a href=\"https:\/\/lafilledecorinthe.com\/wordpress\/wp-content\/uploads\/2022\/12\/La-vie-quotidienne-.pdf\">La vie quotidienne<\/a>,&nbsp;<a href=\"https:\/\/lafilledecorinthe.com\/wordpress\/wp-content\/uploads\/2022\/12\/De-fil-en-aiguille-\u2026-.pdf\">De fil en aiguille \u2026<\/a>,&nbsp;<a href=\"https:\/\/lafilledecorinthe.com\/wordpress\/wp-content\/uploads\/2022\/12\/De-fil-en-aiguille-\u2026-Extrait-1-.pdf\">De fil en aiguille \u2026 Extrait 1<\/a>,&nbsp;<a href=\"https:\/\/lafilledecorinthe.com\/wordpress\/wp-content\/uploads\/2022\/12\/De-fil-en-aiguille-\u2026-Extrait-2-.pdf\">De fil en aiguille \u2026 Extrait 2<\/a>,&nbsp;<a href=\"https:\/\/lafilledecorinthe.com\/wordpress\/wp-content\/uploads\/2022\/12\/Dons-trocs-et-achats-.pdf\">Dons, trocs et achats<\/a>,&nbsp;<a href=\"https:\/\/lafilledecorinthe.com\/wordpress\/wp-content\/uploads\/2022\/12\/les-signes-.pdf\">les signes<\/a>,&nbsp;<a href=\"https:\/\/lafilledecorinthe.com\/wordpress\/wp-content\/uploads\/2022\/12\/Sse-sse-sse-.pdf\">Sse sse sse<\/a>,&nbsp;<a href=\"https:\/\/lafilledecorinthe.com\/wordpress\/wp-content\/uploads\/2022\/12\/E\u0301criture-core\u0301enne-.pdf\">E\u0301criture core\u0301enne<\/a><\/p>\n\n\n\n<p class=\"p1\">Un jeune citadin, Joon-so, est oblig\u00e9 de passer ses vacances d&rsquo;\u00e9t\u00e9 sur une petite \u00eele avec son grand-p\u00e8re comme seule compagnie&#8230;<\/p>\n\n\n<div class=\"wp-block-image\">\n<figure class=\"aligncenter\"><a href=\"https:\/\/lafilledecorinthe.com\/wordpress\/wp-content\/uploads\/2022\/12\/L\u2019i\u0302le-de-grand-pe\u0300re-Yoon-Joung-mi-E\u0301ditions-de-l\u2019Elan-vert-2021.png\"><img loading=\"lazy\" decoding=\"async\" width=\"1534\" height=\"1152\" src=\"https:\/\/lafilledecorinthe.com\/wordpress\/wp-content\/uploads\/2022\/12\/L\u2019i\u0302le-de-grand-pe\u0300re-Yoon-Joung-mi-E\u0301ditions-de-l\u2019Elan-vert-2021.png\" alt=\"L\u2019i\u0302le de grand-pe\u0300re, Yoon Joung-mi, E\u0301ditions de l\u2019Elan vert, 2021\" class=\"wp-image-12379\" srcset=\"https:\/\/lafilledecorinthe.com\/wordpress\/wp-content\/uploads\/2022\/12\/L\u2019i\u0302le-de-grand-pe\u0300re-Yoon-Joung-mi-E\u0301ditions-de-l\u2019Elan-vert-2021.png 1534w, https:\/\/lafilledecorinthe.com\/wordpress\/wp-content\/uploads\/2022\/12\/L\u2019i\u0302le-de-grand-pe\u0300re-Yoon-Joung-mi-E\u0301ditions-de-l\u2019Elan-vert-2021-680x511.png 680w, https:\/\/lafilledecorinthe.com\/wordpress\/wp-content\/uploads\/2022\/12\/L\u2019i\u0302le-de-grand-pe\u0300re-Yoon-Joung-mi-E\u0301ditions-de-l\u2019Elan-vert-2021-1280x961.png 1280w, https:\/\/lafilledecorinthe.com\/wordpress\/wp-content\/uploads\/2022\/12\/L\u2019i\u0302le-de-grand-pe\u0300re-Yoon-Joung-mi-E\u0301ditions-de-l\u2019Elan-vert-2021-399x300.png 399w\" sizes=\"auto, (max-width: 1534px) 100vw, 1534px\" \/><\/a><figcaption class=\"wp-element-caption\">L\u2019i\u0302le de grand-pe\u0300re, Yoon Joung-mi, E\u0301ditions de l\u2019Elan vert, 2021<\/figcaption><\/figure>\n<\/div>\n\n\n<p>R\u00e9\u00e9dition en 5 volumes du manga \u00ab\u00a0Une sacr\u00e9e mamie\u00a0\u00bb initialement paru en France entre 2009 et 2011.<\/p>\n\n\n<div class=\"wp-block-image\">\n<figure class=\"aligncenter\"><a href=\"https:\/\/lafilledecorinthe.com\/wordpress\/wp-content\/uploads\/2022\/12\/Une-sacre\u0301e-mamie-Yo\u0302shichi-Shimada-Saburo\u0302-Ishikawa-Delcourt-2022.png\"><img loading=\"lazy\" decoding=\"async\" width=\"1534\" height=\"1152\" src=\"https:\/\/lafilledecorinthe.com\/wordpress\/wp-content\/uploads\/2022\/12\/Une-sacre\u0301e-mamie-Yo\u0302shichi-Shimada-Saburo\u0302-Ishikawa-Delcourt-2022.png\" alt=\"Une sacre\u0301e mamie, Yo\u0302shichi Shimada, Saburo\u0302 Ishikawa, Delcourt, 2022\" class=\"wp-image-12380\" srcset=\"https:\/\/lafilledecorinthe.com\/wordpress\/wp-content\/uploads\/2022\/12\/Une-sacre\u0301e-mamie-Yo\u0302shichi-Shimada-Saburo\u0302-Ishikawa-Delcourt-2022.png 1534w, https:\/\/lafilledecorinthe.com\/wordpress\/wp-content\/uploads\/2022\/12\/Une-sacre\u0301e-mamie-Yo\u0302shichi-Shimada-Saburo\u0302-Ishikawa-Delcourt-2022-680x511.png 680w, https:\/\/lafilledecorinthe.com\/wordpress\/wp-content\/uploads\/2022\/12\/Une-sacre\u0301e-mamie-Yo\u0302shichi-Shimada-Saburo\u0302-Ishikawa-Delcourt-2022-1280x961.png 1280w, https:\/\/lafilledecorinthe.com\/wordpress\/wp-content\/uploads\/2022\/12\/Une-sacre\u0301e-mamie-Yo\u0302shichi-Shimada-Saburo\u0302-Ishikawa-Delcourt-2022-399x300.png 399w\" sizes=\"auto, (max-width: 1534px) 100vw, 1534px\" \/><\/a><figcaption class=\"wp-element-caption\">Une sacre\u0301e mamie, Yo\u0302shichi Shimada, Saburo\u0302 Ishikawa, Delcourt, 2022<\/figcaption><\/figure>\n<\/div>\n\n\n<p class=\"p1\">Et aussi <a title=\"\u00ab&nbsp;Ecole et cin\u00e9ma 92 : Jiburo&nbsp;\u00bb\" href=\"https:\/\/lafilledecorinthe.com\/wordpress\/2012\/02\/ecole-et-cinema-92-jiburo\/\">ici<\/a> et <a title=\"\u00ab&nbsp;Ecole et cin\u00e9ma 95\u2033 : Jiburo\" href=\"https:\/\/lafilledecorinthe.com\/wordpress\/2013\/01\/ecole-et-cinema-93-jiburo\/\">l\u00e0<\/a> !<\/p>\n","protected":false},"excerpt":{"rendered":"<p>Un sale gosse g\u00e2t\u00e9-pourri de S\u00e9oul est confi\u00e9 \u00e0 sa grand-m\u00e8re, tr\u00e8s \u00e2g\u00e9e, pendant les vacances. Elle vit isol\u00e9e dans la montagne, dans un \u00e9tat de mis\u00e8re impressionnant pour un spectateur cor\u00e9en certes, et europ\u00e9en encore plus. La r\u00e9alisatrice ne nous le fait pas percevoir par le dialogue mais par la mise en sc\u00e8ne :&#8230;<\/p>\n","protected":false},"author":2,"featured_media":12364,"comment_status":"open","ping_status":"open","sticky":false,"template":"","format":"standard","meta":{"_kad_post_transparent":"","_kad_post_title":"","_kad_post_layout":"","_kad_post_sidebar_id":"","_kad_post_content_style":"","_kad_post_vertical_padding":"","_kad_post_feature":"","_kad_post_feature_position":"","_kad_post_header":false,"_kad_post_footer":false,"_kad_post_classname":"","footnotes":""},"categories":[8],"tags":[2271,2272,1176,45,2128,2273,2274,2275],"class_list":["post-12363","post","type-post","status-publish","format-standard","has-post-thumbnail","hentry","category-formations-adultes","tag-carole-desbarats","tag-de-zero-de-conduite-a-tomboy","tag-ecole-et-cinema-79","tag-jiburo","tag-le-moulin-du-roc","tag-lee-jeong-hyang","tag-lile-de-grand-pere","tag-une-sacree-mamie"],"_links":{"self":[{"href":"https:\/\/lafilledecorinthe.com\/wordpress\/wp-json\/wp\/v2\/posts\/12363","targetHints":{"allow":["GET"]}}],"collection":[{"href":"https:\/\/lafilledecorinthe.com\/wordpress\/wp-json\/wp\/v2\/posts"}],"about":[{"href":"https:\/\/lafilledecorinthe.com\/wordpress\/wp-json\/wp\/v2\/types\/post"}],"author":[{"embeddable":true,"href":"https:\/\/lafilledecorinthe.com\/wordpress\/wp-json\/wp\/v2\/users\/2"}],"replies":[{"embeddable":true,"href":"https:\/\/lafilledecorinthe.com\/wordpress\/wp-json\/wp\/v2\/comments?post=12363"}],"version-history":[{"count":12,"href":"https:\/\/lafilledecorinthe.com\/wordpress\/wp-json\/wp\/v2\/posts\/12363\/revisions"}],"predecessor-version":[{"id":14523,"href":"https:\/\/lafilledecorinthe.com\/wordpress\/wp-json\/wp\/v2\/posts\/12363\/revisions\/14523"}],"wp:featuredmedia":[{"embeddable":true,"href":"https:\/\/lafilledecorinthe.com\/wordpress\/wp-json\/wp\/v2\/media\/12364"}],"wp:attachment":[{"href":"https:\/\/lafilledecorinthe.com\/wordpress\/wp-json\/wp\/v2\/media?parent=12363"}],"wp:term":[{"taxonomy":"category","embeddable":true,"href":"https:\/\/lafilledecorinthe.com\/wordpress\/wp-json\/wp\/v2\/categories?post=12363"},{"taxonomy":"post_tag","embeddable":true,"href":"https:\/\/lafilledecorinthe.com\/wordpress\/wp-json\/wp\/v2\/tags?post=12363"}],"curies":[{"name":"wp","href":"https:\/\/api.w.org\/{rel}","templated":true}]}}