{"id":12317,"date":"2022-12-02T21:54:20","date_gmt":"2022-12-02T20:54:20","guid":{"rendered":"http:\/\/lafilledecorinthe.com\/wordpress\/?p=12317"},"modified":"2025-12-04T13:44:04","modified_gmt":"2025-12-04T12:44:04","slug":"lile-de-black-mor-ecole-et-cinema-92","status":"publish","type":"post","link":"https:\/\/lafilledecorinthe.com\/wordpress\/2022\/12\/lile-de-black-mor-ecole-et-cinema-92\/","title":{"rendered":"\u00ab\u00a0L&rsquo;\u00eele de Black M\u00f3r\u00a0\u00bb \u00c9cole et Cin\u00e9ma 92"},"content":{"rendered":"\n<p><\/p>\n\n\n\n<p><em>\u00ab\u00a0L\u2019histoire a d\u2019abord \u00e9t\u00e9 \u00e9crite sous forme de roman, en y mettant tous les r\u00eaves d\u2019aventures de mer qui me hantaient lorsque j\u2019avais treize ans et qui ne m\u2019ont pas quitt\u00e9. Ces r\u00eaves se r\u00e9f\u00e9raient davantage \u00e0 Conrad ou Stevenson (en particulier David Balfour qui \u00e9tait mon personnage pr\u00e9f\u00e9r\u00e9). Le p\u00e9riple de ce gamin sur l\u2019oc\u00e9an, et ses aventures, le placent chaque fois devant un vrai probl\u00e8me d\u2019adolescent, intime et secret. Il s\u2019agissait pour moi de le rendre cr\u00e9dible \u00ab par l\u2019int\u00e9rieur \u00bb\u2026\u00a0\u00bb<\/em>&nbsp; &nbsp; Jean-Fran\u00e7ois Laguionie r\u00e9trospective, l&rsquo;<a href=\"https:\/\/adrc-asso.org\/sites\/default\/files\/adrc\/fichiers\/pdf_web_laguionie.pdf\" target=\"_blank\" rel=\"noopener\">ADRC<\/a>, 2019<\/p>\n\n\n\n<p class=\"p1\"><em>\u00ab\u00a0Moi je suis un vieux bonhomme, mais je me sens compl\u00e8tement immature, et quand je fais un film, je parle \u00e0 l\u2019enfant qui est en moi. Et inversement, quand j\u2019\u00e9tais enfant, je me consid\u00e9rais d\u00e9j\u00e0 comme un adulte. Donc je ne voulais pas qu\u2019on me raconte de b\u00eatises.\u00a0\u00bb&nbsp; &nbsp; &nbsp; &nbsp; &nbsp; &nbsp; &nbsp; &nbsp; &nbsp; &nbsp; &nbsp; &nbsp; &nbsp; &nbsp; &nbsp; &nbsp; &nbsp; &nbsp; &nbsp; &nbsp; &nbsp; &nbsp; &nbsp; &nbsp; &nbsp; &nbsp; &nbsp; &nbsp; &nbsp; &nbsp; &nbsp; &nbsp; &nbsp; &nbsp; &nbsp; &nbsp; &nbsp; Laguionie en \u00e9t\u00e9, <\/em><a href=\"https:\/\/www.radiofrance.fr\/franceculture\/podcasts\/l-invite-e-culture\/laguionie-en-ete-7317428\" target=\"_blank\" rel=\"noopener\">France Culture<\/a><em>, <\/em>2019<\/p>\n\n\n\n<p class=\"p1\"><strong>Projection-conf\u00e9rence :<\/strong><br><em>L&rsquo;\u00eele de Black M\u00f3<\/em>r de Jean-Fran\u00e7ois Laguionie, 2004<br>Cin\u00e9ma Le Rex de Ch\u00e2tenay-Malabry<br>Samedi\u00a03 d\u00e9cembre 2022<br>Cin\u00e9ma Jean Vigo de Gennevilliers<br>Samedi\u00a010 d\u00e9cembre\u00a02022<\/p>\n\n\n\n<p class=\"p1\">Documents&nbsp;\u00e0 t\u00e9l\u00e9charger :&nbsp;<a href=\"https:\/\/lafilledecorinthe.com\/wordpress\/wp-content\/uploads\/2022\/12\/Pour-aller-plus-loin...-.pdf\">Pour aller plus loin&#8230;<\/a>,&nbsp;<a href=\"https:\/\/lafilledecorinthe.com\/wordpress\/wp-content\/uploads\/2022\/12\/Personnages1-.pdf\">Personnages1<\/a>,&nbsp;<a href=\"https:\/\/lafilledecorinthe.com\/wordpress\/wp-content\/uploads\/2022\/12\/Personnages2-.pdf\">Personnages2<\/a>,&nbsp; &nbsp; &nbsp; &nbsp; &nbsp; &nbsp; &nbsp; &nbsp; &nbsp; &nbsp; &nbsp; &nbsp;<a href=\"https:\/\/lafilledecorinthe.com\/wordpress\/wp-content\/uploads\/2022\/12\/Personnages3-.pdf\">Personnages3<\/a>,&nbsp;<a href=\"https:\/\/lafilledecorinthe.com\/wordpress\/wp-content\/uploads\/2022\/12\/Personnages4.pdf\">Personnages4<\/a>,&nbsp;<a href=\"https:\/\/lafilledecorinthe.com\/wordpress\/wp-content\/uploads\/2022\/12\/Le-travail-force\u0301-a\u0300-l\u2019orphelinat-.pdf\">Le travail force\u0301 a\u0300 l\u2019orphelinat<\/a>,&nbsp;<a href=\"https:\/\/lafilledecorinthe.com\/wordpress\/wp-content\/uploads\/2022\/12\/Les-illustrations-en-te\u0302te-des-quatre-parties-du-roman-copie.pdf\">Les illustrations en te\u0302te des quatre parties du roman<\/a>,&nbsp;<a href=\"https:\/\/lafilledecorinthe.com\/wordpress\/wp-content\/uploads\/2022\/12\/Le-bois-d\u2019e\u0301be\u0300ne-.pdf\">Le bois d\u2019e\u0301be\u0300ne<\/a>,&nbsp;<a href=\"https:\/\/lafilledecorinthe.com\/wordpress\/wp-content\/uploads\/2022\/12\/La-traite-atlantique.pdf\">La traite atlantique<\/a>,&nbsp;<a href=\"https:\/\/lafilledecorinthe.com\/wordpress\/wp-content\/uploads\/2022\/12\/Le-Cotre-ou-Cutter.pdf\">Le Cotre ou Cutter<\/a>,&nbsp;<a href=\"https:\/\/lafilledecorinthe.com\/wordpress\/wp-content\/uploads\/2022\/12\/Des-coordonne\u0301es-au-planisphe\u0300re-.pdf\">Des coordonne\u0301es au planisphe\u0300re<\/a>,&nbsp;<a href=\"https:\/\/lafilledecorinthe.com\/wordpress\/wp-content\/uploads\/2022\/12\/Des-chiffres-et-des-lettres-.pdf\">Des chiffres et des lettres<\/a>,&nbsp;<a href=\"https:\/\/lafilledecorinthe.com\/wordpress\/wp-content\/uploads\/2022\/12\/Les-chansons-du-film-.pdf\">Les chansons du film<\/a><\/p>\n\n\n\n<p class=\"p1\">Jean-Fran\u00e7ois Laguionie et Christophe H\u00e9ral, r\u00e9alisateur et compositeur de <em>L\u2019\u00cele de Black M\u00f3r<\/em>,&nbsp;parlent de leur collaboration au Festival Gindou, \u00e0 voir et \u00e0 \u00e9couter \u00e0 ce lien&nbsp; :&nbsp; &nbsp;&nbsp;<a href=\"https:\/\/www.youtube.com\/watch?v=Fy-CT9w3Fro\"><span class=\"s1\">https:\/\/www.youtube.com\/watch?v=Fy-CT9w3Fro<\/span><\/a><\/p>\n\n\n<div class=\"wp-block-image\">\n<figure class=\"aligncenter\"><a href=\"https:\/\/lafilledecorinthe.com\/wordpress\/wp-content\/uploads\/2022\/12\/Capture-d\u2019e\u0301cran-2022-12-02-a\u0300-21.43.25.png\"><img loading=\"lazy\" decoding=\"async\" width=\"1374\" height=\"774\" src=\"https:\/\/lafilledecorinthe.com\/wordpress\/wp-content\/uploads\/2022\/12\/Capture-d\u2019e\u0301cran-2022-12-02-a\u0300-21.43.25.png\" alt=\"Capture d\u2019e\u0301cran 2022-12-02 a\u0300 21.43.25\" class=\"wp-image-12353\" srcset=\"https:\/\/lafilledecorinthe.com\/wordpress\/wp-content\/uploads\/2022\/12\/Capture-d\u2019e\u0301cran-2022-12-02-a\u0300-21.43.25.png 1374w, https:\/\/lafilledecorinthe.com\/wordpress\/wp-content\/uploads\/2022\/12\/Capture-d\u2019e\u0301cran-2022-12-02-a\u0300-21.43.25-680x383.png 680w, https:\/\/lafilledecorinthe.com\/wordpress\/wp-content\/uploads\/2022\/12\/Capture-d\u2019e\u0301cran-2022-12-02-a\u0300-21.43.25-1280x721.png 1280w, https:\/\/lafilledecorinthe.com\/wordpress\/wp-content\/uploads\/2022\/12\/Capture-d\u2019e\u0301cran-2022-12-02-a\u0300-21.43.25-500x282.png 500w\" sizes=\"auto, (max-width: 1374px) 100vw, 1374px\" \/><\/a><figcaption class=\"wp-element-caption\">Festival 2018<\/figcaption><\/figure>\n<\/div>\n\n\n<p><em>La Reine des pirates <\/em>est l&rsquo;adaptation pour les enfants de la fiction radio <em>La derni\u00e8re Nuit d&rsquo;Anne Bonny<\/em> de Claire Richard, une petite merveille ! \u00c0 \u00e9couter <a href=\"https:\/\/www.arteradio.com\/serie\/la_reine_des_pirates\" target=\"_blank\" rel=\"noopener\">ici<\/a><\/p>\n\n\n\n<figure class=\"wp-block-image\"><a href=\"https:\/\/lafilledecorinthe.com\/wordpress\/wp-content\/uploads\/2022\/12\/Reine-des-pirates.png\"><img loading=\"lazy\" decoding=\"async\" width=\"680\" height=\"337\" src=\"https:\/\/lafilledecorinthe.com\/wordpress\/wp-content\/uploads\/2022\/12\/Reine-des-pirates-680x337.png\" alt=\"Reine des pirates\" class=\"wp-image-13715\" srcset=\"https:\/\/lafilledecorinthe.com\/wordpress\/wp-content\/uploads\/2022\/12\/Reine-des-pirates-680x337.png 680w, https:\/\/lafilledecorinthe.com\/wordpress\/wp-content\/uploads\/2022\/12\/Reine-des-pirates-1280x635.png 1280w, https:\/\/lafilledecorinthe.com\/wordpress\/wp-content\/uploads\/2022\/12\/Reine-des-pirates-500x248.png 500w, https:\/\/lafilledecorinthe.com\/wordpress\/wp-content\/uploads\/2022\/12\/Reine-des-pirates.png 1702w\" sizes=\"auto, (max-width: 680px) 100vw, 680px\" \/><\/a><\/figure>\n\n\n\n<p><\/p>\n","protected":false},"excerpt":{"rendered":"<p>\u00ab\u00a0L\u2019histoire a d\u2019abord \u00e9t\u00e9 \u00e9crite sous forme de roman, en y mettant tous les r\u00eaves d\u2019aventures de mer qui me hantaient lorsque j\u2019avais treize ans et qui ne m\u2019ont pas quitt\u00e9. Ces r\u00eaves se r\u00e9f\u00e9raient davantage \u00e0 Conrad ou Stevenson (en particulier David Balfour qui \u00e9tait mon personnage pr\u00e9f\u00e9r\u00e9). Le p\u00e9riple de ce gamin sur&#8230;<\/p>\n","protected":false},"author":2,"featured_media":12318,"comment_status":"open","ping_status":"open","sticky":false,"template":"","format":"standard","meta":{"_kad_post_transparent":"","_kad_post_title":"","_kad_post_layout":"","_kad_post_sidebar_id":"","_kad_post_content_style":"","_kad_post_vertical_padding":"","_kad_post_feature":"","_kad_post_feature_position":"","_kad_post_header":false,"_kad_post_footer":false,"_kad_post_classname":"","footnotes":""},"categories":[8],"tags":[2266,1157,1158,2270,373,2267,1378,2265,2269,2268],"class_list":["post-12317","post","type-post","status-publish","format-standard","has-post-thumbnail","hentry","category-formations-adultes","tag-christophe-heral","tag-cinema-jean-vigo-de-gennevilliers","tag-cinema-le-rex-de-chatenay-malabry","tag-claire-richard","tag-ecole-et-cinema-92","tag-festival-gindou","tag-jean-francois-laguionie","tag-lile-de-black-mor","tag-la-derniere-nuit-danne-bonny","tag-la-reine-des-pirates"],"_links":{"self":[{"href":"https:\/\/lafilledecorinthe.com\/wordpress\/wp-json\/wp\/v2\/posts\/12317","targetHints":{"allow":["GET"]}}],"collection":[{"href":"https:\/\/lafilledecorinthe.com\/wordpress\/wp-json\/wp\/v2\/posts"}],"about":[{"href":"https:\/\/lafilledecorinthe.com\/wordpress\/wp-json\/wp\/v2\/types\/post"}],"author":[{"embeddable":true,"href":"https:\/\/lafilledecorinthe.com\/wordpress\/wp-json\/wp\/v2\/users\/2"}],"replies":[{"embeddable":true,"href":"https:\/\/lafilledecorinthe.com\/wordpress\/wp-json\/wp\/v2\/comments?post=12317"}],"version-history":[{"count":21,"href":"https:\/\/lafilledecorinthe.com\/wordpress\/wp-json\/wp\/v2\/posts\/12317\/revisions"}],"predecessor-version":[{"id":14526,"href":"https:\/\/lafilledecorinthe.com\/wordpress\/wp-json\/wp\/v2\/posts\/12317\/revisions\/14526"}],"wp:featuredmedia":[{"embeddable":true,"href":"https:\/\/lafilledecorinthe.com\/wordpress\/wp-json\/wp\/v2\/media\/12318"}],"wp:attachment":[{"href":"https:\/\/lafilledecorinthe.com\/wordpress\/wp-json\/wp\/v2\/media?parent=12317"}],"wp:term":[{"taxonomy":"category","embeddable":true,"href":"https:\/\/lafilledecorinthe.com\/wordpress\/wp-json\/wp\/v2\/categories?post=12317"},{"taxonomy":"post_tag","embeddable":true,"href":"https:\/\/lafilledecorinthe.com\/wordpress\/wp-json\/wp\/v2\/tags?post=12317"}],"curies":[{"name":"wp","href":"https:\/\/api.w.org\/{rel}","templated":true}]}}