{"id":12212,"date":"2022-11-15T10:22:11","date_gmt":"2022-11-15T09:22:11","guid":{"rendered":"http:\/\/lafilledecorinthe.com\/wordpress\/?p=12212"},"modified":"2025-12-04T14:21:56","modified_gmt":"2025-12-04T13:21:56","slug":"la-petite-vendeuse-de-soleil-ecole-et-cinema-79","status":"publish","type":"post","link":"https:\/\/lafilledecorinthe.com\/wordpress\/2022\/11\/la-petite-vendeuse-de-soleil-ecole-et-cinema-79\/","title":{"rendered":"\u00ab\u00a0La Petite vendeuse de Soleil\u00a0\u00bb \u00c9cole et Cin\u00e9ma 79"},"content":{"rendered":"\n<p><\/p>\n\n\n\n<p>\u00ab\u00a0La complicit\u00e9 professionnelle entre Djibril et moi a d\u00e9but\u00e9 quand il a eu sa cam\u00e9ra en main. C&rsquo;\u00e9tait en 1965. Il avait dix-huit ans : un \u00e2ge pr\u00e9coce dans un pays o\u00f9 le cin\u00e9ma n&rsquo;existait pas. J&rsquo;\u00e9tais \u00e0 l&rsquo;\u00e9cole et je s\u00e9chais les cours pour l&rsquo;accompagner dans son aventure. Donc vous voyez \u00e0 quel point nous \u00e9tions d\u00e9j\u00e0, tr\u00e8s t\u00f4t, port\u00e9s vers des questionnements de lumi\u00e8re, d&rsquo;ombre, de mouvement, de son, etc. C&rsquo;est ce qui fait que je suis devenu musicien, gr\u00e2ce \u00e0 l&rsquo;\u00e9coute de la soci\u00e9t\u00e9, de l&rsquo;environnement, \u00e0 l&rsquo;observation, des quantit\u00e9s de choses, des personnages insolites qui cernaient notre existence. Il suffit d&rsquo;\u00eatre attentif, c&rsquo;est comme cela que l&rsquo;on porte les choses qui nous habitent. Toute cette absorption de choses essentielles, douloureuses, fait de nous des soi-disant artistes. Car chacun d\u00e9tient un t\u00e9moignage, une exp\u00e9rience, une existence. \u00c0 charge alors pour nous d&rsquo;essayer de les manifester par la photo, la musique ou le cin\u00e9ma. C&rsquo;est ce qui fait de nous tous des artistes. Chacun est l&rsquo;artiste de son existence propre. Chacun peut raconter sa vie et \u00e9tonner les autres.\u00a0\u00bb&nbsp; <a href=\"http:\/\/www.africine.org\/entretien\/wasis-diop-ce-que-je-dois-a-djibril\/8048\" target=\"_blank\" rel=\"noopener\">\u00ab\u00a0Ce que je dois&nbsp;\u00e0 Djibril&#8230;\u00a0\u00bb<\/a> Wasis Diop, Fatou Kin\u00e9 S\u00e8ne, 2008<\/p>\n\n\n\n<p><strong>Projection conf\u00e9rence :<\/strong><br><em>La Petite vendeuse de Soleil<\/em>, Djibril Diop Mamb\u00e9ty, 1998<br>Cin\u00e9ma<a href=\"https:\/\/www.lemoulinduroc.fr\/\" target=\"_blank\" rel=\"noopener\"><em> Le Moulin du Roc<\/em><\/a> \u00e0 Niort<br>Mercredi 23 octobre 2022<\/p>\n\n\n\n<p><strong>\u00c0 t\u00e9l\u00e9charger :<\/strong>&nbsp;&nbsp;<a href=\"https:\/\/lafilledecorinthe.com\/wordpress\/wp-content\/uploads\/2022\/11\/Pour-aller-plus-loin-1.pdf\">Pour aller plus loin<\/a>,&nbsp;<a href=\"https:\/\/lafilledecorinthe.com\/wordpress\/wp-content\/uploads\/2022\/11\/Le-tailleur-de-pierre.pdf\">Le tailleur de pierre<\/a>,&nbsp;<a href=\"https:\/\/lafilledecorinthe.com\/wordpress\/wp-content\/uploads\/2022\/11\/Se\u0301quence-d\u2019ouverture-.pdf\">Se\u0301quence d\u2019ouverture<\/a>,&nbsp;<a href=\"https:\/\/lafilledecorinthe.com\/wordpress\/wp-content\/uploads\/2022\/11\/Sous-le-signe-de-l\u2019astre-solaire.pages\">Sous le signe de l\u2019astre solaire<\/a>,&nbsp;<a href=\"https:\/\/lafilledecorinthe.com\/wordpress\/wp-content\/uploads\/2022\/11\/Mendicite\u0301-.pdf\">Mendicite\u0301<\/a>,&nbsp;<a href=\"https:\/\/lafilledecorinthe.com\/wordpress\/wp-content\/uploads\/2022\/11\/Le-plus-jeune-animal-.pdf\">Le plus jeune animal<\/a><\/p>\n\n\n\n<p><iframe loading=\"lazy\" title=\"YouTube video player\" src=\"https:\/\/www.youtube.com\/embed\/KiN2fJzqy40\" width=\"560\" height=\"315\" frameborder=\"0\" allowfullscreen=\"allowfullscreen\"><\/iframe><\/p>\n\n\n<div class=\"wp-block-image\">\n<figure class=\"aligncenter\"><a href=\"https:\/\/lafilledecorinthe.com\/wordpress\/wp-content\/uploads\/2022\/11\/\u00a9-Photo-Bouna-Medoune-Seye.png\"><img loading=\"lazy\" decoding=\"async\" width=\"1584\" height=\"762\" src=\"https:\/\/lafilledecorinthe.com\/wordpress\/wp-content\/uploads\/2022\/11\/\u00a9-Photo-Bouna-Medoune-Seye.png\" alt=\"\u00a9 Photo Bouna Medoune Seye\" class=\"wp-image-12289\" srcset=\"https:\/\/lafilledecorinthe.com\/wordpress\/wp-content\/uploads\/2022\/11\/\u00a9-Photo-Bouna-Medoune-Seye.png 1584w, https:\/\/lafilledecorinthe.com\/wordpress\/wp-content\/uploads\/2022\/11\/\u00a9-Photo-Bouna-Medoune-Seye-680x327.png 680w, https:\/\/lafilledecorinthe.com\/wordpress\/wp-content\/uploads\/2022\/11\/\u00a9-Photo-Bouna-Medoune-Seye-1280x616.png 1280w, https:\/\/lafilledecorinthe.com\/wordpress\/wp-content\/uploads\/2022\/11\/\u00a9-Photo-Bouna-Medoune-Seye-500x241.png 500w\" sizes=\"auto, (max-width: 1584px) 100vw, 1584px\" \/><\/a><figcaption class=\"wp-element-caption\"><a href=\"https:\/\/www.revuenoire.com\/edition\/trottoirs-de-dakar\/\" target=\"_blank\" rel=\"noopener\">\u00ab\u00a0Les trottoirs de Dakar\u00a0\u00bb<\/a>, Bouna Medoune Seye, \u00c9ditions Revue Noire, 1992<\/figcaption><\/figure>\n<\/div>\n\n<div class=\"wp-block-image\">\n<figure class=\"aligncenter\"><a href=\"https:\/\/lafilledecorinthe.com\/wordpress\/wp-content\/uploads\/2022\/11\/Archives-du-soleil.png\"><img loading=\"lazy\" decoding=\"async\" width=\"1604\" height=\"738\" src=\"https:\/\/lafilledecorinthe.com\/wordpress\/wp-content\/uploads\/2022\/11\/Archives-du-soleil.png\" alt=\"Archives du soleil\" class=\"wp-image-12286\" srcset=\"https:\/\/lafilledecorinthe.com\/wordpress\/wp-content\/uploads\/2022\/11\/Archives-du-soleil.png 1604w, https:\/\/lafilledecorinthe.com\/wordpress\/wp-content\/uploads\/2022\/11\/Archives-du-soleil-680x313.png 680w, https:\/\/lafilledecorinthe.com\/wordpress\/wp-content\/uploads\/2022\/11\/Archives-du-soleil-1280x589.png 1280w, https:\/\/lafilledecorinthe.com\/wordpress\/wp-content\/uploads\/2022\/11\/Archives-du-soleil-500x230.png 500w\" sizes=\"auto, (max-width: 1604px) 100vw, 1604px\" \/><\/a><figcaption class=\"wp-element-caption\"><a href=\"https:\/\/suturepress.com\/fr\/publishing\/cheikh-ndiaye-archives-of-the-sun\" target=\"_blank\" rel=\"noopener\">\u00ab\u00a0Archives du soleil\u00a0\u00bb<\/a>, Cheikh Ndiaye, \u00c9dition Suture, 2021<\/figcaption><\/figure>\n<\/div>","protected":false},"excerpt":{"rendered":"<p>\u00ab\u00a0La complicit\u00e9 professionnelle entre Djibril et moi a d\u00e9but\u00e9 quand il a eu sa cam\u00e9ra en main. C&rsquo;\u00e9tait en 1965. Il avait dix-huit ans : un \u00e2ge pr\u00e9coce dans un pays o\u00f9 le cin\u00e9ma n&rsquo;existait pas. J&rsquo;\u00e9tais \u00e0 l&rsquo;\u00e9cole et je s\u00e9chais les cours pour l&rsquo;accompagner dans son aventure. Donc vous voyez \u00e0 quel point&#8230;<\/p>\n","protected":false},"author":2,"featured_media":12277,"comment_status":"open","ping_status":"open","sticky":false,"template":"","format":"standard","meta":{"_kad_post_transparent":"","_kad_post_title":"","_kad_post_layout":"","_kad_post_sidebar_id":"","_kad_post_content_style":"","_kad_post_vertical_padding":"","_kad_post_feature":"","_kad_post_feature_position":"","_kad_post_header":false,"_kad_post_footer":false,"_kad_post_classname":"","footnotes":""},"categories":[8],"tags":[2257,2260,2263,2261,2258,1176,2262,2128,2259],"class_list":["post-12212","post","type-post","status-publish","format-standard","has-post-thumbnail","hentry","category-formations-adultes","tag-la-petite-vendeuse-de-soleil","tag-archives-du-soleil","tag-bouna-medoune-seye","tag-cheikh-ndiaye","tag-djibril-diop-mambety","tag-ecole-et-cinema-79","tag-lange-djibril-hallelujah","tag-le-moulin-du-roc","tag-wasis-diop"],"_links":{"self":[{"href":"https:\/\/lafilledecorinthe.com\/wordpress\/wp-json\/wp\/v2\/posts\/12212","targetHints":{"allow":["GET"]}}],"collection":[{"href":"https:\/\/lafilledecorinthe.com\/wordpress\/wp-json\/wp\/v2\/posts"}],"about":[{"href":"https:\/\/lafilledecorinthe.com\/wordpress\/wp-json\/wp\/v2\/types\/post"}],"author":[{"embeddable":true,"href":"https:\/\/lafilledecorinthe.com\/wordpress\/wp-json\/wp\/v2\/users\/2"}],"replies":[{"embeddable":true,"href":"https:\/\/lafilledecorinthe.com\/wordpress\/wp-json\/wp\/v2\/comments?post=12212"}],"version-history":[{"count":17,"href":"https:\/\/lafilledecorinthe.com\/wordpress\/wp-json\/wp\/v2\/posts\/12212\/revisions"}],"predecessor-version":[{"id":12295,"href":"https:\/\/lafilledecorinthe.com\/wordpress\/wp-json\/wp\/v2\/posts\/12212\/revisions\/12295"}],"wp:featuredmedia":[{"embeddable":true,"href":"https:\/\/lafilledecorinthe.com\/wordpress\/wp-json\/wp\/v2\/media\/12277"}],"wp:attachment":[{"href":"https:\/\/lafilledecorinthe.com\/wordpress\/wp-json\/wp\/v2\/media?parent=12212"}],"wp:term":[{"taxonomy":"category","embeddable":true,"href":"https:\/\/lafilledecorinthe.com\/wordpress\/wp-json\/wp\/v2\/categories?post=12212"},{"taxonomy":"post_tag","embeddable":true,"href":"https:\/\/lafilledecorinthe.com\/wordpress\/wp-json\/wp\/v2\/tags?post=12212"}],"curies":[{"name":"wp","href":"https:\/\/api.w.org\/{rel}","templated":true}]}}