{"id":12210,"date":"2022-11-07T08:16:43","date_gmt":"2022-11-07T07:16:43","guid":{"rendered":"http:\/\/lafilledecorinthe.com\/wordpress\/?p=12210"},"modified":"2025-11-29T15:15:26","modified_gmt":"2025-11-29T14:15:26","slug":"33eme-festival-du-court-metrage-dhumour-de-meudon","status":"publish","type":"post","link":"https:\/\/lafilledecorinthe.com\/wordpress\/2022\/11\/33eme-festival-du-court-metrage-dhumour-de-meudon\/","title":{"rendered":"33\u00e8me Festival du Court M\u00e9trage d&rsquo;Humour de Meudon"},"content":{"rendered":"\n<p>Le festival fait la part belle aux s\u00e9ances scolaires. Une superbe occasion de d\u00e9couvrir dans la salle du Centre d&rsquo;Art et de Culture un programme de courts m\u00e9trages sp\u00e9cialement con\u00e7u pour les tout jeunes spectateurs. Cette ann\u00e9e <a href=\"https:\/\/www.festivalmeudon.org\/lassociation\/seances-scolaires-2022-meudon-7-art\/ecole-1-2022-musique\/\" target=\"_blank\" rel=\"noopener\">la musique<\/a> \u00e9tait particuli\u00e8rement \u00e0 l&rsquo;honneur.<\/p>\n\n\n<div class=\"wp-block-image wp-image-12214 size-full\">\n<figure class=\"aligncenter\"><img loading=\"lazy\" decoding=\"async\" width=\"1534\" height=\"696\" src=\"https:\/\/lafilledecorinthe.com\/wordpress\/wp-content\/uploads\/2022\/11\/a.png\" alt=\"a\" class=\"wp-image-12214\" srcset=\"https:\/\/lafilledecorinthe.com\/wordpress\/wp-content\/uploads\/2022\/11\/a.png 1534w, https:\/\/lafilledecorinthe.com\/wordpress\/wp-content\/uploads\/2022\/11\/a-680x309.png 680w, https:\/\/lafilledecorinthe.com\/wordpress\/wp-content\/uploads\/2022\/11\/a-1280x581.png 1280w, https:\/\/lafilledecorinthe.com\/wordpress\/wp-content\/uploads\/2022\/11\/a-500x227.png 500w\" sizes=\"auto, (max-width: 1534px) 100vw, 1534px\" \/><figcaption class=\"wp-element-caption\">Centre d&rsquo;Art et de Culture, jeudi 6 octobre 2022<\/figcaption><\/figure>\n<\/div>\n\n\n<p>D\u00e8s le lendemain de la projection j&rsquo;ai eu le plaisir de retrouver les enfants dans leur classe pour&nbsp;revenir sur cette exp\u00e9rience&nbsp;riche d&rsquo;images et&nbsp;de sons.<\/p>\n\n\n<div class=\"wp-block-image\">\n<figure class=\"aligncenter\"><a href=\"https:\/\/lafilledecorinthe.com\/wordpress\/wp-content\/uploads\/2022\/11\/20221007_102439.jpg\"><img loading=\"lazy\" decoding=\"async\" width=\"4128\" height=\"3096\" src=\"https:\/\/lafilledecorinthe.com\/wordpress\/wp-content\/uploads\/2022\/11\/20221007_102439.jpg\" alt=\"20221007_102439\" class=\"wp-image-12218\" srcset=\"https:\/\/lafilledecorinthe.com\/wordpress\/wp-content\/uploads\/2022\/11\/20221007_102439.jpg 4128w, https:\/\/lafilledecorinthe.com\/wordpress\/wp-content\/uploads\/2022\/11\/20221007_102439-680x510.jpg 680w, https:\/\/lafilledecorinthe.com\/wordpress\/wp-content\/uploads\/2022\/11\/20221007_102439-1280x960.jpg 1280w, https:\/\/lafilledecorinthe.com\/wordpress\/wp-content\/uploads\/2022\/11\/20221007_102439-400x300.jpg 400w\" sizes=\"auto, (max-width: 4128px) 100vw, 4128px\" \/><\/a><figcaption class=\"wp-element-caption\">Quizz musical :\u00a0 \u00e0 quel court m\u00e9trage correspond l&rsquo;extrait sonore ?<\/figcaption><\/figure>\n<\/div>\n\n<div class=\"wp-block-image\">\n<figure class=\"aligncenter\"><a href=\"https:\/\/lafilledecorinthe.com\/wordpress\/wp-content\/uploads\/2022\/11\/b.png\"><img loading=\"lazy\" decoding=\"async\" width=\"1626\" height=\"696\" src=\"https:\/\/lafilledecorinthe.com\/wordpress\/wp-content\/uploads\/2022\/11\/b.png\" alt=\"b\" class=\"wp-image-12219\" srcset=\"https:\/\/lafilledecorinthe.com\/wordpress\/wp-content\/uploads\/2022\/11\/b.png 1626w, https:\/\/lafilledecorinthe.com\/wordpress\/wp-content\/uploads\/2022\/11\/b-680x291.png 680w, https:\/\/lafilledecorinthe.com\/wordpress\/wp-content\/uploads\/2022\/11\/b-1280x548.png 1280w, https:\/\/lafilledecorinthe.com\/wordpress\/wp-content\/uploads\/2022\/11\/b-500x214.png 500w\" sizes=\"auto, (max-width: 1626px) 100vw, 1626px\" \/><\/a><figcaption class=\"wp-element-caption\">Des\u00a0\u00e9coutes tr\u00e8s attentives !<\/figcaption><\/figure>\n<\/div>\n\n<div class=\"wp-block-image\">\n<figure class=\"aligncenter\"><a href=\"https:\/\/lafilledecorinthe.com\/wordpress\/wp-content\/uploads\/2022\/11\/c.png\"><img loading=\"lazy\" decoding=\"async\" width=\"1566\" height=\"696\" src=\"https:\/\/lafilledecorinthe.com\/wordpress\/wp-content\/uploads\/2022\/11\/c.png\" alt=\"c\" class=\"wp-image-12221\" srcset=\"https:\/\/lafilledecorinthe.com\/wordpress\/wp-content\/uploads\/2022\/11\/c.png 1566w, https:\/\/lafilledecorinthe.com\/wordpress\/wp-content\/uploads\/2022\/11\/c-680x302.png 680w, https:\/\/lafilledecorinthe.com\/wordpress\/wp-content\/uploads\/2022\/11\/c-1280x569.png 1280w, https:\/\/lafilledecorinthe.com\/wordpress\/wp-content\/uploads\/2022\/11\/c-500x222.png 500w\" sizes=\"auto, (max-width: 1566px) 100vw, 1566px\" \/><\/a><figcaption class=\"wp-element-caption\">Une ouverture vers d&rsquo;autres oeuvres musicales&#8230;<\/figcaption><\/figure>\n<\/div>\n\n<div class=\"wp-block-image\">\n<figure class=\"aligncenter\"><a href=\"https:\/\/lafilledecorinthe.com\/wordpress\/wp-content\/uploads\/2022\/11\/e1.png\"><img loading=\"lazy\" decoding=\"async\" width=\"1450\" height=\"696\" src=\"https:\/\/lafilledecorinthe.com\/wordpress\/wp-content\/uploads\/2022\/11\/e1.png\" alt=\"e\" class=\"wp-image-12232\" srcset=\"https:\/\/lafilledecorinthe.com\/wordpress\/wp-content\/uploads\/2022\/11\/e1.png 1450w, https:\/\/lafilledecorinthe.com\/wordpress\/wp-content\/uploads\/2022\/11\/e1-680x326.png 680w, https:\/\/lafilledecorinthe.com\/wordpress\/wp-content\/uploads\/2022\/11\/e1-1280x614.png 1280w, https:\/\/lafilledecorinthe.com\/wordpress\/wp-content\/uploads\/2022\/11\/e1-500x240.png 500w\" sizes=\"auto, (max-width: 1450px) 100vw, 1450px\" \/><\/a><figcaption class=\"wp-element-caption\">Frotter, secouer, souffler&#8230;<\/figcaption><\/figure>\n<\/div>\n\n<div class=\"wp-block-image\">\n<figure class=\"aligncenter\"><a href=\"https:\/\/lafilledecorinthe.com\/wordpress\/wp-content\/uploads\/2022\/11\/d.png\"><img loading=\"lazy\" decoding=\"async\" width=\"1566\" height=\"696\" src=\"https:\/\/lafilledecorinthe.com\/wordpress\/wp-content\/uploads\/2022\/11\/d.png\" alt=\"d\" class=\"wp-image-12222\" srcset=\"https:\/\/lafilledecorinthe.com\/wordpress\/wp-content\/uploads\/2022\/11\/d.png 1566w, https:\/\/lafilledecorinthe.com\/wordpress\/wp-content\/uploads\/2022\/11\/d-680x302.png 680w, https:\/\/lafilledecorinthe.com\/wordpress\/wp-content\/uploads\/2022\/11\/d-1280x569.png 1280w, https:\/\/lafilledecorinthe.com\/wordpress\/wp-content\/uploads\/2022\/11\/d-500x222.png 500w\" sizes=\"auto, (max-width: 1566px) 100vw, 1566px\" \/><\/a><figcaption class=\"wp-element-caption\">Fabriquer un thaumatrope<\/figcaption><\/figure>\n<\/div>\n\n<div class=\"wp-block-image wp-image-12230 size-full\">\n<figure class=\"aligncenter\"><img loading=\"lazy\" decoding=\"async\" width=\"1498\" height=\"698\" src=\"https:\/\/lafilledecorinthe.com\/wordpress\/wp-content\/uploads\/2022\/11\/e.png\" alt=\"e\" class=\"wp-image-12230\" srcset=\"https:\/\/lafilledecorinthe.com\/wordpress\/wp-content\/uploads\/2022\/11\/e.png 1498w, https:\/\/lafilledecorinthe.com\/wordpress\/wp-content\/uploads\/2022\/11\/e-680x317.png 680w, https:\/\/lafilledecorinthe.com\/wordpress\/wp-content\/uploads\/2022\/11\/e-1280x596.png 1280w, https:\/\/lafilledecorinthe.com\/wordpress\/wp-content\/uploads\/2022\/11\/e-500x233.png 500w\" sizes=\"auto, (max-width: 1498px) 100vw, 1498px\" \/><figcaption class=\"wp-element-caption\">\u00c9crire et dessiner pour garder la m\u00e9moire d&rsquo;un \u00e9v\u00e8nement<\/figcaption><\/figure>\n<\/div>","protected":false},"excerpt":{"rendered":"<p>Le festival fait la part belle aux s\u00e9ances scolaires. Une superbe occasion de d\u00e9couvrir dans la salle du Centre d&rsquo;Art et de Culture un programme de courts m\u00e9trages sp\u00e9cialement con\u00e7u pour les tout jeunes spectateurs. Cette ann\u00e9e la musique \u00e9tait particuli\u00e8rement \u00e0 l&rsquo;honneur. D\u00e8s le lendemain de la projection j&rsquo;ai eu le plaisir de retrouver&#8230;<\/p>\n","protected":false},"author":2,"featured_media":12213,"comment_status":"open","ping_status":"open","sticky":false,"template":"","format":"standard","meta":{"_kad_post_transparent":"","_kad_post_title":"","_kad_post_layout":"","_kad_post_sidebar_id":"","_kad_post_content_style":"","_kad_post_vertical_padding":"","_kad_post_feature":"","_kad_post_feature_position":"","_kad_post_header":false,"_kad_post_footer":false,"_kad_post_classname":"","footnotes":""},"categories":[7],"tags":[2250,629,2252,810,2251],"class_list":["post-12210","post","type-post","status-publish","format-standard","has-post-thumbnail","hentry","category-ateliers-enfants","tag-centre-dart-et-de-culture","tag-festival-du-court-metrage-dhumour","tag-maternelle-desvergnes","tag-meudon","tag-musique"],"_links":{"self":[{"href":"https:\/\/lafilledecorinthe.com\/wordpress\/wp-json\/wp\/v2\/posts\/12210","targetHints":{"allow":["GET"]}}],"collection":[{"href":"https:\/\/lafilledecorinthe.com\/wordpress\/wp-json\/wp\/v2\/posts"}],"about":[{"href":"https:\/\/lafilledecorinthe.com\/wordpress\/wp-json\/wp\/v2\/types\/post"}],"author":[{"embeddable":true,"href":"https:\/\/lafilledecorinthe.com\/wordpress\/wp-json\/wp\/v2\/users\/2"}],"replies":[{"embeddable":true,"href":"https:\/\/lafilledecorinthe.com\/wordpress\/wp-json\/wp\/v2\/comments?post=12210"}],"version-history":[{"count":19,"href":"https:\/\/lafilledecorinthe.com\/wordpress\/wp-json\/wp\/v2\/posts\/12210\/revisions"}],"predecessor-version":[{"id":14296,"href":"https:\/\/lafilledecorinthe.com\/wordpress\/wp-json\/wp\/v2\/posts\/12210\/revisions\/14296"}],"wp:featuredmedia":[{"embeddable":true,"href":"https:\/\/lafilledecorinthe.com\/wordpress\/wp-json\/wp\/v2\/media\/12213"}],"wp:attachment":[{"href":"https:\/\/lafilledecorinthe.com\/wordpress\/wp-json\/wp\/v2\/media?parent=12210"}],"wp:term":[{"taxonomy":"category","embeddable":true,"href":"https:\/\/lafilledecorinthe.com\/wordpress\/wp-json\/wp\/v2\/categories?post=12210"},{"taxonomy":"post_tag","embeddable":true,"href":"https:\/\/lafilledecorinthe.com\/wordpress\/wp-json\/wp\/v2\/tags?post=12210"}],"curies":[{"name":"wp","href":"https:\/\/api.w.org\/{rel}","templated":true}]}}