{"id":12159,"date":"2022-10-24T05:28:21","date_gmt":"2022-10-24T04:28:21","guid":{"rendered":"http:\/\/lafilledecorinthe.com\/wordpress\/?p=12159"},"modified":"2025-11-29T15:19:48","modified_gmt":"2025-11-29T14:19:48","slug":"321-action-au-jeu-de-paume-3","status":"publish","type":"post","link":"https:\/\/lafilledecorinthe.com\/wordpress\/2022\/10\/321-action-au-jeu-de-paume-3\/","title":{"rendered":"\u00ab\u00a03,2,1, action !\u00a0\u00bb au Jeu de Paume &#8211; 3"},"content":{"rendered":"\n<blockquote class=\"wp-block-quote is-layout-flow wp-block-quote-is-layout-flow\">\n<p><em>\u00ab\u00a0Quand je prends une photographie, il y a toujours un projet qui guide mon geste.\u00a0\u00bb<\/em><br>Mimmo <a href=\"https:\/\/www.lintermede.com\/exposition-mimmo-jodice-retrospective-maison-europeenne-photographie-mep-paris.php#1123\" target=\"_blank\" rel=\"noopener\">Jodice<\/a><\/p>\n<\/blockquote>\n\n\n\n<p>D\u00e9couvrir la nouvelle exposition du Jeu de Paume avant l&rsquo;ouverture au public est un privil\u00e8ge offert aux familles lors de l&rsquo;atelier <a href=\"https:\/\/jeudepaume.org\/enfants-et-familles\/\" target=\"_blank\" rel=\"noopener\">\u00ab\u00a0<em>3,2,1, action !&nbsp;<\/em>\u00ab\u00a0<\/a>. Les enfants et leurs parents&nbsp;investissent&nbsp; les diff\u00e9rents espaces du centre d&rsquo;art \u00e0 la d\u00e9couverte d&rsquo;oeuvres et d&rsquo;activit\u00e9s.&nbsp;Le voyage de salle en salle en images.<\/p>\n\n\n<div class=\"wp-block-image\">\n<figure class=\"aligncenter\"><a href=\"https:\/\/lafilledecorinthe.com\/wordpress\/wp-content\/uploads\/2022\/10\/salle1.png\"><img loading=\"lazy\" decoding=\"async\" width=\"1398\" height=\"786\" src=\"https:\/\/lafilledecorinthe.com\/wordpress\/wp-content\/uploads\/2022\/10\/salle1.png\" alt=\"salle1\" class=\"wp-image-12163\" srcset=\"https:\/\/lafilledecorinthe.com\/wordpress\/wp-content\/uploads\/2022\/10\/salle1.png 1398w, https:\/\/lafilledecorinthe.com\/wordpress\/wp-content\/uploads\/2022\/10\/salle1-680x382.png 680w, https:\/\/lafilledecorinthe.com\/wordpress\/wp-content\/uploads\/2022\/10\/salle1-1280x720.png 1280w, https:\/\/lafilledecorinthe.com\/wordpress\/wp-content\/uploads\/2022\/10\/salle1-500x281.png 500w\" sizes=\"auto, (max-width: 1398px) 100vw, 1398px\" \/><\/a><figcaption class=\"wp-element-caption\">3- D\u00e9couvrir l&rsquo;oeuvre \u00e0 l&rsquo;origine du titre de l&rsquo;exposition, \u00ab\u00a0Rovesciare i propri occhi\u00a0\u00bb, Giuseppe Penone, 1970<\/figcaption><\/figure>\n<\/div>\n\n<div class=\"wp-block-image\">\n<figure class=\"aligncenter\"><a href=\"https:\/\/lafilledecorinthe.com\/wordpress\/wp-content\/uploads\/2022\/10\/Salle2.png\"><img loading=\"lazy\" decoding=\"async\" width=\"2054\" height=\"790\" src=\"https:\/\/lafilledecorinthe.com\/wordpress\/wp-content\/uploads\/2022\/10\/Salle2.png\" alt=\"Salle2\" class=\"wp-image-12164\" srcset=\"https:\/\/lafilledecorinthe.com\/wordpress\/wp-content\/uploads\/2022\/10\/Salle2.png 2054w, https:\/\/lafilledecorinthe.com\/wordpress\/wp-content\/uploads\/2022\/10\/Salle2-680x262.png 680w, https:\/\/lafilledecorinthe.com\/wordpress\/wp-content\/uploads\/2022\/10\/Salle2-1280x492.png 1280w, https:\/\/lafilledecorinthe.com\/wordpress\/wp-content\/uploads\/2022\/10\/Salle2-500x192.png 500w\" sizes=\"auto, (max-width: 2054px) 100vw, 2054px\" \/><\/a><figcaption class=\"wp-element-caption\">3-\u00a0Trouver\u00a0 les diff\u00e9rents moments du processus cr\u00e9atif d&rsquo;une oeuvre par l&rsquo;observation et le geste.<\/figcaption><\/figure>\n<\/div>\n\n<div class=\"wp-block-image\">\n<figure class=\"aligncenter\"><a href=\"https:\/\/lafilledecorinthe.com\/wordpress\/wp-content\/uploads\/2022\/10\/salle3.png\"><img loading=\"lazy\" decoding=\"async\" width=\"1662\" height=\"786\" src=\"https:\/\/lafilledecorinthe.com\/wordpress\/wp-content\/uploads\/2022\/10\/salle3.png\" alt=\"salle3\" class=\"wp-image-12166\" srcset=\"https:\/\/lafilledecorinthe.com\/wordpress\/wp-content\/uploads\/2022\/10\/salle3.png 1662w, https:\/\/lafilledecorinthe.com\/wordpress\/wp-content\/uploads\/2022\/10\/salle3-680x322.png 680w, https:\/\/lafilledecorinthe.com\/wordpress\/wp-content\/uploads\/2022\/10\/salle3-1280x605.png 1280w, https:\/\/lafilledecorinthe.com\/wordpress\/wp-content\/uploads\/2022\/10\/salle3-500x236.png 500w\" sizes=\"auto, (max-width: 1662px) 100vw, 1662px\" \/><\/a><figcaption class=\"wp-element-caption\">2 &#8211; Fou rire garanti devant \u00ab\u00a0La Linea\u00a0\u00bb d&rsquo;Osvaldo Cavandoli. Les enfants jouent \u00e0 remplacer le c\u00e9l\u00e8bre doubleur milanais Carlo Bonomi.<\/figcaption><\/figure>\n<\/div>\n\n<div class=\"wp-block-image\">\n<figure class=\"aligncenter\"><a href=\"https:\/\/lafilledecorinthe.com\/wordpress\/wp-content\/uploads\/2022\/10\/Capture-d\u2019e\u0301cran-2022-10-23-a\u0300-15.18.23.png\"><img loading=\"lazy\" decoding=\"async\" width=\"1834\" height=\"788\" src=\"https:\/\/lafilledecorinthe.com\/wordpress\/wp-content\/uploads\/2022\/10\/Capture-d\u2019e\u0301cran-2022-10-23-a\u0300-15.18.23.png\" alt=\"Capture d\u2019e\u0301cran 2022-10-23 a\u0300 15.18.23\" class=\"wp-image-12167\" srcset=\"https:\/\/lafilledecorinthe.com\/wordpress\/wp-content\/uploads\/2022\/10\/Capture-d\u2019e\u0301cran-2022-10-23-a\u0300-15.18.23.png 1834w, https:\/\/lafilledecorinthe.com\/wordpress\/wp-content\/uploads\/2022\/10\/Capture-d\u2019e\u0301cran-2022-10-23-a\u0300-15.18.23-680x292.png 680w, https:\/\/lafilledecorinthe.com\/wordpress\/wp-content\/uploads\/2022\/10\/Capture-d\u2019e\u0301cran-2022-10-23-a\u0300-15.18.23-1280x550.png 1280w, https:\/\/lafilledecorinthe.com\/wordpress\/wp-content\/uploads\/2022\/10\/Capture-d\u2019e\u0301cran-2022-10-23-a\u0300-15.18.23-500x215.png 500w\" sizes=\"auto, (max-width: 1834px) 100vw, 1834px\" \/><\/a><figcaption class=\"wp-element-caption\">1, action ! &#8211; Chacun retranscrit \u00e0 sa mani\u00e8re la musique de Franco Godi.<\/figcaption><\/figure>\n<\/div>\n\n<div class=\"wp-block-image\">\n<figure class=\"aligncenter\"><a href=\"https:\/\/lafilledecorinthe.com\/wordpress\/wp-content\/uploads\/2022\/10\/IMG_0086.jpeg\"><img loading=\"lazy\" decoding=\"async\" width=\"4738\" height=\"3259\" src=\"https:\/\/lafilledecorinthe.com\/wordpress\/wp-content\/uploads\/2022\/10\/IMG_0086.jpeg\" alt=\"IMG_0086\" class=\"wp-image-12168\" srcset=\"https:\/\/lafilledecorinthe.com\/wordpress\/wp-content\/uploads\/2022\/10\/IMG_0086.jpeg 4738w, https:\/\/lafilledecorinthe.com\/wordpress\/wp-content\/uploads\/2022\/10\/IMG_0086-680x468.jpeg 680w, https:\/\/lafilledecorinthe.com\/wordpress\/wp-content\/uploads\/2022\/10\/IMG_0086-1280x880.jpeg 1280w, https:\/\/lafilledecorinthe.com\/wordpress\/wp-content\/uploads\/2022\/10\/IMG_0086-436x300.jpeg 436w\" sizes=\"auto, (max-width: 4738px) 100vw, 4738px\" \/><\/a><figcaption class=\"wp-element-caption\">1, action ! Plaisir partag\u00e9 en famille<\/figcaption><\/figure>\n<\/div>\n\n\n<p class=\"has-text-align-center\"><strong>Deux autres dates !<\/strong>&nbsp;Les dimanches 20 novembre 2022 et 8 janvier 2023<\/p>\n","protected":false},"excerpt":{"rendered":"<p>\u00ab\u00a0Quand je prends une photographie, il y a toujours un projet qui guide mon geste.\u00a0\u00bbMimmo Jodice D\u00e9couvrir la nouvelle exposition du Jeu de Paume avant l&rsquo;ouverture au public est un privil\u00e8ge offert aux familles lors de l&rsquo;atelier \u00ab\u00a03,2,1, action !&nbsp;\u00ab\u00a0. Les enfants et leurs parents&nbsp;investissent&nbsp; les diff\u00e9rents espaces du centre d&rsquo;art \u00e0 la d\u00e9couverte d&rsquo;oeuvres&#8230;<\/p>\n","protected":false},"author":2,"featured_media":12160,"comment_status":"open","ping_status":"open","sticky":false,"template":"","format":"standard","meta":{"_kad_post_transparent":"","_kad_post_title":"","_kad_post_layout":"","_kad_post_sidebar_id":"","_kad_post_content_style":"","_kad_post_vertical_padding":"","_kad_post_feature":"","_kad_post_feature_position":"","_kad_post_header":false,"_kad_post_footer":false,"_kad_post_classname":"","footnotes":""},"categories":[7],"tags":[9,2235,2239,2240,2236,48,2237,2233,2238,2234],"class_list":["post-12159","post","type-post","status-publish","format-standard","has-post-thumbnail","hentry","category-ateliers-enfants","tag-atelier","tag-autour-de-larte-povera-1960-1975","tag-carlo-bonomi","tag-franco-godi","tag-giuseppe-penone","tag-jeu-de-paume","tag-la-linea","tag-mimmo-jodice","tag-osvaldo-cavandoli","tag-renverser-ses-yeux"],"_links":{"self":[{"href":"https:\/\/lafilledecorinthe.com\/wordpress\/wp-json\/wp\/v2\/posts\/12159","targetHints":{"allow":["GET"]}}],"collection":[{"href":"https:\/\/lafilledecorinthe.com\/wordpress\/wp-json\/wp\/v2\/posts"}],"about":[{"href":"https:\/\/lafilledecorinthe.com\/wordpress\/wp-json\/wp\/v2\/types\/post"}],"author":[{"embeddable":true,"href":"https:\/\/lafilledecorinthe.com\/wordpress\/wp-json\/wp\/v2\/users\/2"}],"replies":[{"embeddable":true,"href":"https:\/\/lafilledecorinthe.com\/wordpress\/wp-json\/wp\/v2\/comments?post=12159"}],"version-history":[{"count":9,"href":"https:\/\/lafilledecorinthe.com\/wordpress\/wp-json\/wp\/v2\/posts\/12159\/revisions"}],"predecessor-version":[{"id":14300,"href":"https:\/\/lafilledecorinthe.com\/wordpress\/wp-json\/wp\/v2\/posts\/12159\/revisions\/14300"}],"wp:featuredmedia":[{"embeddable":true,"href":"https:\/\/lafilledecorinthe.com\/wordpress\/wp-json\/wp\/v2\/media\/12160"}],"wp:attachment":[{"href":"https:\/\/lafilledecorinthe.com\/wordpress\/wp-json\/wp\/v2\/media?parent=12159"}],"wp:term":[{"taxonomy":"category","embeddable":true,"href":"https:\/\/lafilledecorinthe.com\/wordpress\/wp-json\/wp\/v2\/categories?post=12159"},{"taxonomy":"post_tag","embeddable":true,"href":"https:\/\/lafilledecorinthe.com\/wordpress\/wp-json\/wp\/v2\/tags?post=12159"}],"curies":[{"name":"wp","href":"https:\/\/api.w.org\/{rel}","templated":true}]}}