{"id":12124,"date":"2022-10-21T20:51:13","date_gmt":"2022-10-21T19:51:13","guid":{"rendered":"http:\/\/lafilledecorinthe.com\/wordpress\/?p=12124"},"modified":"2025-12-04T18:47:15","modified_gmt":"2025-12-04T17:47:15","slug":"maternelle-au-cinema-92-2022-2023","status":"publish","type":"post","link":"https:\/\/lafilledecorinthe.com\/wordpress\/2022\/10\/maternelle-au-cinema-92-2022-2023\/","title":{"rendered":"\u00ab\u00a0Maternelle au Cin\u00e9ma\u00a0\u00bb 92 -2022-2023"},"content":{"rendered":"\n<p>\u00a0Deux temps de formation sur les deux premiers programmes de l&rsquo;ann\u00e9e :\u00a0 \u00a0 \u00a0 \u00a0 \u00a0 \u00a0 \u00a0 \u00a0 \u00a0 \u00a0 \u00a0 \u00a0 \u00a0 \u00a0 \u00a0 \u00a0mercredi 19 octobre 2022<br> mercredi 16 novembre 2022<br> au coll\u00e8ge Mar\u00e9chal Leclerc de Puteaux<\/p>\n\n\n<div class=\"wp-block-image\">\n<figure class=\"aligncenter\"><a href=\"https:\/\/lafilledecorinthe.com\/wordpress\/wp-content\/uploads\/2022\/10\/Doggone-tired.jpeg\"><img loading=\"lazy\" decoding=\"async\" width=\"1026\" height=\"772\" src=\"https:\/\/lafilledecorinthe.com\/wordpress\/wp-content\/uploads\/2022\/10\/Doggone-tired.jpeg\" alt=\"Doggone tired\" class=\"wp-image-12132\" srcset=\"https:\/\/lafilledecorinthe.com\/wordpress\/wp-content\/uploads\/2022\/10\/Doggone-tired.jpeg 1026w, https:\/\/lafilledecorinthe.com\/wordpress\/wp-content\/uploads\/2022\/10\/Doggone-tired-680x512.jpeg 680w, https:\/\/lafilledecorinthe.com\/wordpress\/wp-content\/uploads\/2022\/10\/Doggone-tired-399x300.jpeg 399w\" sizes=\"auto, (max-width: 1026px) 100vw, 1026px\" \/><\/a><figcaption class=\"wp-element-caption\">Doggone tired, Tex Avery, 1949<\/figcaption><\/figure>\n<\/div>\n\n\n<p><strong>&nbsp;DUOS DE CHOC,&nbsp;<\/strong>\u00e0 t\u00e9l\u00e9charger :&nbsp;<a href=\"https:\/\/lafilledecorinthe.com\/wordpress\/wp-content\/uploads\/2022\/10\/Filmographie-bibliographie.pdf\">Filmographie: bibliographie<\/a>,&nbsp;<a href=\"https:\/\/lafilledecorinthe.com\/wordpress\/wp-content\/uploads\/2022\/10\/L\u2019e\u0301chassier-.pdf\">L\u2019e\u0301chassier<\/a>,&nbsp;<a href=\"https:\/\/lafilledecorinthe.com\/wordpress\/wp-content\/uploads\/2022\/10\/Voir-a\u0300-travers-les-yeux-dune-grenouille-.pdf\">Voir a\u0300 travers les yeux d&rsquo;une grenouille<\/a>,&nbsp;<a href=\"https:\/\/lafilledecorinthe.com\/wordpress\/wp-content\/uploads\/2022\/10\/D\u2019un-duo-a\u0300-l\u2019autre\u2026-.pdf\">D\u2019un duo a\u0300 l\u2019autre\u2026<\/a>,&nbsp;<a href=\"https:\/\/lafilledecorinthe.com\/wordpress\/wp-content\/uploads\/2022\/10\/Le-chapeau-comme-partenaire-de-jeu-.pdf\">Le chapeau comme partenaire de jeu<\/a>,&nbsp;<a href=\"https:\/\/lafilledecorinthe.com\/wordpress\/wp-content\/uploads\/2022\/10\/Un-chasseur-sans-te\u0302te-.pdf\">Un chasseur sans te\u0302te<\/a>,&nbsp;<a href=\"https:\/\/lafilledecorinthe.com\/wordpress\/wp-content\/uploads\/2022\/10\/D\u2019un-bruit-a\u0300-l\u2019autre-.pdf\">D\u2019un bruit a\u0300 l\u2019autre<\/a>,&nbsp;<a href=\"https:\/\/lafilledecorinthe.com\/wordpress\/wp-content\/uploads\/2022\/10\/les-e\u0301motions-.pdf\">les e\u0301motions<\/a>,&nbsp;<a href=\"https:\/\/lafilledecorinthe.com\/wordpress\/wp-content\/uploads\/2022\/10\/Une-me\u0301tamorphose-.pdf\">Une me\u0301tamorphose<\/a>,&nbsp;<a href=\"https:\/\/lafilledecorinthe.com\/wordpress\/wp-content\/uploads\/2022\/10\/Que-voit-il-.pdf\">Que voit-il ?<\/a>,&nbsp;<a href=\"https:\/\/lafilledecorinthe.com\/wordpress\/wp-content\/uploads\/2022\/10\/Jeu-de-Kim.pdf\">Jeu de Kim<\/a>,&nbsp;<a href=\"https:\/\/lafilledecorinthe.com\/wordpress\/wp-content\/uploads\/2022\/10\/Jeu-de-me\u0301moire-.pdf\">Jeu de me\u0301moire<\/a>,&nbsp;<a href=\"https:\/\/lafilledecorinthe.com\/wordpress\/wp-content\/uploads\/2022\/10\/Les-dessins-pre\u0301paratoires-a\u0300-l\u2019aquarelle-.pdf\">Les dessins pre\u0301paratoires a\u0300 l\u2019aquarelle<\/a>. Et aussi <a title=\"\u00ab&nbsp;Maternelle et Cin\u00e9ma&nbsp;\u00bb dans le Val d\u2019Oise\" href=\"https:\/\/lafilledecorinthe.com\/wordpress\/2019\/10\/maternelle-et-cinema-dans-le-val-doise-4\/\">ici<\/a><\/p>\n\n\n<div class=\"wp-block-image\">\n<figure class=\"aligncenter\"><a href=\"https:\/\/lafilledecorinthe.com\/wordpress\/wp-content\/uploads\/2022\/10\/Pilotin.png\"><img loading=\"lazy\" decoding=\"async\" width=\"644\" height=\"490\" src=\"https:\/\/lafilledecorinthe.com\/wordpress\/wp-content\/uploads\/2022\/10\/Pilotin.png\" alt=\"Pilotin\" class=\"wp-image-12149\" srcset=\"https:\/\/lafilledecorinthe.com\/wordpress\/wp-content\/uploads\/2022\/10\/Pilotin.png 644w, https:\/\/lafilledecorinthe.com\/wordpress\/wp-content\/uploads\/2022\/10\/Pilotin-394x300.png 394w\" sizes=\"auto, (max-width: 644px) 100vw, 644px\" \/><\/a><figcaption class=\"wp-element-caption\">Pilotin, Leo Lionni, Giulio Gianini, 1966<\/figcaption><\/figure>\n<\/div>\n\n\n<p><strong>LE PETIT MONDE DE LEO, <\/strong>\u00e0 t\u00e9l\u00e9charger :&nbsp;<a href=\"https:\/\/lafilledecorinthe.com\/wordpress\/wp-content\/uploads\/2022\/10\/Filmographiebibliographie.pdf\">Filmographie:bibliographie<\/a>,&nbsp;<a href=\"https:\/\/lafilledecorinthe.com\/wordpress\/wp-content\/uploads\/2022\/10\/Leo-Lionni-ou-lhistoire-dun-hollandais-autodidacte1.pdf\">Leo Lionni ou l&rsquo;histoire d&rsquo;un hollandais autodidacte<\/a>,&nbsp;<a href=\"https:\/\/lafilledecorinthe.com\/wordpress\/wp-content\/uploads\/2022\/10\/Les-provisions-de-Fre\u0301de\u0301ric-.pdf\">Les provisions de Fre\u0301de\u0301ric<\/a>,&nbsp;<a href=\"https:\/\/lafilledecorinthe.com\/wordpress\/wp-content\/uploads\/2022\/10\/Re\u0301volution-Gianni-Rodari-1.pdf\">Re\u0301volution, Gianni Rodari<\/a>,&nbsp;<a href=\"https:\/\/lafilledecorinthe.com\/wordpress\/wp-content\/uploads\/2022\/10\/Un-poisson...Images-se\u0301quentielles-.pdf\">Un-poisson&#8230;Images-se\u0301quentielles-<\/a>,&nbsp;<a href=\"https:\/\/lafilledecorinthe.com\/wordpress\/wp-content\/uploads\/2022\/10\/De-lide\u0301e-a\u0300-la-re\u0301alisation.pdf\">De l&rsquo;ide\u0301e a\u0300 la re\u0301alisation<\/a>. Et aussi <a title=\"\u00ab&nbsp;Maternelle au Cin\u00e9ma&nbsp;\u00bb 95 \u2013  2022-2023\" href=\"https:\/\/lafilledecorinthe.com\/wordpress\/2022\/10\/maternelle-au-cinema-95-2022-2023\/\">ici&nbsp; &nbsp;<\/a><\/p>\n","protected":false},"excerpt":{"rendered":"<p>\u00a0Deux temps de formation sur les deux premiers programmes de l&rsquo;ann\u00e9e :\u00a0 \u00a0 \u00a0 \u00a0 \u00a0 \u00a0 \u00a0 \u00a0 \u00a0 \u00a0 \u00a0 \u00a0 \u00a0 \u00a0 \u00a0 \u00a0mercredi 19 octobre 2022 mercredi 16 novembre 2022 au coll\u00e8ge Mar\u00e9chal Leclerc de Puteaux &nbsp;DUOS DE CHOC,&nbsp;\u00e0 t\u00e9l\u00e9charger :&nbsp;Filmographie: bibliographie,&nbsp;L\u2019e\u0301chassier,&nbsp;Voir a\u0300 travers les yeux d&rsquo;une grenouille,&nbsp;D\u2019un duo a\u0300 l\u2019autre\u2026,&nbsp;Le&#8230;<\/p>\n","protected":false},"author":2,"featured_media":12127,"comment_status":"open","ping_status":"open","sticky":false,"template":"","format":"standard","meta":{"_kad_post_transparent":"","_kad_post_title":"","_kad_post_layout":"","_kad_post_sidebar_id":"","_kad_post_content_style":"","_kad_post_vertical_padding":"","_kad_post_feature":"","_kad_post_feature_position":"","_kad_post_header":false,"_kad_post_footer":false,"_kad_post_classname":"","footnotes":""},"categories":[8],"tags":[2231,2232,20,1875,1849,36,1506,1102],"class_list":["post-12124","post","type-post","status-publish","format-standard","has-post-thumbnail","hentry","category-formations-adultes","tag-maternelle-au-cinema-92","tag-ana-chubinidze","tag-chaplin","tag-duos-de-choc","tag-giulio-gianini","tag-leo-lionni","tag-natalia-chernysheva","tag-tex-avery"],"_links":{"self":[{"href":"https:\/\/lafilledecorinthe.com\/wordpress\/wp-json\/wp\/v2\/posts\/12124","targetHints":{"allow":["GET"]}}],"collection":[{"href":"https:\/\/lafilledecorinthe.com\/wordpress\/wp-json\/wp\/v2\/posts"}],"about":[{"href":"https:\/\/lafilledecorinthe.com\/wordpress\/wp-json\/wp\/v2\/types\/post"}],"author":[{"embeddable":true,"href":"https:\/\/lafilledecorinthe.com\/wordpress\/wp-json\/wp\/v2\/users\/2"}],"replies":[{"embeddable":true,"href":"https:\/\/lafilledecorinthe.com\/wordpress\/wp-json\/wp\/v2\/comments?post=12124"}],"version-history":[{"count":11,"href":"https:\/\/lafilledecorinthe.com\/wordpress\/wp-json\/wp\/v2\/posts\/12124\/revisions"}],"predecessor-version":[{"id":14586,"href":"https:\/\/lafilledecorinthe.com\/wordpress\/wp-json\/wp\/v2\/posts\/12124\/revisions\/14586"}],"wp:featuredmedia":[{"embeddable":true,"href":"https:\/\/lafilledecorinthe.com\/wordpress\/wp-json\/wp\/v2\/media\/12127"}],"wp:attachment":[{"href":"https:\/\/lafilledecorinthe.com\/wordpress\/wp-json\/wp\/v2\/media?parent=12124"}],"wp:term":[{"taxonomy":"category","embeddable":true,"href":"https:\/\/lafilledecorinthe.com\/wordpress\/wp-json\/wp\/v2\/categories?post=12124"},{"taxonomy":"post_tag","embeddable":true,"href":"https:\/\/lafilledecorinthe.com\/wordpress\/wp-json\/wp\/v2\/tags?post=12124"}],"curies":[{"name":"wp","href":"https:\/\/api.w.org\/{rel}","templated":true}]}}