{"id":12082,"date":"2022-10-10T12:08:48","date_gmt":"2022-10-10T11:08:48","guid":{"rendered":"http:\/\/lafilledecorinthe.com\/wordpress\/?p=12082"},"modified":"2025-12-04T19:02:58","modified_gmt":"2025-12-04T18:02:58","slug":"ecole-et-cinema-94-le-voyage-de-chihiro","status":"publish","type":"post","link":"https:\/\/lafilledecorinthe.com\/wordpress\/2022\/10\/ecole-et-cinema-94-le-voyage-de-chihiro\/","title":{"rendered":"\u00c9cole et Cin\u00e9ma 94, \u00ab\u00a0Le voyage de Chihiro\u00a0\u00bb"},"content":{"rendered":"\n<p><em>\u00a0\u00bb Face \u00e0 une crise, la combattante qui se cache au c\u0153ur de Chihiro \u00e9merge, et sa capacit\u00e9 \u00e0 s&rsquo;adapter et \u00e0 \u00e9valuer la situation s&rsquo;affirme. Je ne souhaitais pas qu&rsquo;elle soit une h\u00e9ro\u00efne parfaite : la beaut\u00e9 vient de son coeur et de la profondeur de son \u00e2me.\u00a0\u00bb\u00a0<\/em><br>Hayao Miyazaki, citation extraite\u00a0du <em>Voyage\u00a0avec\u00a0Chihiro<\/em>, Marta Garc\u00eda Villar, Ynnis, 2022<\/p>\n\n\n\n<p><em>\u00ab\u00a0J&rsquo;esp\u00e8re que<\/em> Le Voyage de Chihiro <em>n&rsquo;est pas consid\u00e9r\u00e9 comme un voyage initiatique.\u00a0\u00c0 la fin du film, Chihiro a simplement appris \u00e0 avoir confiance en elle-m\u00eame.\u00a0\u00bb<\/em><br>Hayao Miyazaki, <em>The Anime Art of Hayao Miyazaki<\/em>, Dani Cavallaro, McFarland &amp; Co, 2006<\/p>\n\n\n\n<p><em>\u00ab\u00a0Il ne s&rsquo;agit pas d&rsquo;une histoire de lutte entre le bien et le mal, mais d&rsquo;une histoire dans laquelle l&rsquo;h\u00e9ro\u00efne atterrit dans un lieu o\u00f9 le bien et le mal vont de pair, et de l\u00e0, elle exp\u00e9rimente le monde. [&#8230;] Elle se d\u00e9brouille malgr\u00e9 la crise, esquive les dangers et parvient \u00e0 revenir au monde r\u00e9el. Elle s&rsquo;en sort non pas parce qu&rsquo;elle a vaincu \u00ab\u00a0le mal, mais parce qu&rsquo;elle a appris \u00e0 survivre.\u00a0\u00bb<\/em><br>Hayao Miyazaki, <em>The Art of Miyazaki&rsquo;s Spirited Away<\/em>,\u00a0Viz LLC, 2003<\/p>\n\n\n\n<p><strong>Projection-conf\u00e9rence :<\/strong><br><em>Le voyage de Chihiro, <\/em>Hayao Miyazaki, 2002<br>Les\u00a0Trois\u00a0cin\u00e9s Robespierre \u00e0 Vitry-sur-Seine<br>Mercredi 12 octobre 2022<\/p>\n\n\n\n<p><strong>Documents&nbsp;\u00e0 t\u00e9l\u00e9charger :&nbsp;<\/strong><a href=\"https:\/\/lafilledecorinthe.com\/wordpress\/wp-content\/uploads\/2022\/10\/Pour-aller-plus-loin-3.pdf\">Pour aller plus loin<\/a>,&nbsp;<a href=\"https:\/\/lafilledecorinthe.com\/wordpress\/wp-content\/uploads\/2022\/10\/De-Chihiro-a\u0300-Sen-.pdf\">De Chihiro a\u0300 Sen<\/a>,&nbsp;<a href=\"https:\/\/lafilledecorinthe.com\/wordpress\/wp-content\/uploads\/2022\/10\/D\u2019un-passage-a\u0300-l\u2019autre-.pdf\">D\u2019un passage a\u0300 l\u2019autre<\/a>,&nbsp;<a href=\"https:\/\/lafilledecorinthe.com\/wordpress\/wp-content\/uploads\/2022\/10\/Le-shinto-ou-la-voie-des-Kami-.pdf\">Le shinto ou la voie des Kami<\/a>,&nbsp;<a href=\"https:\/\/lafilledecorinthe.com\/wordpress\/wp-content\/uploads\/2022\/10\/Des-me\u0301tamorphoses-.pdf\">Des me\u0301tamorphoses<\/a>,&nbsp;<a href=\"https:\/\/lafilledecorinthe.com\/wordpress\/wp-content\/uploads\/2022\/10\/La-me\u0301tamorphose-de-Bo\u0302.pdf\">La me\u0301tamorphose de Bo\u0302<\/a>,&nbsp;<a href=\"https:\/\/lafilledecorinthe.com\/wordpress\/wp-content\/uploads\/2022\/10\/L\u2019extrait-La-descente-d\u2019escalier-1.pdf\">L\u2019extrait La descente d\u2019escalier 1<\/a>,&nbsp;<a href=\"https:\/\/lafilledecorinthe.com\/wordpress\/wp-content\/uploads\/2022\/10\/L\u2019extrait-La-descente-d\u2019escalier-2.pdf\">L\u2019extrait La descente d\u2019escalier 2<\/a><\/p>\n\n\n\n<p>Hayao Miyazaki pr\u00e9sente <em>Le Voyage de Chihiro <\/em>au<em>&nbsp;Forum des images,<\/em>&nbsp;interview \u00e0 lire <a href=\"http:\/\/www.midnighteye.com\/interviews\/hayao-miyazaki\/\" target=\"_blank\" rel=\"noopener\">ici<\/a>.<\/p>\n\n\n<div class=\"wp-block-image\">\n<figure class=\"aligncenter\"><a href=\"https:\/\/lafilledecorinthe.com\/wordpress\/wp-content\/uploads\/2022\/10\/Festival-Nouvelles-images-du-Japon-2001.png\"><img loading=\"lazy\" decoding=\"async\" width=\"1340\" height=\"562\" src=\"https:\/\/lafilledecorinthe.com\/wordpress\/wp-content\/uploads\/2022\/10\/Festival-Nouvelles-images-du-Japon-2001.png\" alt=\"Festival Nouvelles images du Japon (2001)\" class=\"wp-image-12089\" srcset=\"https:\/\/lafilledecorinthe.com\/wordpress\/wp-content\/uploads\/2022\/10\/Festival-Nouvelles-images-du-Japon-2001.png 1340w, https:\/\/lafilledecorinthe.com\/wordpress\/wp-content\/uploads\/2022\/10\/Festival-Nouvelles-images-du-Japon-2001-680x285.png 680w, https:\/\/lafilledecorinthe.com\/wordpress\/wp-content\/uploads\/2022\/10\/Festival-Nouvelles-images-du-Japon-2001-1280x537.png 1280w, https:\/\/lafilledecorinthe.com\/wordpress\/wp-content\/uploads\/2022\/10\/Festival-Nouvelles-images-du-Japon-2001-500x210.png 500w\" sizes=\"auto, (max-width: 1340px) 100vw, 1340px\" \/><\/a><figcaption class=\"wp-element-caption\">Festival Nouvelles images du Japon (2001)<\/figcaption><\/figure>\n<\/div>\n\n\n<p>Un autre article passionnant \u00e0 <a href=\"https:\/\/www.piwwie.com\/film-miyazaki-visite-mondes-merveilleux\/\" target=\"_blank\" rel=\"noopener\">lire<\/a> \u00a0\u00bb Visite des mondes merveilleux de Miyazaki\u00a0\u00bb.<\/p>\n\n\n<div class=\"wp-block-image\">\n<figure class=\"aligncenter\"><a href=\"https:\/\/lafilledecorinthe.com\/wordpress\/wp-content\/uploads\/2022\/10\/palais-des-bains-Chihiro.jpeg\"><img loading=\"lazy\" decoding=\"async\" width=\"1919\" height=\"1017\" src=\"https:\/\/lafilledecorinthe.com\/wordpress\/wp-content\/uploads\/2022\/10\/palais-des-bains-Chihiro.jpeg\" alt=\"palais-des-bains-Chihiro\" class=\"wp-image-12104\" srcset=\"https:\/\/lafilledecorinthe.com\/wordpress\/wp-content\/uploads\/2022\/10\/palais-des-bains-Chihiro.jpeg 1919w, https:\/\/lafilledecorinthe.com\/wordpress\/wp-content\/uploads\/2022\/10\/palais-des-bains-Chihiro-680x360.jpeg 680w, https:\/\/lafilledecorinthe.com\/wordpress\/wp-content\/uploads\/2022\/10\/palais-des-bains-Chihiro-1280x678.jpeg 1280w, https:\/\/lafilledecorinthe.com\/wordpress\/wp-content\/uploads\/2022\/10\/palais-des-bains-Chihiro-500x265.jpeg 500w\" sizes=\"auto, (max-width: 1919px) 100vw, 1919px\" \/><\/a><\/figure>\n<\/div>\n\n\n<p><\/p>\n\n\n\n<p>Aussi <a title=\"\u00ab&nbsp;\u00c9cole et Cin\u00e9ma 92\u2033, Le voyage de Chihiro\" href=\"https:\/\/lafilledecorinthe.com\/wordpress\/2021\/09\/ecole-et-cinema-92-le-voyage-de-chihiro\/\">ici <\/a>et <a title=\"Dessins du Studio Ghibli \u2026\" href=\"https:\/\/lafilledecorinthe.com\/wordpress\/2014\/11\/dessins-du-studio-ghibli\/\">l\u00e0<\/a> !<\/p>\n\n\n\n<p>Et jusqu&rsquo;au 15 janvier 2023, le Japon est \u00e0 l&rsquo;honneur au Forum des Images : <a href=\"https:\/\/www.forumdesimages.fr\/les-programmes\/le-japon-mishima-et-moi\" target=\"_blank\" rel=\"noopener\">Le Japon, Mishima et moi<\/a>.<\/p>\n\n\n<div class=\"wp-block-image\">\n<figure class=\"aligncenter\"><a href=\"https:\/\/lafilledecorinthe.com\/wordpress\/wp-content\/uploads\/2022\/10\/Le-japon-Mishima-et-moi-.jpeg\"><img loading=\"lazy\" decoding=\"async\" width=\"745\" height=\"412\" src=\"https:\/\/lafilledecorinthe.com\/wordpress\/wp-content\/uploads\/2022\/10\/Le-japon-Mishima-et-moi-.jpeg\" alt=\"Le japon, Mishima et moi\" class=\"wp-image-12122\" srcset=\"https:\/\/lafilledecorinthe.com\/wordpress\/wp-content\/uploads\/2022\/10\/Le-japon-Mishima-et-moi-.jpeg 745w, https:\/\/lafilledecorinthe.com\/wordpress\/wp-content\/uploads\/2022\/10\/Le-japon-Mishima-et-moi--680x376.jpeg 680w, https:\/\/lafilledecorinthe.com\/wordpress\/wp-content\/uploads\/2022\/10\/Le-japon-Mishima-et-moi--500x277.jpeg 500w\" sizes=\"auto, (max-width: 745px) 100vw, 745px\" \/><\/a><\/figure>\n<\/div>\n\n\n<p><\/p>\n","protected":false},"excerpt":{"rendered":"<p>\u00a0\u00bb Face \u00e0 une crise, la combattante qui se cache au c\u0153ur de Chihiro \u00e9merge, et sa capacit\u00e9 \u00e0 s&rsquo;adapter et \u00e0 \u00e9valuer la situation s&rsquo;affirme. Je ne souhaitais pas qu&rsquo;elle soit une h\u00e9ro\u00efne parfaite : la beaut\u00e9 vient de son coeur et de la profondeur de son \u00e2me.\u00a0\u00bb\u00a0Hayao Miyazaki, citation extraite\u00a0du Voyage\u00a0avec\u00a0Chihiro, Marta Garc\u00eda&#8230;<\/p>\n","protected":false},"author":2,"featured_media":12085,"comment_status":"open","ping_status":"open","sticky":false,"template":"","format":"standard","meta":{"_kad_post_transparent":"","_kad_post_title":"","_kad_post_layout":"","_kad_post_sidebar_id":"","_kad_post_content_style":"","_kad_post_vertical_padding":"","_kad_post_feature":"","_kad_post_feature_position":"","_kad_post_header":false,"_kad_post_footer":false,"_kad_post_classname":"","footnotes":""},"categories":[8],"tags":[1795,662,2118,2229,2230],"class_list":["post-12082","post","type-post","status-publish","format-standard","has-post-thumbnail","hentry","category-formations-adultes","tag-ecole-et-cinema-94","tag-hayao-miyazaki","tag-le-voyage-de-chihiro","tag-trois-cines-robespierre","tag-vitry-sur-seine"],"_links":{"self":[{"href":"https:\/\/lafilledecorinthe.com\/wordpress\/wp-json\/wp\/v2\/posts\/12082","targetHints":{"allow":["GET"]}}],"collection":[{"href":"https:\/\/lafilledecorinthe.com\/wordpress\/wp-json\/wp\/v2\/posts"}],"about":[{"href":"https:\/\/lafilledecorinthe.com\/wordpress\/wp-json\/wp\/v2\/types\/post"}],"author":[{"embeddable":true,"href":"https:\/\/lafilledecorinthe.com\/wordpress\/wp-json\/wp\/v2\/users\/2"}],"replies":[{"embeddable":true,"href":"https:\/\/lafilledecorinthe.com\/wordpress\/wp-json\/wp\/v2\/comments?post=12082"}],"version-history":[{"count":18,"href":"https:\/\/lafilledecorinthe.com\/wordpress\/wp-json\/wp\/v2\/posts\/12082\/revisions"}],"predecessor-version":[{"id":14598,"href":"https:\/\/lafilledecorinthe.com\/wordpress\/wp-json\/wp\/v2\/posts\/12082\/revisions\/14598"}],"wp:featuredmedia":[{"embeddable":true,"href":"https:\/\/lafilledecorinthe.com\/wordpress\/wp-json\/wp\/v2\/media\/12085"}],"wp:attachment":[{"href":"https:\/\/lafilledecorinthe.com\/wordpress\/wp-json\/wp\/v2\/media?parent=12082"}],"wp:term":[{"taxonomy":"category","embeddable":true,"href":"https:\/\/lafilledecorinthe.com\/wordpress\/wp-json\/wp\/v2\/categories?post=12082"},{"taxonomy":"post_tag","embeddable":true,"href":"https:\/\/lafilledecorinthe.com\/wordpress\/wp-json\/wp\/v2\/tags?post=12082"}],"curies":[{"name":"wp","href":"https:\/\/api.w.org\/{rel}","templated":true}]}}