{"id":12061,"date":"2022-10-24T20:22:57","date_gmt":"2022-10-24T19:22:57","guid":{"rendered":"http:\/\/lafilledecorinthe.com\/wordpress\/?p=12061"},"modified":"2025-11-29T15:18:35","modified_gmt":"2025-11-29T14:18:35","slug":"rever-demain-avec-la-petite-ecole-de-cinema","status":"publish","type":"post","link":"https:\/\/lafilledecorinthe.com\/wordpress\/2022\/10\/rever-demain-avec-la-petite-ecole-de-cinema\/","title":{"rendered":"\u00ab\u00a0R\u00eaver demain\u00a0\u00bb&#8230; avec La Petite \u00c9cole de Cin\u00e9ma"},"content":{"rendered":"\n<blockquote class=\"wp-block-quote is-layout-flow wp-block-quote-is-layout-flow\">\n<p class=\"p1\"><em>\u00ab\u00a0Et rien n&rsquo;est tel que le\u00a0r\u00eave\u00a0pour engendrer l&rsquo;avenir. Utopie aujourd&rsquo;hui, chair et os demain.\u00a0\u00bb<\/em><br><em>Les mis\u00e9rables,\u00a0<\/em>Victor Hugo,<em>\u00a0<\/em>1862<\/p>\n<\/blockquote>\n\n\n\n<blockquote class=\"wp-block-quote is-layout-flow wp-block-quote-is-layout-flow\">\n<p class=\"p1\"><em>\u00ab\u00a0&#8230; Aucun homme ne vit dans la r\u00e9alit\u00e9 ext\u00e9rieure, parmi les sels et les acides, mais dans la chaude pi\u00e8ce fantasmagorique de son cerveau, aux fen\u00eatres peintes et aux murs histori\u00e9s.\u00a0\u00bb<\/em><br><em>Les porteurs de lanterne<\/em>, Robert Louis Stevenson, 1888<\/p>\n<\/blockquote>\n\n\n\n<blockquote class=\"wp-block-quote is-layout-flow wp-block-quote-is-layout-flow\">\n<p class=\"p1\"><em>\u00ab\u00a0Trouvant son plus grand accomplissement dans la cr\u00e9ation artistique, le r\u00eave est le tison qui sert \u00e0 rougeoyer les braises du r\u00e9el ; il l&rsquo;entretient , le r\u00e9veille, l&rsquo;avive.\u00a0\u00bb<\/em><br><em>La tyrannie de la r\u00e9alit\u00e9, <\/em>Mona Chollet, 2006<\/p>\n<\/blockquote>\n\n\n\n<blockquote class=\"wp-block-quote is-layout-flow wp-block-quote-is-layout-flow\">\n<p class=\"p1\"><em>\u00a0Cela commence par un r\u00eave, peut-\u00eatre, et peut-\u00eatre par un d\u00e9sir. S\u00fbrement un d\u00e9sir. Lorsque quelqu\u2019un, quelque part, imagine une histoire, un po\u00e8me, un chant, lorsqu\u2019il cr\u00e9e un personnage, qu\u2019il con\u00e7oit un d\u00e9cor, noue une intrigue, d\u00e9j\u00e0, il enclenche le processus. C\u2019est \u00e0 ce moment pr\u00e9cis qu\u2019un monde se cr\u00e9e. Un monde nouveau, avec ses r\u00e8gles, ses lois, ses possibilit\u00e9s et ses interdits. Et ce monde existe et cro\u00eet selon sa logique propre.\u00a0\u00bb<\/em><br><i>Aerkaos<\/i>, Jean-Michel Payet, \u00c9ditions du Panama, 2007<\/p>\n<\/blockquote>\n\n\n\n<blockquote class=\"wp-block-quote is-layout-flow wp-block-quote-is-layout-flow\">\n<p class=\"p1\"><em>\u00ab\u00a0Le cin\u00e9ma, c&rsquo;est un acc\u00e8s possible \u00e0 des formes de v\u00e9rit\u00e9s, o\u00f9 on peut faire exister ses r\u00eaves.\u00a0\u00bb<\/em><br><a href=\"https:\/\/www.radiofrance.fr\/franceculture\/podcasts\/plan-large\/la-filmotheque-ideale-de-pascale-ferran-le-cinema-c-est-un-acces-possible-a-des-formes-de-verites-ou-on-peut-faire-exister-ses-reves-9597596\" target=\"_blank\" rel=\"noopener\">La filmoth\u00e8que\u00a0id\u00e9ale de\u00a0Pascale Ferrand<\/a>, France Culture, 2020<\/p>\n<\/blockquote>\n\n\n\n<p class=\"p1\"><strong>Atelier \u00ab\u00a0R\u00eaver demain &#8230;\u00a0\u00bb<\/strong><br><em>La Petite \u00c9cole de Cin\u00e9ma<\/em><br><a href=\"https:\/\/www.havredecinema.fr\/\" target=\"_blank\" rel=\"noopener\">Havre de Cin\u00e9ma<\/a><br>Du 14 au 21 octobre 2022<\/p>\n\n\n\n<p class=\"p1\"><em>La petite \u00e9cole de Cin\u00e9ma <\/em>r\u00e9unit<em>&nbsp;<\/em>cette ann\u00e9e 15 classes de Seine-Maritime (le Havre, Rogerville, Mannevilette, Saint Martin du Bec, Gonneville la Mallet et Bolleville). Les enfants,&nbsp; de grande section au CM2, vont r\u00e9aliser un court m\u00e9trage avec la complicit\u00e9 de cin\u00e9astes professionnels. La s\u00e9ance d&rsquo;ouverture que j&rsquo;ai eu le plaisir d&rsquo;animer portait sur la nouvelle th\u00e9matique&nbsp;\u00ab\u00a0R\u00eaver demain &#8230;\u00a0\u00bb.<\/p>\n\n\n<div class=\"wp-block-image\">\n<figure class=\"aligncenter\"><a href=\"https:\/\/lafilledecorinthe.com\/wordpress\/wp-content\/uploads\/2022\/10\/re\u0302ver.jpeg\"><img loading=\"lazy\" decoding=\"async\" width=\"3216\" height=\"1881\" src=\"https:\/\/lafilledecorinthe.com\/wordpress\/wp-content\/uploads\/2022\/10\/re\u0302ver.jpeg\" alt=\"re\u0302ver\" class=\"wp-image-12180\" srcset=\"https:\/\/lafilledecorinthe.com\/wordpress\/wp-content\/uploads\/2022\/10\/re\u0302ver.jpeg 3216w, https:\/\/lafilledecorinthe.com\/wordpress\/wp-content\/uploads\/2022\/10\/re\u0302ver-680x398.jpeg 680w, https:\/\/lafilledecorinthe.com\/wordpress\/wp-content\/uploads\/2022\/10\/re\u0302ver-1280x749.jpeg 1280w, https:\/\/lafilledecorinthe.com\/wordpress\/wp-content\/uploads\/2022\/10\/re\u0302ver-500x292.jpeg 500w\" sizes=\"auto, (max-width: 3216px) 100vw, 3216px\" \/><\/a><figcaption class=\"wp-element-caption\">In\u00e8s et Cl\u00e9ment, volontaires en Service Civique \u00e0 l&rsquo;association <em>Havre de Cin\u00e9ma<\/em>, accompagnent le projet.<\/figcaption><\/figure>\n<\/div>\n\n\n<p class=\"p1\">Quels sont les r\u00eaves de demain des enfants ? Petit floril\u00e8ge non exhaustif &#8230;<br><em>Voir une \u00e9toile filante. Partir dans le pass\u00e9. Aller me balader avec mon papa et mon papi. Quand je claque des doigts, il y a plein de licornes devant moi. Que l&rsquo;argent tombe du ciel. Faire ce que l&rsquo;on veut de notre vie. \u00catre c\u00e9l\u00e8bre.\u00a0<em>\u00catre footballeur. Que la terre soit<\/em>\u00a0moins pollu\u00e9e. Devenir un crocodile. Remonter le temps si je rate quelque chose. Qu&rsquo;il n&rsquo;y ait plus de virus.\u00a0<em>\u00catre boulang\u00e8re et artiste en m\u00eame temps. \u00c9teindre les feux de for\u00eat. Faire le tour du monde. Aller au Parc du Bocasse. Que toute la ville soit en bonbons. \u00catre immortel. Rencontrer un magicien qui fait appara\u00eetre des dinosaures. Que ce soit les enfants qui d\u00e9cident. Inventer de nouveaux moyens de transport. Arr\u00eater les guerres. \u00catre dans le jeu\u00a0<\/em>Minecraft. \u00catre ceinture rouge au judo. Aller voir un film. Avoir un lapin. Habiter dans une villa. Faire un r\u00eave extraordinaire qui se r\u00e9alise. Aller dans le futur pour savoir ce qui va se passer. R\u00eaver d&rsquo;une bonne journ\u00e9e pour se consoler d&rsquo;une mauvaise journ\u00e9e. \u00catre dans un r\u00eave.<\/em><\/p>\n\n\n\n<p class=\"p1\">Qu&rsquo;ils soient personnels ou collectifs les r\u00eaves exprim\u00e9s sont d&rsquo;une belle vari\u00e9t\u00e9. J&rsquo;ai toutefois ressenti que&nbsp;les&nbsp;enfants n&rsquo;\u00e9taient pas \u00e9gaux dans l&rsquo;expression de leurs r\u00eaves. Volont\u00e9 de pr\u00e9server leur intimit\u00e9, pr\u00e9gnance trop forte de la r\u00e9alit\u00e9 ? Le d\u00e9tour par les oeuvres a&nbsp;\u00e9t\u00e9&nbsp;un moment indispensable pour \u00e9changer autour d&rsquo;objets communs et permettre&nbsp;aux&nbsp;enfants&nbsp;de s&rsquo;exprimer plus facilement.<\/p>\n\n\n<div class=\"wp-block-image\">\n<figure class=\"aligncenter\"><a href=\"https:\/\/lafilledecorinthe.com\/wordpress\/wp-content\/uploads\/2022\/10\/Utopia-Couv.jpeg\"><img loading=\"lazy\" decoding=\"async\" width=\"895\" height=\"1200\" src=\"https:\/\/lafilledecorinthe.com\/wordpress\/wp-content\/uploads\/2022\/10\/Utopia-Couv.jpeg\" alt=\"Utopia-Couv\" class=\"wp-image-12195\" srcset=\"https:\/\/lafilledecorinthe.com\/wordpress\/wp-content\/uploads\/2022\/10\/Utopia-Couv.jpeg 895w, https:\/\/lafilledecorinthe.com\/wordpress\/wp-content\/uploads\/2022\/10\/Utopia-Couv-507x680.jpeg 507w, https:\/\/lafilledecorinthe.com\/wordpress\/wp-content\/uploads\/2022\/10\/Utopia-Couv-224x300.jpeg 224w\" sizes=\"auto, (max-width: 895px) 100vw, 895px\" \/><\/a><\/figure>\n<\/div>\n\n\n<p class=\"p1\"><\/p>\n\n\n\n<blockquote class=\"wp-block-quote is-layout-flow wp-block-quote-is-layout-flow\">\n<p class=\"p1\">\u00ab\u00a0Il faut prendre au s\u00e9rieux l&rsquo;\u00e9tymologie de l&rsquo;utopie: elle n&rsquo;est <em>nulle part <\/em>et doit\u00a0y rester.\u00a0\u00bb<br><em>La tyrannie de la r\u00e9alit\u00e9,\u00a0<\/em>Mona Chollet, 2006<em>\u00a0<\/em><\/p>\n<\/blockquote>\n\n\n\n<p class=\"p1\">Apr\u00e8s un r\u00e9sum\u00e9 succinct de l&rsquo;intrigue de l&rsquo;album de Simon Bailly nous avons d\u00e9couvert l&rsquo;\u00eele&nbsp;d&rsquo;Utopia \u00e0 travers les yeux de Thomas.<\/p>\n\n\n<div class=\"wp-block-image\">\n<figure class=\"aligncenter\"><a href=\"https:\/\/lafilledecorinthe.com\/wordpress\/wp-content\/uploads\/2022\/10\/Capture-d\u2019e\u0301cran-2022-10-24-a\u0300-14.48.46.png\"><img loading=\"lazy\" decoding=\"async\" width=\"2026\" height=\"932\" src=\"https:\/\/lafilledecorinthe.com\/wordpress\/wp-content\/uploads\/2022\/10\/Capture-d\u2019e\u0301cran-2022-10-24-a\u0300-14.48.46.png\" alt=\"Capture d\u2019e\u0301cran 2022-10-24 a\u0300 14.48.46\" class=\"wp-image-12196\" srcset=\"https:\/\/lafilledecorinthe.com\/wordpress\/wp-content\/uploads\/2022\/10\/Capture-d\u2019e\u0301cran-2022-10-24-a\u0300-14.48.46.png 2026w, https:\/\/lafilledecorinthe.com\/wordpress\/wp-content\/uploads\/2022\/10\/Capture-d\u2019e\u0301cran-2022-10-24-a\u0300-14.48.46-680x313.png 680w, https:\/\/lafilledecorinthe.com\/wordpress\/wp-content\/uploads\/2022\/10\/Capture-d\u2019e\u0301cran-2022-10-24-a\u0300-14.48.46-1280x589.png 1280w, https:\/\/lafilledecorinthe.com\/wordpress\/wp-content\/uploads\/2022\/10\/Capture-d\u2019e\u0301cran-2022-10-24-a\u0300-14.48.46-500x230.png 500w\" sizes=\"auto, (max-width: 2026px) 100vw, 2026px\" \/><\/a><\/figure>\n<\/div>\n\n\n<p class=\"p1\"><\/p>\n\n\n\n<p class=\"p1\">Au del\u00e0 de l&rsquo;absence des portes, au del\u00e0 des maisons, des v\u00eatements et des chaussures identiques c&rsquo;est la composition et l&rsquo;organisation familiale qui a intrigu\u00e9&nbsp;nombre d&rsquo;enfants ; la vari\u00e9t\u00e9 des nuances de couleurs de peau au sein d&rsquo;une m\u00eame famille ainsi que les activit\u00e9s en commun. <em>\u00a0\u00bb Le grand-p\u00e8re fait le m\u00e9nage, ils travaillent ensemble dans les champs, ils sont soud\u00e9s, \u00e9gaux&#8230;\u00a0\u00bb <\/em>Le lien entre les r\u00eaveurs et les inventeurs a \u00e9t\u00e9 aussi souvent soulign\u00e9.&nbsp; Tous les r\u00eaves sont-ils r\u00e9alisables ? Tous les r\u00eaves sont-ils&nbsp;idylliques ? Les artistes sont-ils des&nbsp;r\u00eaveurs ? Les scientifiques sont-ils des r\u00eaveurs ?<\/p>\n\n\n\n<p class=\"p1\">Dans les extraits des films les enfants retrouvent les r\u00eaves imm\u00e9moriaux de voler et d&rsquo;aller sur la lune. Des \u00e9changes soutenus sur le r\u00eave et la r\u00e9alit\u00e9 s&rsquo;ensuivent.<br>\u00ab\u00a0&#8211; <em>C&rsquo;\u00e9tait un r\u00eave qui n&rsquo;\u00e9tait pas un r\u00eave<\/em>.\u00a0\u00bb Satsuki dans <em>Mon voisin Totoro<\/em>.<br>\u00ab\u00a0&#8211; <em>Sachez que ceci est mon r\u00eave, jeune homme. &#8211; C&rsquo;est aussi le mien monsieur. &#8211; En \u00eates-vous certain ? Cela voudrait dire jeune homme que nous partageons, vous et moi exactement le m\u00eame r\u00eave<\/em>.\u00a0\u00bb Dialogue entre Jiro et l&rsquo;ing\u00e9nieur Caproni dans <em>Le vent se l\u00e8ve<\/em>.<\/p>\n\n\n<div class=\"wp-block-image\">\n<figure class=\"aligncenter\"><a href=\"https:\/\/lafilledecorinthe.com\/wordpress\/wp-content\/uploads\/2022\/10\/2.png\"><img loading=\"lazy\" decoding=\"async\" width=\"2058\" height=\"834\" src=\"https:\/\/lafilledecorinthe.com\/wordpress\/wp-content\/uploads\/2022\/10\/2.png\" alt=\"2\" class=\"wp-image-12197\" srcset=\"https:\/\/lafilledecorinthe.com\/wordpress\/wp-content\/uploads\/2022\/10\/2.png 2058w, https:\/\/lafilledecorinthe.com\/wordpress\/wp-content\/uploads\/2022\/10\/2-680x276.png 680w, https:\/\/lafilledecorinthe.com\/wordpress\/wp-content\/uploads\/2022\/10\/2-1280x519.png 1280w, https:\/\/lafilledecorinthe.com\/wordpress\/wp-content\/uploads\/2022\/10\/2-500x203.png 500w\" sizes=\"auto, (max-width: 2058px) 100vw, 2058px\" \/><\/a><figcaption class=\"wp-element-caption\">\u00ab\u00a0Le voyage dans la lune\u00a0\u00bb de Georges M\u00e9li\u00e8s, \u00ab\u00a0Mon voisin Totoro\u00a0\u00bb et \u00ab\u00a0Le vent se l\u00e8ve\u00a0\u00bb d&rsquo;Hayao Miyazaki.<\/figcaption><\/figure>\n<\/div>\n\n\n<blockquote class=\"wp-block-quote is-layout-flow wp-block-quote-is-layout-flow\">\n<p class=\"p1\"><i>\u00ab\u00a0Je veux cr\u00e9er des films \u00e0 travers lesquels les enfants peuvent voir et vivre quelque chose de nouveau.<\/i>\u00ab\u00a0<br><a href=\"http:\/\/www.midnighteye.com\/interviews\/hayao-miyazaki\/\" target=\"_blank\" rel=\"noopener\">Hayaho Miyazaki<\/a>, Midnight Eye, 2002<\/p>\n<\/blockquote>\n\n\n\n<p class=\"p1\">Les enfants&nbsp;terminent&nbsp;l&rsquo;atelier avec&nbsp;la photo&nbsp;<em>LH0065 <\/em>de Philippe<em>&nbsp;<\/em>de Gobert expos\u00e9e l&rsquo;an dernier au MuMa du Havre. Surprise et&nbsp;joie de d\u00e9couvrir le processus de cr\u00e9ation de l&rsquo;image qui leur \u00e9tait inconnu pour la grande majorit\u00e9 d&rsquo;entre eux. Apr\u00e8s un temps d&rsquo;h\u00e9sitation, les couleurs fusent et le&nbsp;Havre imaginaire de Philippe de Gobert se remplit d&rsquo;arcs en ciel, de licornes, d&rsquo;objets volants non identifi\u00e9s, de toboggans, d&rsquo;animaux fantastiques&#8230; Leur imagination est sans limite ! Merci \u00e0&nbsp;Philippe<em>&nbsp;<\/em>de Gobert de nous avoir autoris\u00e9s \u00e0 intervenir sur sa photographie.<\/p>\n\n\n<div class=\"wp-block-image\">\n<figure class=\"aligncenter\"><a href=\"https:\/\/lafilledecorinthe.com\/wordpress\/wp-content\/uploads\/2022\/10\/0065.jpg\"><img loading=\"lazy\" decoding=\"async\" width=\"3543\" height=\"2433\" src=\"https:\/\/lafilledecorinthe.com\/wordpress\/wp-content\/uploads\/2022\/10\/0065.jpg\" alt=\"0065\" class=\"wp-image-12199\" srcset=\"https:\/\/lafilledecorinthe.com\/wordpress\/wp-content\/uploads\/2022\/10\/0065.jpg 3543w, https:\/\/lafilledecorinthe.com\/wordpress\/wp-content\/uploads\/2022\/10\/0065-680x467.jpg 680w, https:\/\/lafilledecorinthe.com\/wordpress\/wp-content\/uploads\/2022\/10\/0065-1280x879.jpg 1280w, https:\/\/lafilledecorinthe.com\/wordpress\/wp-content\/uploads\/2022\/10\/0065-437x300.jpg 437w\" sizes=\"auto, (max-width: 3543px) 100vw, 3543px\" \/><\/a><\/figure>\n<\/div>\n\n\n<p class=\"p1\"><\/p>\n\n\n<div class=\"wp-block-image\">\n<figure class=\"aligncenter\"><a href=\"https:\/\/lafilledecorinthe.com\/wordpress\/wp-content\/uploads\/2022\/10\/3.png\"><img loading=\"lazy\" decoding=\"async\" width=\"1914\" height=\"540\" src=\"https:\/\/lafilledecorinthe.com\/wordpress\/wp-content\/uploads\/2022\/10\/3.png\" alt=\"3\" class=\"wp-image-12203\" srcset=\"https:\/\/lafilledecorinthe.com\/wordpress\/wp-content\/uploads\/2022\/10\/3.png 1914w, https:\/\/lafilledecorinthe.com\/wordpress\/wp-content\/uploads\/2022\/10\/3-680x192.png 680w, https:\/\/lafilledecorinthe.com\/wordpress\/wp-content\/uploads\/2022\/10\/3-1280x361.png 1280w, https:\/\/lafilledecorinthe.com\/wordpress\/wp-content\/uploads\/2022\/10\/3-500x141.png 500w\" sizes=\"auto, (max-width: 1914px) 100vw, 1914px\" \/><\/a><\/figure>\n<\/div>\n\n\n<p><\/p>\n\n\n<div class=\"wp-block-image wp-image-12107\">\n<figure class=\"aligncenter\"><img loading=\"lazy\" decoding=\"async\" width=\"720\" height=\"504\" src=\"https:\/\/lafilledecorinthe.com\/wordpress\/wp-content\/uploads\/2022\/10\/Philippe-De-Gobert-dans-son-atelier-a\u0300-Bruxelles-2021.-Jean-Marie-Cha\u0302telier-\u00a9-Adagp-Paris-2021.jpeg\" alt=\"Philippe De Gobert dans son atelier a\u0300 Bruxelles, 2021. (Jean-Marie Cha\u0302telier \u00a9 Adagp, Paris 2021)\" class=\"wp-image-12107\" srcset=\"https:\/\/lafilledecorinthe.com\/wordpress\/wp-content\/uploads\/2022\/10\/Philippe-De-Gobert-dans-son-atelier-a\u0300-Bruxelles-2021.-Jean-Marie-Cha\u0302telier-\u00a9-Adagp-Paris-2021.jpeg 720w, https:\/\/lafilledecorinthe.com\/wordpress\/wp-content\/uploads\/2022\/10\/Philippe-De-Gobert-dans-son-atelier-a\u0300-Bruxelles-2021.-Jean-Marie-Cha\u0302telier-\u00a9-Adagp-Paris-2021-680x476.jpeg 680w, https:\/\/lafilledecorinthe.com\/wordpress\/wp-content\/uploads\/2022\/10\/Philippe-De-Gobert-dans-son-atelier-a\u0300-Bruxelles-2021.-Jean-Marie-Cha\u0302telier-\u00a9-Adagp-Paris-2021-429x300.jpeg 429w\" sizes=\"auto, (max-width: 720px) 100vw, 720px\" \/><figcaption class=\"wp-element-caption\">Philippe De Gobert dans son atelier \u00e0 Bruxelles, 2021. (Jean-Marie Ch\u00e2telier \u00a9 Adagp, Paris 2021). Le tr\u00e8s beau film de Jean-Marie Ch\u00e2telier est \u00e0 voir <a href=\"https:\/\/www.youtube.com\/watch?v=LWcSovs1m_4\" target=\"_blank\" rel=\"noopener\">ici<\/a>.<\/figcaption><\/figure>\n<\/div>","protected":false},"excerpt":{"rendered":"<p>\u00ab\u00a0Et rien n&rsquo;est tel que le\u00a0r\u00eave\u00a0pour engendrer l&rsquo;avenir. Utopie aujourd&rsquo;hui, chair et os demain.\u00a0\u00bbLes mis\u00e9rables,\u00a0Victor Hugo,\u00a01862 \u00ab\u00a0&#8230; Aucun homme ne vit dans la r\u00e9alit\u00e9 ext\u00e9rieure, parmi les sels et les acides, mais dans la chaude pi\u00e8ce fantasmagorique de son cerveau, aux fen\u00eatres peintes et aux murs histori\u00e9s.\u00a0\u00bbLes porteurs de lanterne, Robert Louis Stevenson, 1888 \u00ab\u00a0Trouvant&#8230;<\/p>\n","protected":false},"author":2,"featured_media":12173,"comment_status":"open","ping_status":"open","sticky":false,"template":"","format":"standard","meta":{"_kad_post_transparent":"","_kad_post_title":"","_kad_post_layout":"","_kad_post_sidebar_id":"","_kad_post_content_style":"","_kad_post_vertical_padding":"","_kad_post_feature":"","_kad_post_feature_position":"","_kad_post_header":false,"_kad_post_footer":false,"_kad_post_classname":"","footnotes":""},"categories":[7],"tags":[2241,588,1676,662,2249,2245,2163,2244,2246,2248,2243,2247,2242],"class_list":["post-12061","post","type-post","status-publish","format-standard","has-post-thumbnail","hentry","category-ateliers-enfants","tag-rever-demain","tag-georges-melies","tag-havre-de-cinema","tag-hayao-miyazaki","tag-jean-marie-chatelier","tag-jean-michel-payet","tag-la-petite-ecole-de-cinema","tag-mona-chollet","tag-pascale-ferrand","tag-philippe-de-gobert","tag-robert-louis-stevenson","tag-simon-bailly","tag-victor-hugo"],"_links":{"self":[{"href":"https:\/\/lafilledecorinthe.com\/wordpress\/wp-json\/wp\/v2\/posts\/12061","targetHints":{"allow":["GET"]}}],"collection":[{"href":"https:\/\/lafilledecorinthe.com\/wordpress\/wp-json\/wp\/v2\/posts"}],"about":[{"href":"https:\/\/lafilledecorinthe.com\/wordpress\/wp-json\/wp\/v2\/types\/post"}],"author":[{"embeddable":true,"href":"https:\/\/lafilledecorinthe.com\/wordpress\/wp-json\/wp\/v2\/users\/2"}],"replies":[{"embeddable":true,"href":"https:\/\/lafilledecorinthe.com\/wordpress\/wp-json\/wp\/v2\/comments?post=12061"}],"version-history":[{"count":41,"href":"https:\/\/lafilledecorinthe.com\/wordpress\/wp-json\/wp\/v2\/posts\/12061\/revisions"}],"predecessor-version":[{"id":14298,"href":"https:\/\/lafilledecorinthe.com\/wordpress\/wp-json\/wp\/v2\/posts\/12061\/revisions\/14298"}],"wp:featuredmedia":[{"embeddable":true,"href":"https:\/\/lafilledecorinthe.com\/wordpress\/wp-json\/wp\/v2\/media\/12173"}],"wp:attachment":[{"href":"https:\/\/lafilledecorinthe.com\/wordpress\/wp-json\/wp\/v2\/media?parent=12061"}],"wp:term":[{"taxonomy":"category","embeddable":true,"href":"https:\/\/lafilledecorinthe.com\/wordpress\/wp-json\/wp\/v2\/categories?post=12061"},{"taxonomy":"post_tag","embeddable":true,"href":"https:\/\/lafilledecorinthe.com\/wordpress\/wp-json\/wp\/v2\/tags?post=12061"}],"curies":[{"name":"wp","href":"https:\/\/api.w.org\/{rel}","templated":true}]}}