{"id":12042,"date":"2022-09-12T14:14:19","date_gmt":"2022-09-12T13:14:19","guid":{"rendered":"http:\/\/lafilledecorinthe.com\/wordpress\/?p=12042"},"modified":"2025-12-04T20:12:49","modified_gmt":"2025-12-04T19:12:49","slug":"mon-premier-cinema-2022-2023","status":"publish","type":"post","link":"https:\/\/lafilledecorinthe.com\/wordpress\/2022\/09\/mon-premier-cinema-2022-2023\/","title":{"rendered":"\u00ab\u00a0Mon Premier Cin\u00e9ma\u00a0\u00bb, 2022-2023"},"content":{"rendered":"\n<p><em>\u00ab\u00a0J&rsquo;ai fait un r\u00eave. J\u2019emmenais pour la premi\u00e8re fois Jazz, mon petit fils au cin\u00e9ma. Le 15 d\u00e9cembre 2025, pour ses cinq ans. (&#8230;\/&#8230;) Comment te raconter \u00e7a (le cin\u00e9ma), Jazz, \u00f4 Jazz. Imagine une salle, une salle comme, comme un supermarch\u00e9, tu vois ? oui, comme le supermarch\u00e9 en bas de chez toi, voil\u00e0, oui, grand comme \u00e7a, tr\u00e8s grand mais sans les \u00e9tag\u00e8res o\u00f9 il y a les c\u00e9r\u00e9ales d\u2019insectes, les saloperies sous plastiques, les lessives qui polluent et les bonbons qui pourrissent le ventre, tu vois, juste la salle du supermarch\u00e9 vide et au lieu que les gens soient debout, ils sont assis. Eh oui, assis dans des fauteuils et ce qui est marrant, c\u2019est que tous les fauteuils sont tourn\u00e9s du m\u00eame cot\u00e9. Pas en face l\u2019un de l\u2019autre comme chez toi, non, tous tourn\u00e9s vers le grand mur au fond. Pourquoi ? Eh bien parce que au fond, sur ce grand mur blanc, c\u2019est \u00e7a l\u2019id\u00e9e, l\u00e0, tu vas voir le film. Comment \u00e7a, t\u2019es d\u00e9\u00e7u parce c\u2019est juste un film comme sur ta tablette ? Ah mais non, Jazz, mais non, justement c\u2019est pas JUSTE un film, c\u2019est un film au CINEMA ! ( c\u2019est dingue ce que je peux m\u2019\u00e9nerver dans un r\u00eave, moi ) Et un film au cin\u00e9ma c\u2019est comment te dire, c\u2019est pas un film, c\u2019est un film au cin\u00e9ma. Tout devient noir, les lumi\u00e8res s\u2019\u00e9teignent, tu entends les gens qui font chttt, chttt et puis devant toi, devant tes yeux, \u00e7a commence. Tu vois la terre depuis les \u00e9toiles et la musique commence, des grosses lettres tournent autour de la terre, \u00e7a brille, et c\u2019est \u00e9crit en tr\u00e8s grosses lettres que ce que tu vas voir est universel, c\u2019est \u00e0 dire que tout le monde le comprend, c\u2019est un langage sans mots, et comme c\u2019est en tr\u00e8s gros, c\u2019est tr\u00e8s visible. Et puis un immense visage mille fois plus grand que le tien, petit Jazz, se met \u00e0 parler et peu importe, c\u2019est incroyable, tu es subjugu\u00e9 par ces yeux, cette bouche, et tout \u00e7a bouge et derri\u00e8re ce visage, \u00e7a bouge aussi, une ville, une for\u00eat, un d\u00e9sert, d\u2019autres gens et c\u2019est comme si tu sautais dans ce que tu voyais, tellement c\u2019est grand, tellement c\u2019est le monde qu\u2019il y&rsquo;a devant tes yeux, voil\u00e0 c\u2019est \u00e7a le cin\u00e9ma. Mais non, je pleure pas, nain, je pleure pas, j\u2019ai march\u00e9 sur un oignon oubli\u00e9 du supermarch\u00e9.\u00a0\u00bb<br><\/em><a href=\"https:\/\/www.radiofrance.fr\/franceinter\/podcasts\/la-chronique-d-hippolyte-girardot\/il-etait-une-fois-au-cinema-6139765\" target=\"_blank\" rel=\"noopener\"><em>Il \u00e9tait une fois au cin\u00e9ma<\/em><\/a>, La chronique d&rsquo;Hippolyte Girardot, 11\/12\/20, France Inter<\/p>\n\n\n\n<p><strong>&nbsp;Projection et formation ligne<br><\/strong>&nbsp;Mardi 11 octobre 2022<\/p>\n\n\n\n<p>Documents \u00e0 t\u00e9l\u00e9charger :&nbsp;<a href=\"https:\/\/lafilledecorinthe.com\/wordpress\/wp-content\/uploads\/2022\/09\/Dossier-de-pre\u0301sentation.pdf\">Dossier de pre\u0301sentation<\/a>,&nbsp;<a href=\"https:\/\/lafilledecorinthe.com\/wordpress\/wp-content\/uploads\/2022\/09\/Pour-aller-plus-loin.pdf\">Pour aller plus loin<\/a>,&nbsp;<a href=\"https:\/\/lafilledecorinthe.com\/wordpress\/wp-content\/uploads\/2022\/09\/Mordre-se-faire-mordre-.pdf\">Mordre, se faire mordre<\/a>,&nbsp;<a href=\"https:\/\/lafilledecorinthe.com\/wordpress\/wp-content\/uploads\/2022\/09\/Pleurs-et-consolations-.pdf\">Pleurs et consolations<\/a>,&nbsp;<a href=\"https:\/\/lafilledecorinthe.com\/wordpress\/wp-content\/uploads\/2022\/09\/Les-e\u0301motions-du-chat-.pdf\">Les e\u0301motions du chat<\/a>,&nbsp;<a href=\"https:\/\/lafilledecorinthe.com\/wordpress\/wp-content\/uploads\/2022\/09\/Du-livre-au-film-.pdf\">Du livre au film<\/a>,&nbsp;<a href=\"https:\/\/lafilledecorinthe.com\/wordpress\/wp-content\/uploads\/2022\/09\/Vems-Mormor-.pdf\">Vems Mormor ?<\/a>,&nbsp;<a href=\"https:\/\/lafilledecorinthe.com\/wordpress\/wp-content\/uploads\/2022\/09\/Vems-Mormor-2-.pdf\">Vems Mormor ? 2<\/a>,&nbsp;<a href=\"https:\/\/lafilledecorinthe.com\/wordpress\/wp-content\/uploads\/2022\/09\/Vems-Mormor-3-.pdf\">Vems Mormor ? 3<\/a>,&nbsp;<a href=\"https:\/\/lafilledecorinthe.com\/wordpress\/wp-content\/uploads\/2022\/09\/Figures-Nounourse.pdf\">Figures Nounourse<\/a><\/p>\n\n\n<div class=\"wp-block-image\">\n<figure class=\"aligncenter\"><img loading=\"lazy\" decoding=\"async\" width=\"1532\" height=\"1150\" src=\"https:\/\/lafilledecorinthe.com\/wordpress\/wp-content\/uploads\/2022\/09\/programme1.png\" alt=\"programme1\" class=\"wp-image-12056\" srcset=\"https:\/\/lafilledecorinthe.com\/wordpress\/wp-content\/uploads\/2022\/09\/programme1.png 1532w, https:\/\/lafilledecorinthe.com\/wordpress\/wp-content\/uploads\/2022\/09\/programme1-680x510.png 680w, https:\/\/lafilledecorinthe.com\/wordpress\/wp-content\/uploads\/2022\/09\/programme1-1280x961.png 1280w, https:\/\/lafilledecorinthe.com\/wordpress\/wp-content\/uploads\/2022\/09\/programme1-400x300.png 400w\" sizes=\"auto, (max-width: 1532px) 100vw, 1532px\" \/><\/figure>\n<\/div>\n\n\n<p><\/p>\n\n\n\n<p><strong>&nbsp;Projection-conf\u00e9rence :<br><\/strong><a href=\"https:\/\/www.studiodesursulines.com\/scolaires\/\" target=\"_blank\" rel=\"noopener\">Studio des Ursulines<\/a><br>Mardi 29 novembre 2022<br>Avec l&rsquo;\u00e9quipe d&rsquo;<a href=\"https:\/\/www.enfancesaucinema.net\/\" target=\"_blank\" rel=\"noopener\">Enfances au Cin\u00e9ma<\/a><\/p>\n\n\n<div class=\"wp-block-image\">\n<figure class=\"aligncenter\"><a href=\"https:\/\/lafilledecorinthe.com\/wordpress\/wp-content\/uploads\/2022\/09\/Capture-d\u2019e\u0301cran-2022-11-21-a\u0300-19.15.17.png\"><img loading=\"lazy\" decoding=\"async\" width=\"1536\" height=\"1150\" src=\"https:\/\/lafilledecorinthe.com\/wordpress\/wp-content\/uploads\/2022\/09\/Capture-d\u2019e\u0301cran-2022-11-21-a\u0300-19.15.17.png\" alt=\"Capture d\u2019e\u0301cran 2022-11-21 a\u0300 19.15.17\" class=\"wp-image-12297\" srcset=\"https:\/\/lafilledecorinthe.com\/wordpress\/wp-content\/uploads\/2022\/09\/Capture-d\u2019e\u0301cran-2022-11-21-a\u0300-19.15.17.png 1536w, https:\/\/lafilledecorinthe.com\/wordpress\/wp-content\/uploads\/2022\/09\/Capture-d\u2019e\u0301cran-2022-11-21-a\u0300-19.15.17-680x509.png 680w, https:\/\/lafilledecorinthe.com\/wordpress\/wp-content\/uploads\/2022\/09\/Capture-d\u2019e\u0301cran-2022-11-21-a\u0300-19.15.17-1280x958.png 1280w, https:\/\/lafilledecorinthe.com\/wordpress\/wp-content\/uploads\/2022\/09\/Capture-d\u2019e\u0301cran-2022-11-21-a\u0300-19.15.17-401x300.png 401w\" sizes=\"auto, (max-width: 1536px) 100vw, 1536px\" \/><\/a><\/figure>\n<\/div>\n\n\n<p><\/p>\n\n\n\n<p><em>\u00a0\u00bb Il me semble que le premier enfant qui eut l&rsquo;id\u00e9e de placer ses petites mains devant une source lumineuse en agitant les doigts pour voir leur ombre d\u00e9mesur\u00e9ment grandie danser sur les parois d&rsquo;une grotte ou sur un mur inventa le cin\u00e9matographe. Mais l&rsquo;opinion la plus courante est que le cin\u00e9ma est fils de la lanterne magique, de la photographie et de l&rsquo;\u00e9lectricit\u00e9.\u00a0\u00bb<\/em><br><em>La F\u00e9e-Cin\u00e9ma, Autobiographie d&rsquo;une pionni\u00e8re, Alice Guy, Gallimard, 2022\u00a0<\/em><\/p>\n\n\n<div class=\"wp-block-image\">\n<figure class=\"aligncenter\"><a href=\"https:\/\/lafilledecorinthe.com\/wordpress\/wp-content\/uploads\/2022\/09\/Capture-d\u2019e\u0301cran-2022-11-22-a\u0300-07.17.08.png\"><img loading=\"lazy\" decoding=\"async\" width=\"1536\" height=\"1150\" src=\"https:\/\/lafilledecorinthe.com\/wordpress\/wp-content\/uploads\/2022\/09\/Capture-d\u2019e\u0301cran-2022-11-22-a\u0300-07.17.08.png\" alt=\"Capture d\u2019e\u0301cran 2022-11-22 a\u0300 07.17.08\" class=\"wp-image-12301\" srcset=\"https:\/\/lafilledecorinthe.com\/wordpress\/wp-content\/uploads\/2022\/09\/Capture-d\u2019e\u0301cran-2022-11-22-a\u0300-07.17.08.png 1536w, https:\/\/lafilledecorinthe.com\/wordpress\/wp-content\/uploads\/2022\/09\/Capture-d\u2019e\u0301cran-2022-11-22-a\u0300-07.17.08-680x509.png 680w, https:\/\/lafilledecorinthe.com\/wordpress\/wp-content\/uploads\/2022\/09\/Capture-d\u2019e\u0301cran-2022-11-22-a\u0300-07.17.08-1280x958.png 1280w, https:\/\/lafilledecorinthe.com\/wordpress\/wp-content\/uploads\/2022\/09\/Capture-d\u2019e\u0301cran-2022-11-22-a\u0300-07.17.08-401x300.png 401w\" sizes=\"auto, (max-width: 1536px) 100vw, 1536px\" \/><\/a><\/figure>\n<\/div>\n\n\n<p><\/p>\n\n\n\n<p>Documents \u00e0 t\u00e9l\u00e9charger :&nbsp;<a href=\"https:\/\/lafilledecorinthe.com\/wordpress\/wp-content\/uploads\/2022\/09\/Pour-aller-plus-loin-.pdf\">Pour aller plus loin<\/a>,&nbsp;<a href=\"https:\/\/lafilledecorinthe.com\/wordpress\/wp-content\/uploads\/2022\/09\/Une-femme-tre\u0300s-occupe\u0301e-1.pdf\">Une femme tre\u0300s occupe\u0301e<\/a>,&nbsp;<a href=\"https:\/\/lafilledecorinthe.com\/wordpress\/wp-content\/uploads\/2022\/09\/Le-secours-aux-trois-fils-.pdf\">Le secours aux trois fils<\/a>,&nbsp;<a href=\"https:\/\/lafilledecorinthe.com\/wordpress\/wp-content\/uploads\/2022\/09\/Une-histoire-au-zoo-images-se\u0301quentielles-.pdf\">Une histoire au zoo, images se\u0301quentielles<\/a>,&nbsp;<a href=\"https:\/\/lafilledecorinthe.com\/wordpress\/wp-content\/uploads\/2022\/09\/Une-histoire-de-points-de-vue-.pdf\">Une histoire de points de vue<\/a>,&nbsp;<a href=\"https:\/\/lafilledecorinthe.com\/wordpress\/wp-content\/uploads\/2022\/09\/La-rencontre-.pdf\">La rencontre<\/a>,&nbsp;<a href=\"https:\/\/lafilledecorinthe.com\/wordpress\/wp-content\/uploads\/2022\/09\/Un-dialogue-image\u0301-.pdf\">Un dialogue image\u0301<\/a>,&nbsp;<a href=\"https:\/\/lafilledecorinthe.com\/wordpress\/wp-content\/uploads\/2022\/09\/une-rencontre-myste\u0301rieuse-.pdf\">une rencontre myste\u0301rieuse<\/a>,&nbsp;<a href=\"https:\/\/lafilledecorinthe.com\/wordpress\/wp-content\/uploads\/2022\/09\/Un-duo-ae\u0301rien-.pdf\">Un duo ae\u0301rien<\/a>,&nbsp;<a href=\"https:\/\/lafilledecorinthe.com\/wordpress\/wp-content\/uploads\/2022\/09\/De-dro\u0302les-de-personnages-.pdf\">De dro\u0302les de personnages<\/a>,&nbsp;<a href=\"https:\/\/lafilledecorinthe.com\/wordpress\/wp-content\/uploads\/2022\/09\/La-tour-chancelle-.pdf\">La tour chancelle<\/a>,&nbsp;<a href=\"https:\/\/lafilledecorinthe.com\/wordpress\/wp-content\/uploads\/2022\/09\/Y-a-t-il-une-pilote-dans-l\u2019avion-.pdf\">Y a-t-il une pilote dans l\u2019avion ?<\/a>,&nbsp;<a href=\"https:\/\/lafilledecorinthe.com\/wordpress\/wp-content\/uploads\/2022\/09\/Une-he\u0301roi\u0308ne-de-4-ans-Images-se\u0301quentielles-.pdf\">Une he\u0301roi\u0308ne de 4 ans, Images se\u0301quentielles<\/a><a href=\"https:\/\/lafilledecorinthe.com\/wordpress\/wp-content\/uploads\/2022\/09\/Le-parc-des-Buttes-Chaumont-.pdf\">Le parc des Buttes Chaumont<\/a>,&nbsp;<a href=\"https:\/\/lafilledecorinthe.com\/wordpress\/wp-content\/uploads\/2022\/09\/L\u2019e\u0301cluse-et-le-film-nitrate.pdf\">L\u2019e\u0301cluse et le film nitrate<\/a><\/p>\n\n\n<div class=\"wp-block-image\">\n<figure class=\"aligncenter\"><a href=\"https:\/\/lafilledecorinthe.com\/wordpress\/wp-content\/uploads\/2022\/09\/pre\u0301sentation.png\"><img loading=\"lazy\" decoding=\"async\" width=\"1536\" height=\"1150\" src=\"https:\/\/lafilledecorinthe.com\/wordpress\/wp-content\/uploads\/2022\/09\/pre\u0301sentation.png\" alt=\"pre\u0301sentation\" class=\"wp-image-12322\" srcset=\"https:\/\/lafilledecorinthe.com\/wordpress\/wp-content\/uploads\/2022\/09\/pre\u0301sentation.png 1536w, https:\/\/lafilledecorinthe.com\/wordpress\/wp-content\/uploads\/2022\/09\/pre\u0301sentation-680x509.png 680w, https:\/\/lafilledecorinthe.com\/wordpress\/wp-content\/uploads\/2022\/09\/pre\u0301sentation-1280x958.png 1280w, https:\/\/lafilledecorinthe.com\/wordpress\/wp-content\/uploads\/2022\/09\/pre\u0301sentation-401x300.png 401w\" sizes=\"auto, (max-width: 1536px) 100vw, 1536px\" \/><\/a><\/figure>\n<\/div>\n\n\n<p><\/p>\n\n\n\n<p>Documents \u00e0 t\u00e9l\u00e9charger :<a href=\"https:\/\/lafilledecorinthe.com\/wordpress\/wp-content\/uploads\/2022\/09\/Pour-aller-plus-loin-2-.pdf\">Pour aller plus loin 2<\/a>,&nbsp;&nbsp;<a href=\"https:\/\/lafilledecorinthe.com\/wordpress\/wp-content\/uploads\/2022\/09\/Une-lec\u0327on-de-cine\u0301ma-.pdf\">Une lec\u0327on de cine\u0301ma<\/a>,&nbsp;<a href=\"https:\/\/lafilledecorinthe.com\/wordpress\/wp-content\/uploads\/2022\/09\/Le-robot-de-Radi-Bo-.pdf\">Le robot de Radi Bo<\/a>,&nbsp;<a href=\"https:\/\/lafilledecorinthe.com\/wordpress\/wp-content\/uploads\/2022\/09\/L\u2019oiseau-et-l\u2019avion-te\u0301le\u0301commande\u0301-.pdf\">L\u2019oiseau et l\u2019avion te\u0301le\u0301commande\u0301<\/a>,&nbsp;<a href=\"https:\/\/lafilledecorinthe.com\/wordpress\/wp-content\/uploads\/2022\/09\/Le-doudou-Ye\u0301ti-.pdf\">Le doudou Ye\u0301ti<\/a>&nbsp;et aussi <a title=\"\u00ab&nbsp;Maternelle et cin\u00e9ma&nbsp;\u00bb dans le Val d\u2019Oise\" href=\"https:\/\/lafilledecorinthe.com\/wordpress\/2017\/07\/maternelle-et-cinema-dans-le-val-doise-2\/\">ici<\/a>&nbsp;et <a title=\"Stage \u00ab&nbsp;Ecole et Cin\u00e9ma Maternelle 92\u2033\" href=\"https:\/\/lafilledecorinthe.com\/wordpress\/2020\/01\/la-petite-fabrique-du-monde-ecole-et-cinema-maternelle-92\/\">l\u00e0<\/a>.<\/p>\n","protected":false},"excerpt":{"rendered":"<p>\u00ab\u00a0J&rsquo;ai fait un r\u00eave. J\u2019emmenais pour la premi\u00e8re fois Jazz, mon petit fils au cin\u00e9ma. Le 15 d\u00e9cembre 2025, pour ses cinq ans. (&#8230;\/&#8230;) Comment te raconter \u00e7a (le cin\u00e9ma), Jazz, \u00f4 Jazz. Imagine une salle, une salle comme, comme un supermarch\u00e9, tu vois ? oui, comme le supermarch\u00e9 en bas de chez toi, voil\u00e0,&#8230;<\/p>\n","protected":false},"author":2,"featured_media":12043,"comment_status":"open","ping_status":"open","sticky":false,"template":"","format":"standard","meta":{"_kad_post_transparent":"","_kad_post_title":"","_kad_post_layout":"","_kad_post_sidebar_id":"","_kad_post_content_style":"","_kad_post_vertical_padding":"","_kad_post_feature":"","_kad_post_feature_position":"","_kad_post_header":false,"_kad_post_footer":false,"_kad_post_classname":"","footnotes":""},"categories":[8],"tags":[2220,980,353,2264,2221,2222,1960,1777,354,2223,536],"class_list":["post-12042","post","type-post","status-publish","format-standard","has-post-thumbnail","hentry","category-formations-adultes","tag-2022-2023","tag-coucou-nous-voila","tag-enfances-au-cinema","tag-heroines","tag-hippolyte-girardot","tag-jessica-lauren","tag-komaneko","tag-le-petit-chat-curieux","tag-mon-premier-cinema","tag-stina-wirsen","tag-studio-des-ursulines"],"_links":{"self":[{"href":"https:\/\/lafilledecorinthe.com\/wordpress\/wp-json\/wp\/v2\/posts\/12042","targetHints":{"allow":["GET"]}}],"collection":[{"href":"https:\/\/lafilledecorinthe.com\/wordpress\/wp-json\/wp\/v2\/posts"}],"about":[{"href":"https:\/\/lafilledecorinthe.com\/wordpress\/wp-json\/wp\/v2\/types\/post"}],"author":[{"embeddable":true,"href":"https:\/\/lafilledecorinthe.com\/wordpress\/wp-json\/wp\/v2\/users\/2"}],"replies":[{"embeddable":true,"href":"https:\/\/lafilledecorinthe.com\/wordpress\/wp-json\/wp\/v2\/comments?post=12042"}],"version-history":[{"count":15,"href":"https:\/\/lafilledecorinthe.com\/wordpress\/wp-json\/wp\/v2\/posts\/12042\/revisions"}],"predecessor-version":[{"id":14601,"href":"https:\/\/lafilledecorinthe.com\/wordpress\/wp-json\/wp\/v2\/posts\/12042\/revisions\/14601"}],"wp:featuredmedia":[{"embeddable":true,"href":"https:\/\/lafilledecorinthe.com\/wordpress\/wp-json\/wp\/v2\/media\/12043"}],"wp:attachment":[{"href":"https:\/\/lafilledecorinthe.com\/wordpress\/wp-json\/wp\/v2\/media?parent=12042"}],"wp:term":[{"taxonomy":"category","embeddable":true,"href":"https:\/\/lafilledecorinthe.com\/wordpress\/wp-json\/wp\/v2\/categories?post=12042"},{"taxonomy":"post_tag","embeddable":true,"href":"https:\/\/lafilledecorinthe.com\/wordpress\/wp-json\/wp\/v2\/tags?post=12042"}],"curies":[{"name":"wp","href":"https:\/\/api.w.org\/{rel}","templated":true}]}}