{"id":12019,"date":"2022-08-22T10:20:54","date_gmt":"2022-08-22T09:20:54","guid":{"rendered":"http:\/\/lafilledecorinthe.com\/wordpress\/?p=12019"},"modified":"2025-12-04T18:48:42","modified_gmt":"2025-12-04T17:48:42","slug":"ernest-et-celestine-ecole-et-cinema-44","status":"publish","type":"post","link":"https:\/\/lafilledecorinthe.com\/wordpress\/2022\/08\/ernest-et-celestine-ecole-et-cinema-44\/","title":{"rendered":"\u00ab\u00a0Ernest et C\u00e9lestine\u00a0\u00bb, \u00c9cole et Cin\u00e9ma 44"},"content":{"rendered":"\n<p><em>\u00ab\u00a0J&rsquo;ai tout aim\u00e9 de cette industrie d&rsquo;un autre si\u00e8cle &#8211; le savoir-faire de chaque personne sur un plateau de tournage. Et l&rsquo;alchimie de l&rsquo;ensemble- nulle part ne se v\u00e9rifiait plus que sur un film l&rsquo;id\u00e9e que l&rsquo;addition d&rsquo;efforts collectifs pouvait \u00eatre sup\u00e9rieure \u00e0 la somme du travail de chacun.\u00a0\u00bb<\/em><br><em>Cher connard, <\/em>Virginie Despentes, Grasset, 2022<\/p>\n\n\n\n<p><strong>Projection-conf\u00e9rence :<\/strong><br><a title=\"\u00ab\u00a0Ernest et C\u00e9lestine\u00a0\u00bb, le film !\" href=\"https:\/\/lafilledecorinthe.com\/wordpress\/2012\/11\/ernest-et-celestine-le-film\/\"><em>Ernest et C\u00e9lestine\u00a0<\/em><\/a>de Benjamin Renner, Vincent Patar et St\u00e9phane Aubier<br>Cin\u00e9ma Lut\u00e9tia de Saint-Herblain<br>Mercredi 21 septembre 2022<\/p>\n\n\n\n<p><strong>Documents \u00e0 t\u00e9l\u00e9charger :<\/strong>&nbsp;&nbsp;<a href=\"https:\/\/lafilledecorinthe.com\/wordpress\/wp-content\/uploads\/2022\/08\/Pour-aller-plus-loin-.pdf\">Pour aller plus loin<\/a>,&nbsp;<a href=\"https:\/\/lafilledecorinthe.com\/wordpress\/wp-content\/uploads\/2022\/08\/La-rencontre-dErnest-et-Ce\u0301lestine.pdf\">La rencontre d&rsquo;Ernest et Ce\u0301lestine<\/a>,&nbsp;<a href=\"https:\/\/lafilledecorinthe.com\/wordpress\/wp-content\/uploads\/2022\/08\/De-l\u2019amorce-au-plan-subjectif-.pdf\">De l\u2019amorce au plan subjectif<\/a>,&nbsp;<a href=\"https:\/\/lafilledecorinthe.com\/wordpress\/wp-content\/uploads\/2022\/08\/Hiver-printemps-.pdf\">Hiver-printemps<\/a>,&nbsp;<a href=\"https:\/\/lafilledecorinthe.com\/wordpress\/wp-content\/uploads\/2022\/08\/La-naissance-d\u2019une-artiste-.pdf\">La naissance d\u2019une artiste<\/a>,&nbsp;<a href=\"https:\/\/lafilledecorinthe.com\/wordpress\/wp-content\/uploads\/2022\/08\/Un-ours-aux-mille-talents-.pdf\">Un ours aux mille talents<\/a>,&nbsp;<a href=\"https:\/\/lafilledecorinthe.com\/wordpress\/wp-content\/uploads\/2022\/08\/Mise-en-voix-au-tribunal.pdf\">Mise en voix au tribunal<\/a>. D&rsquo;autres ressources <a title=\"\u00ab&nbsp;Ernest et C\u00e9lestine&nbsp;\u00bb Mon Premier cin\u00e9ma 75\" href=\"https:\/\/lafilledecorinthe.com\/wordpress\/2020\/01\/ernest-et-celestine-mon-premier-cinema-75\/\">ici<\/a>, <a title=\"\u00ab&nbsp;Ecole et cin\u00e9ma 93\u2033 Ernest et C\u00e9lestine\" href=\"https:\/\/lafilledecorinthe.com\/wordpress\/2016\/09\/ecole-et-cinema-93-ernest-et-celestine\/\">l\u00e0<\/a>,<a title=\"\u00ab&nbsp;Ecole et cin\u00e9ma 92\u2033 Ernest et C\u00e9lestine\" href=\"https:\/\/lafilledecorinthe.com\/wordpress\/2015\/03\/ecole-et-cinema-92-ernest-et-celestine\/\"> l\u00e0<\/a>&nbsp;et encore <a title=\"\u00ab&nbsp;Ernest et C\u00e9lestine&nbsp;\u00bb, le film !\" href=\"https:\/\/lafilledecorinthe.com\/wordpress\/2012\/11\/ernest-et-celestine-le-film\/\">l\u00e0<\/a> !<\/p>\n\n\n\n<p class=\"p1\"><i>\u00ab\u00a0Je ne peux alors m\u2019emp\u00eacher de penser \u00e0 Chaplin et particuli\u00e8rement \u00e0\u00a0<\/i><em>The Kid<\/em><i>. Chaplin \u00e9videmment ! Entre Ernest, Chaplin et C\u00e9lestine, il faut (aller) voir comme \u00e7a ricoche de partout ! \u00ab\u00a0<\/i><br>Camille Girard, Point de vue sur le site <a href=\"https:\/\/nanouk-ec.com\/\" target=\"_blank\" rel=\"noopener\"><em>Nanouk<\/em><\/a><\/p>\n\n\n<div class=\"wp-block-image\">\n<figure class=\"aligncenter\"><a href=\"https:\/\/lafilledecorinthe.com\/wordpress\/wp-content\/uploads\/2022\/08\/1.jpg\"><img loading=\"lazy\" decoding=\"async\" width=\"1538\" height=\"566\" src=\"https:\/\/lafilledecorinthe.com\/wordpress\/wp-content\/uploads\/2022\/08\/1.jpg\" alt=\"1\" class=\"wp-image-12037\" srcset=\"https:\/\/lafilledecorinthe.com\/wordpress\/wp-content\/uploads\/2022\/08\/1.jpg 1538w, https:\/\/lafilledecorinthe.com\/wordpress\/wp-content\/uploads\/2022\/08\/1-680x250.jpg 680w, https:\/\/lafilledecorinthe.com\/wordpress\/wp-content\/uploads\/2022\/08\/1-1280x471.jpg 1280w, https:\/\/lafilledecorinthe.com\/wordpress\/wp-content\/uploads\/2022\/08\/1-500x184.jpg 500w\" sizes=\"auto, (max-width: 1538px) 100vw, 1538px\" \/><\/a><\/figure>\n<\/div>\n\n\n<p class=\"p1\"><\/p>\n\n\n<div class=\"wp-block-image\">\n<figure class=\"aligncenter\"><a href=\"https:\/\/lafilledecorinthe.com\/wordpress\/wp-content\/uploads\/2022\/08\/2.jpg\"><img loading=\"lazy\" decoding=\"async\" width=\"1538\" height=\"566\" src=\"https:\/\/lafilledecorinthe.com\/wordpress\/wp-content\/uploads\/2022\/08\/2.jpg\" alt=\"2\" class=\"wp-image-12038\" srcset=\"https:\/\/lafilledecorinthe.com\/wordpress\/wp-content\/uploads\/2022\/08\/2.jpg 1538w, https:\/\/lafilledecorinthe.com\/wordpress\/wp-content\/uploads\/2022\/08\/2-680x250.jpg 680w, https:\/\/lafilledecorinthe.com\/wordpress\/wp-content\/uploads\/2022\/08\/2-1280x471.jpg 1280w, https:\/\/lafilledecorinthe.com\/wordpress\/wp-content\/uploads\/2022\/08\/2-500x184.jpg 500w\" sizes=\"auto, (max-width: 1538px) 100vw, 1538px\" \/><\/a><\/figure>\n<\/div>\n\n\n<p class=\"p1\"><\/p>\n\n\n<div class=\"wp-block-image\">\n<figure class=\"aligncenter\"><a href=\"https:\/\/lafilledecorinthe.com\/wordpress\/wp-content\/uploads\/2022\/08\/3.jpg\"><img loading=\"lazy\" decoding=\"async\" width=\"1506\" height=\"1038\" src=\"https:\/\/lafilledecorinthe.com\/wordpress\/wp-content\/uploads\/2022\/08\/3.jpg\" alt=\"3\" class=\"wp-image-12039\" srcset=\"https:\/\/lafilledecorinthe.com\/wordpress\/wp-content\/uploads\/2022\/08\/3.jpg 1506w, https:\/\/lafilledecorinthe.com\/wordpress\/wp-content\/uploads\/2022\/08\/3-680x469.jpg 680w, https:\/\/lafilledecorinthe.com\/wordpress\/wp-content\/uploads\/2022\/08\/3-1280x882.jpg 1280w, https:\/\/lafilledecorinthe.com\/wordpress\/wp-content\/uploads\/2022\/08\/3-435x300.jpg 435w\" sizes=\"auto, (max-width: 1506px) 100vw, 1506px\" \/><\/a><\/figure>\n<\/div>\n\n\n<p class=\"p1\"><\/p>\n\n\n\n<p><a href=\"https:\/\/nanouk-ec.com\/\" target=\"_blank\" rel=\"noopener\"><em>&nbsp;<\/em><\/a>Et tr\u00e8s bient\u00f4t un deuxi\u00e8me long m\u00e9trage&nbsp;<i>Ernest et C\u00e9lestine- Le voyage en Charabie <\/i>au cin\u00e9ma&#8230;<\/p>\n\n\n<div class=\"wp-block-image\">\n<figure class=\"aligncenter\"><a href=\"https:\/\/lafilledecorinthe.com\/wordpress\/wp-content\/uploads\/2022\/08\/affiche-en-Charabie.jpeg\"><img loading=\"lazy\" decoding=\"async\" width=\"1178\" height=\"1600\" src=\"https:\/\/lafilledecorinthe.com\/wordpress\/wp-content\/uploads\/2022\/08\/affiche-en-Charabie.jpeg\" alt=\"affiche en Charabie\" class=\"wp-image-12026\" srcset=\"https:\/\/lafilledecorinthe.com\/wordpress\/wp-content\/uploads\/2022\/08\/affiche-en-Charabie.jpeg 1178w, https:\/\/lafilledecorinthe.com\/wordpress\/wp-content\/uploads\/2022\/08\/affiche-en-Charabie-501x680.jpeg 501w, https:\/\/lafilledecorinthe.com\/wordpress\/wp-content\/uploads\/2022\/08\/affiche-en-Charabie-942x1280.jpeg 942w, https:\/\/lafilledecorinthe.com\/wordpress\/wp-content\/uploads\/2022\/08\/affiche-en-Charabie-221x300.jpeg 221w\" sizes=\"auto, (max-width: 1178px) 100vw, 1178px\" \/><\/a><\/figure>\n<\/div>\n\n\n<p><\/p>\n\n\n\n<p><iframe loading=\"lazy\" title=\"YouTube video player\" src=\"https:\/\/www.youtube.com\/embed\/BmV-jekvNIE\" width=\"560\" height=\"315\" frameborder=\"0\" allowfullscreen=\"allowfullscreen\"><\/iframe><\/p>\n","protected":false},"excerpt":{"rendered":"<p>\u00ab\u00a0J&rsquo;ai tout aim\u00e9 de cette industrie d&rsquo;un autre si\u00e8cle &#8211; le savoir-faire de chaque personne sur un plateau de tournage. Et l&rsquo;alchimie de l&rsquo;ensemble- nulle part ne se v\u00e9rifiait plus que sur un film l&rsquo;id\u00e9e que l&rsquo;addition d&rsquo;efforts collectifs pouvait \u00eatre sup\u00e9rieure \u00e0 la somme du travail de chacun.\u00a0\u00bbCher connard, Virginie Despentes, Grasset, 2022 Projection-conf\u00e9rence&#8230;<\/p>\n","protected":false},"author":2,"featured_media":12020,"comment_status":"open","ping_status":"open","sticky":false,"template":"","format":"standard","meta":{"_kad_post_transparent":"","_kad_post_title":"","_kad_post_layout":"","_kad_post_sidebar_id":"","_kad_post_content_style":"","_kad_post_vertical_padding":"","_kad_post_feature":"","_kad_post_feature_position":"","_kad_post_header":false,"_kad_post_footer":false,"_kad_post_classname":"","footnotes":""},"categories":[8],"tags":[209,2219,2217,206,2218,316,315],"class_list":["post-12019","post","type-post","status-publish","format-standard","has-post-thumbnail","hentry","category-formations-adultes","tag-benjamin-renner","tag-camille-girard","tag-ecole-et-cinema-44","tag-ernest-et-celestine","tag-nanouk","tag-stephane-aubier","tag-vincent-patar"],"_links":{"self":[{"href":"https:\/\/lafilledecorinthe.com\/wordpress\/wp-json\/wp\/v2\/posts\/12019","targetHints":{"allow":["GET"]}}],"collection":[{"href":"https:\/\/lafilledecorinthe.com\/wordpress\/wp-json\/wp\/v2\/posts"}],"about":[{"href":"https:\/\/lafilledecorinthe.com\/wordpress\/wp-json\/wp\/v2\/types\/post"}],"author":[{"embeddable":true,"href":"https:\/\/lafilledecorinthe.com\/wordpress\/wp-json\/wp\/v2\/users\/2"}],"replies":[{"embeddable":true,"href":"https:\/\/lafilledecorinthe.com\/wordpress\/wp-json\/wp\/v2\/comments?post=12019"}],"version-history":[{"count":11,"href":"https:\/\/lafilledecorinthe.com\/wordpress\/wp-json\/wp\/v2\/posts\/12019\/revisions"}],"predecessor-version":[{"id":12025,"href":"https:\/\/lafilledecorinthe.com\/wordpress\/wp-json\/wp\/v2\/posts\/12019\/revisions\/12025"}],"wp:featuredmedia":[{"embeddable":true,"href":"https:\/\/lafilledecorinthe.com\/wordpress\/wp-json\/wp\/v2\/media\/12020"}],"wp:attachment":[{"href":"https:\/\/lafilledecorinthe.com\/wordpress\/wp-json\/wp\/v2\/media?parent=12019"}],"wp:term":[{"taxonomy":"category","embeddable":true,"href":"https:\/\/lafilledecorinthe.com\/wordpress\/wp-json\/wp\/v2\/categories?post=12019"},{"taxonomy":"post_tag","embeddable":true,"href":"https:\/\/lafilledecorinthe.com\/wordpress\/wp-json\/wp\/v2\/tags?post=12019"}],"curies":[{"name":"wp","href":"https:\/\/api.w.org\/{rel}","templated":true}]}}