{"id":11979,"date":"2022-10-03T15:57:55","date_gmt":"2022-10-03T14:57:55","guid":{"rendered":"http:\/\/lafilledecorinthe.com\/wordpress\/?p=11979"},"modified":"2025-12-04T19:04:24","modified_gmt":"2025-12-04T18:04:24","slug":"maternelle-au-cinema-95-2022-2023","status":"publish","type":"post","link":"https:\/\/lafilledecorinthe.com\/wordpress\/2022\/10\/maternelle-au-cinema-95-2022-2023\/","title":{"rendered":"\u00ab\u00a0Maternelle au Cin\u00e9ma\u00a0\u00bb 95 &#8211;  2022-2023"},"content":{"rendered":"\n<p><em>Conter est un acte naturel. C\u2019est raconter quelque chose qui vous int\u00e9resse et que vous voudriez faire partager comme une bonne nourriture. Cela se fait simplement depuis que l\u2019homme parle<\/em>\u202f.<br><em>Petit Poucet deviendra grand<\/em>, Le travail du conte, Mollat \u00c9diteur, Pierre\u00a0Lafforgue, 1995<\/p>\n\n\n\n<p><strong>Conf\u00e9rence au &#8230;<\/strong><br>Centre Culturel Picasso de Montigny-l\u00e8s-Cormeilles<br>Mercredi 5 octobre 2022<\/p>\n\n\n\n<p><em><strong>Le Petit Monde de Leo <\/strong><\/em>de<em><strong>&nbsp;<\/strong><\/em>Leo Lionni et&nbsp;Giulio Gianini<\/p>\n\n\n<div class=\"wp-block-image\">\n<figure class=\"aligncenter\"><img loading=\"lazy\" decoding=\"async\" width=\"1534\" height=\"1152\" src=\"https:\/\/lafilledecorinthe.com\/wordpress\/wp-content\/uploads\/2022\/10\/Capture-d\u2019e\u0301cran-2022-10-03-a\u0300-15.47.42.png\" alt=\"Capture d\u2019e\u0301cran 2022-10-03 a\u0300 15.47.42\" class=\"wp-image-12065\" srcset=\"https:\/\/lafilledecorinthe.com\/wordpress\/wp-content\/uploads\/2022\/10\/Capture-d\u2019e\u0301cran-2022-10-03-a\u0300-15.47.42.png 1534w, https:\/\/lafilledecorinthe.com\/wordpress\/wp-content\/uploads\/2022\/10\/Capture-d\u2019e\u0301cran-2022-10-03-a\u0300-15.47.42-680x511.png 680w, https:\/\/lafilledecorinthe.com\/wordpress\/wp-content\/uploads\/2022\/10\/Capture-d\u2019e\u0301cran-2022-10-03-a\u0300-15.47.42-1280x961.png 1280w, https:\/\/lafilledecorinthe.com\/wordpress\/wp-content\/uploads\/2022\/10\/Capture-d\u2019e\u0301cran-2022-10-03-a\u0300-15.47.42-399x300.png 399w\" sizes=\"auto, (max-width: 1534px) 100vw, 1534px\" \/><\/figure>\n<\/div>\n\n\n<p><\/p>\n\n\n\n<p><strong>Documents \u00e0 t\u00e9l\u00e9charger :<\/strong>&nbsp;<a href=\"https:\/\/lafilledecorinthe.com\/wordpress\/wp-content\/uploads\/2022\/10\/Pour-aller-plus-loin-.pdf\">Pour aller plus loin<\/a>,&nbsp;<a href=\"https:\/\/lafilledecorinthe.com\/wordpress\/wp-content\/uploads\/2022\/10\/Leo-Lionni-ou-lhistoire-dun-hollandais-autodidacte.pdf\">Leo Lionni ou l&rsquo;histoire d&rsquo;un hollandais autodidacte<\/a>,&nbsp;<a href=\"https:\/\/lafilledecorinthe.com\/wordpress\/wp-content\/uploads\/2022\/10\/Re\u0301volution-Gianni-Rodari-.pdf\">Re\u0301volution, Gianni Rodari<\/a>&nbsp;et aussi <a title=\"Enfances au cin\u00e9ma : Le petit monde de L\u00e9o\" href=\"https:\/\/lafilledecorinthe.com\/wordpress\/2016\/04\/enfances-au-cinema-le-petit-monde-de-leo\/\">ici<\/a>&nbsp;et <a title=\"\u00ab&nbsp;Maternelle et Cin\u00e9ma&nbsp;\u00bb dans le Val-de-Marne\" href=\"https:\/\/lafilledecorinthe.com\/wordpress\/2021\/12\/maternelle-et-cinema-dans-le-val-de-marne-3\/\">l\u00e0<\/a>.<\/p>\n\n\n<div class=\"wp-block-image\">\n<figure class=\"aligncenter\"><img loading=\"lazy\" decoding=\"async\" width=\"1534\" height=\"1152\" src=\"https:\/\/lafilledecorinthe.com\/wordpress\/wp-content\/uploads\/2022\/10\/Capture-d\u2019e\u0301cran-2022-10-03-a\u0300-16.15.10.png\" alt=\"Capture d\u2019e\u0301cran 2022-10-03 a\u0300 16.15.10\" class=\"wp-image-12069\" srcset=\"https:\/\/lafilledecorinthe.com\/wordpress\/wp-content\/uploads\/2022\/10\/Capture-d\u2019e\u0301cran-2022-10-03-a\u0300-16.15.10.png 1534w, https:\/\/lafilledecorinthe.com\/wordpress\/wp-content\/uploads\/2022\/10\/Capture-d\u2019e\u0301cran-2022-10-03-a\u0300-16.15.10-680x511.png 680w, https:\/\/lafilledecorinthe.com\/wordpress\/wp-content\/uploads\/2022\/10\/Capture-d\u2019e\u0301cran-2022-10-03-a\u0300-16.15.10-1280x961.png 1280w, https:\/\/lafilledecorinthe.com\/wordpress\/wp-content\/uploads\/2022\/10\/Capture-d\u2019e\u0301cran-2022-10-03-a\u0300-16.15.10-399x300.png 399w\" sizes=\"auto, (max-width: 1534px) 100vw, 1534px\" \/><\/figure>\n<\/div>\n\n\n<p><strong>Les contes de la M\u00e8re Poule <\/strong>de&nbsp;Farkhondeh Torabi,&nbsp;Vajiollah Fard-e-Moghadam et&nbsp; Morteza Ahadi Sarkani<strong>Documents \u00e0 t\u00e9l\u00e9charger :&nbsp;<\/strong><a href=\"https:\/\/lafilledecorinthe.com\/wordpress\/wp-content\/uploads\/2022\/10\/Pour-aller-plus-loin-1.pdf\">Pour aller plus loin<\/a>,&nbsp;<a href=\"https:\/\/lafilledecorinthe.com\/wordpress\/wp-content\/uploads\/2022\/10\/Le-loup-et-les-sept-chevreaux-les-fre\u0300res-Grimm.pdf\">Le loup et les sept chevreaux, les fre\u0300res Grimm<\/a>,&nbsp;<a href=\"https:\/\/lafilledecorinthe.com\/wordpress\/wp-content\/uploads\/2022\/10\/La-che\u0300vre-et-le-pie\u0300ge-.pdf\">La che\u0300vre et le pie\u0300ge<\/a>&nbsp;et aussi <a title=\"\u00ab&nbsp;Maternelle et cin\u00e9ma&nbsp;\u00bb en Indre et Loire\" href=\"https:\/\/lafilledecorinthe.com\/wordpress\/2016\/12\/maternelle-et-cinema-en-indre-et-loire\/\">ici<\/a>.<\/p>\n\n\n\n<p>Et pour finir, un <a href=\"https:\/\/www.lefildesimages.fr\/leveil-aux-images-des-tout-petits-0-6-ans\/\" target=\"_blank\" rel=\"noopener\">article<\/a> passionnant de&nbsp;Sophie D\u2019Ambroso, biblioth\u00e9caire&nbsp;jeunesse !<\/p>\n","protected":false},"excerpt":{"rendered":"<p>Conter est un acte naturel. C\u2019est raconter quelque chose qui vous int\u00e9resse et que vous voudriez faire partager comme une bonne nourriture. Cela se fait simplement depuis que l\u2019homme parle\u202f.Petit Poucet deviendra grand, Le travail du conte, Mollat \u00c9diteur, Pierre\u00a0Lafforgue, 1995 Conf\u00e9rence au &#8230;Centre Culturel Picasso de Montigny-l\u00e8s-CormeillesMercredi 5 octobre 2022 Le Petit Monde de&#8230;<\/p>\n","protected":false},"author":2,"featured_media":12062,"comment_status":"open","ping_status":"open","sticky":false,"template":"","format":"standard","meta":{"_kad_post_transparent":"","_kad_post_title":"","_kad_post_layout":"","_kad_post_sidebar_id":"","_kad_post_content_style":"","_kad_post_vertical_padding":"","_kad_post_feature":"","_kad_post_feature_position":"","_kad_post_header":false,"_kad_post_footer":false,"_kad_post_classname":"","footnotes":""},"categories":[8],"tags":[2224,2225,1849,1249,36,1400,2227,2228,2226],"class_list":["post-11979","post","type-post","status-publish","format-standard","has-post-thumbnail","hentry","category-formations-adultes","tag-maternelle-au-cinema-95","tag-farkhondeh-torabi","tag-giulio-gianini","tag-le-petit-monde-de-leo","tag-leo-lionni","tag-les-contes-de-la-mere-poule","tag-morteza-ahadi-sarkani","tag-sophie-dambroso","tag-vajiollah-fard-e-moghadam"],"_links":{"self":[{"href":"https:\/\/lafilledecorinthe.com\/wordpress\/wp-json\/wp\/v2\/posts\/11979","targetHints":{"allow":["GET"]}}],"collection":[{"href":"https:\/\/lafilledecorinthe.com\/wordpress\/wp-json\/wp\/v2\/posts"}],"about":[{"href":"https:\/\/lafilledecorinthe.com\/wordpress\/wp-json\/wp\/v2\/types\/post"}],"author":[{"embeddable":true,"href":"https:\/\/lafilledecorinthe.com\/wordpress\/wp-json\/wp\/v2\/users\/2"}],"replies":[{"embeddable":true,"href":"https:\/\/lafilledecorinthe.com\/wordpress\/wp-json\/wp\/v2\/comments?post=11979"}],"version-history":[{"count":18,"href":"https:\/\/lafilledecorinthe.com\/wordpress\/wp-json\/wp\/v2\/posts\/11979\/revisions"}],"predecessor-version":[{"id":14600,"href":"https:\/\/lafilledecorinthe.com\/wordpress\/wp-json\/wp\/v2\/posts\/11979\/revisions\/14600"}],"wp:featuredmedia":[{"embeddable":true,"href":"https:\/\/lafilledecorinthe.com\/wordpress\/wp-json\/wp\/v2\/media\/12062"}],"wp:attachment":[{"href":"https:\/\/lafilledecorinthe.com\/wordpress\/wp-json\/wp\/v2\/media?parent=11979"}],"wp:term":[{"taxonomy":"category","embeddable":true,"href":"https:\/\/lafilledecorinthe.com\/wordpress\/wp-json\/wp\/v2\/categories?post=11979"},{"taxonomy":"post_tag","embeddable":true,"href":"https:\/\/lafilledecorinthe.com\/wordpress\/wp-json\/wp\/v2\/tags?post=11979"}],"curies":[{"name":"wp","href":"https:\/\/api.w.org\/{rel}","templated":true}]}}