{"id":11958,"date":"2022-06-05T16:23:51","date_gmt":"2022-06-05T15:23:51","guid":{"rendered":"http:\/\/lafilledecorinthe.com\/wordpress\/?p=11958"},"modified":"2025-11-29T15:20:30","modified_gmt":"2025-11-29T14:20:30","slug":"le-portrait-avec-la-petite-ecole-de-cinema-2","status":"publish","type":"post","link":"https:\/\/lafilledecorinthe.com\/wordpress\/2022\/06\/le-portrait-avec-la-petite-ecole-de-cinema-2\/","title":{"rendered":"Le portrait avec \u00ab\u00a0La Petite \u00c9cole de Cin\u00e9ma\u00a0\u00bb &#8211; 2"},"content":{"rendered":"\n<p>Quelle&nbsp;joie de pouvoir suivre un projet sur tout son d\u00e9roulement ! Depuis <a title=\"Le portrait avec \u00ab&nbsp;La Petite \u00c9cole de Cin\u00e9ma&nbsp;\u00bb\u2026 76\" href=\"https:\/\/lafilledecorinthe.com\/wordpress\/2021\/12\/le-portrait-avec-la-petite-ecole-de-cinema-76\/\">notre premi\u00e8re rencontre<\/a>, les classes inscrites dans le dispositif&nbsp;<em>La Petite Ecole de Cin\u00e9ma<\/em> ont fait un travail remarquable avec les&nbsp;cin\u00e9astes qui les ont accompagn\u00e9es dans la r\u00e9alisation de leur film.&nbsp; &nbsp; Rendez-vous \u00e9tait donn\u00e9 au mois de mai au cin\u00e9ma <a href=\"http:\/\/cinema-le-studio.fr\/\" target=\"_blank\" rel=\"noopener\">Le Studio<\/a> pour valoriser sur grand \u00e9cran&nbsp;plusieurs&nbsp;de ces films.<\/p>\n\n\n<div class=\"wp-block-image\">\n<figure class=\"aligncenter\"><a href=\"https:\/\/lafilledecorinthe.com\/wordpress\/wp-content\/uploads\/2022\/06\/2.jpg\"><img loading=\"lazy\" decoding=\"async\" width=\"6000\" height=\"3376\" src=\"https:\/\/lafilledecorinthe.com\/wordpress\/wp-content\/uploads\/2022\/06\/2.jpg\" alt=\"2\" class=\"wp-image-11961\" srcset=\"https:\/\/lafilledecorinthe.com\/wordpress\/wp-content\/uploads\/2022\/06\/2.jpg 6000w, https:\/\/lafilledecorinthe.com\/wordpress\/wp-content\/uploads\/2022\/06\/2-680x383.jpg 680w, https:\/\/lafilledecorinthe.com\/wordpress\/wp-content\/uploads\/2022\/06\/2-1280x720.jpg 1280w, https:\/\/lafilledecorinthe.com\/wordpress\/wp-content\/uploads\/2022\/06\/2-500x281.jpg 500w\" sizes=\"auto, (max-width: 6000px) 100vw, 6000px\" \/><\/a><figcaption class=\"wp-element-caption\">\u00ab\u00a0Les amis catastrophes\u00a0\u00bb, Ecole Paul Bert 2, Le Havre<\/figcaption><\/figure>\n<\/div>\n\n<div class=\"wp-block-image\">\n<figure class=\"aligncenter\"><a href=\"https:\/\/lafilledecorinthe.com\/wordpress\/wp-content\/uploads\/2022\/06\/3.jpg\"><img loading=\"lazy\" decoding=\"async\" width=\"6000\" height=\"3376\" src=\"https:\/\/lafilledecorinthe.com\/wordpress\/wp-content\/uploads\/2022\/06\/3.jpg\" alt=\"3\" class=\"wp-image-11963\" srcset=\"https:\/\/lafilledecorinthe.com\/wordpress\/wp-content\/uploads\/2022\/06\/3.jpg 6000w, https:\/\/lafilledecorinthe.com\/wordpress\/wp-content\/uploads\/2022\/06\/3-680x383.jpg 680w, https:\/\/lafilledecorinthe.com\/wordpress\/wp-content\/uploads\/2022\/06\/3-1280x720.jpg 1280w, https:\/\/lafilledecorinthe.com\/wordpress\/wp-content\/uploads\/2022\/06\/3-500x281.jpg 500w\" sizes=\"auto, (max-width: 6000px) 100vw, 6000px\" \/><\/a><figcaption class=\"wp-element-caption\">\u00ab\u00a0Thimot\u00e9 Polet, la passion partag\u00e9e\u00a0\u00bb, Ecole Dauphine, Le Havre<\/figcaption><\/figure>\n<\/div>\n\n\n<p>La r\u00e9action du public lors de la projection et les discussions qui ont suivi&nbsp;ont montr\u00e9&nbsp;la&nbsp;valeur de l&rsquo;investissement des diff\u00e9rents acteurs de ce projet ambitieux : les enfants, leurs enseignants, les cin\u00e9astes et l&rsquo;\u00e9quipe de <a href=\"https:\/\/www.havredecinema.fr\/\" target=\"_blank\" rel=\"noopener\">Havre de Cin\u00e9ma<\/a>.<\/p>\n\n\n<div class=\"wp-block-image\">\n<figure class=\"aligncenter\"><a href=\"https:\/\/lafilledecorinthe.com\/wordpress\/wp-content\/uploads\/2022\/06\/4.jpg\"><img loading=\"lazy\" decoding=\"async\" width=\"6000\" height=\"3376\" src=\"https:\/\/lafilledecorinthe.com\/wordpress\/wp-content\/uploads\/2022\/06\/4.jpg\" alt=\"4\" class=\"wp-image-11964\" srcset=\"https:\/\/lafilledecorinthe.com\/wordpress\/wp-content\/uploads\/2022\/06\/4.jpg 6000w, https:\/\/lafilledecorinthe.com\/wordpress\/wp-content\/uploads\/2022\/06\/4-680x383.jpg 680w, https:\/\/lafilledecorinthe.com\/wordpress\/wp-content\/uploads\/2022\/06\/4-1280x720.jpg 1280w, https:\/\/lafilledecorinthe.com\/wordpress\/wp-content\/uploads\/2022\/06\/4-500x281.jpg 500w\" sizes=\"auto, (max-width: 6000px) 100vw, 6000px\" \/><\/a><\/figure>\n<\/div>\n\n\n<p><\/p>\n\n\n<div class=\"wp-block-image\">\n<figure class=\"aligncenter\"><img loading=\"lazy\" decoding=\"async\" width=\"6000\" height=\"3376\" src=\"https:\/\/lafilledecorinthe.com\/wordpress\/wp-content\/uploads\/2022\/06\/5.jpg\" alt=\"5\" class=\"wp-image-11965\" srcset=\"https:\/\/lafilledecorinthe.com\/wordpress\/wp-content\/uploads\/2022\/06\/5.jpg 6000w, https:\/\/lafilledecorinthe.com\/wordpress\/wp-content\/uploads\/2022\/06\/5-680x383.jpg 680w, https:\/\/lafilledecorinthe.com\/wordpress\/wp-content\/uploads\/2022\/06\/5-1280x720.jpg 1280w, https:\/\/lafilledecorinthe.com\/wordpress\/wp-content\/uploads\/2022\/06\/5-500x281.jpg 500w\" sizes=\"auto, (max-width: 6000px) 100vw, 6000px\" \/><\/figure>\n<\/div>\n\n\n<p>De plus, cette rencontre\u00a0a \u00e9t\u00e9 l&rsquo;occasion de montrer aux classes\u00a0comment\u00a0deux r\u00e9alisatrices se sont empar\u00e9es du portrait cin\u00e9matographique.\u00a0Regarder des films permet aussi de se poser des questions de r\u00e9alisation.<br>Qu\u2019est-ce que les\u00a0r\u00e9alisatrices donnent \u00e0 voir\u00a0des personnes film\u00e9es ?\u00a0Comment nous les d\u00e9peignent-elles et avec quelles techniques ?\u00a0Comment\u00a0les r\u00e9alisatrices sont-elles impliqu\u00e9es dans leur film ?\u00a0Qui prend en charge le r\u00e9cit ?\u00a0Comment la parole est-elle recueillie et restitu\u00e9e ?<\/p>\n\n\n<div class=\"wp-block-image\">\n<figure class=\"aligncenter\"><a href=\"https:\/\/lafilledecorinthe.com\/wordpress\/wp-content\/uploads\/2022\/06\/6.jpg\"><img loading=\"lazy\" decoding=\"async\" width=\"6000\" height=\"3376\" src=\"https:\/\/lafilledecorinthe.com\/wordpress\/wp-content\/uploads\/2022\/06\/6.jpg\" alt=\"6\" class=\"wp-image-11968\" srcset=\"https:\/\/lafilledecorinthe.com\/wordpress\/wp-content\/uploads\/2022\/06\/6.jpg 6000w, https:\/\/lafilledecorinthe.com\/wordpress\/wp-content\/uploads\/2022\/06\/6-680x383.jpg 680w, https:\/\/lafilledecorinthe.com\/wordpress\/wp-content\/uploads\/2022\/06\/6-1280x720.jpg 1280w, https:\/\/lafilledecorinthe.com\/wordpress\/wp-content\/uploads\/2022\/06\/6-500x281.jpg 500w\" sizes=\"auto, (max-width: 6000px) 100vw, 6000px\" \/><\/a><figcaption class=\"wp-element-caption\">\u00ab\u00a0Espace\u00a0\u00bb de El\u00e9onore Gilbert, 2014<\/figcaption><\/figure>\n<\/div>\n\n<div class=\"wp-block-image\">\n<figure class=\"aligncenter\"><a href=\"https:\/\/lafilledecorinthe.com\/wordpress\/wp-content\/uploads\/2022\/06\/7.jpg\"><img loading=\"lazy\" decoding=\"async\" width=\"6000\" height=\"3376\" src=\"https:\/\/lafilledecorinthe.com\/wordpress\/wp-content\/uploads\/2022\/06\/7.jpg\" alt=\"7\" class=\"wp-image-11969\" srcset=\"https:\/\/lafilledecorinthe.com\/wordpress\/wp-content\/uploads\/2022\/06\/7.jpg 6000w, https:\/\/lafilledecorinthe.com\/wordpress\/wp-content\/uploads\/2022\/06\/7-680x383.jpg 680w, https:\/\/lafilledecorinthe.com\/wordpress\/wp-content\/uploads\/2022\/06\/7-1280x720.jpg 1280w, https:\/\/lafilledecorinthe.com\/wordpress\/wp-content\/uploads\/2022\/06\/7-500x281.jpg 500w\" sizes=\"auto, (max-width: 6000px) 100vw, 6000px\" \/><\/a><figcaption class=\"wp-element-caption\">\u00ab\u00a0Saigon sur Marne\u00a0\u00bb, Aude Ha Lepi\u00e8ge, 2014<\/figcaption><\/figure>\n<\/div>\n\n\n<p>Merci \u00e0 Yann pour son reportage photo. Merci \u00e0 C\u00e9line et \u00e0 David pour leur accueil au Studio. Merci \u00e0 Ginet pour sa confiance renouvel\u00e9e. Merci \u00e0 tous pour les \u00e9changes fructueux !<\/p>\n","protected":false},"excerpt":{"rendered":"<p>Quelle&nbsp;joie de pouvoir suivre un projet sur tout son d\u00e9roulement ! Depuis notre premi\u00e8re rencontre, les classes inscrites dans le dispositif&nbsp;La Petite Ecole de Cin\u00e9ma ont fait un travail remarquable avec les&nbsp;cin\u00e9astes qui les ont accompagn\u00e9es dans la r\u00e9alisation de leur film.&nbsp; &nbsp; Rendez-vous \u00e9tait donn\u00e9 au mois de mai au cin\u00e9ma Le Studio pour&#8230;<\/p>\n","protected":false},"author":2,"featured_media":11959,"comment_status":"open","ping_status":"open","sticky":false,"template":"","format":"standard","meta":{"_kad_post_transparent":"","_kad_post_title":"","_kad_post_layout":"","_kad_post_sidebar_id":"","_kad_post_content_style":"","_kad_post_vertical_padding":"","_kad_post_feature":"","_kad_post_feature_position":"","_kad_post_header":false,"_kad_post_footer":false,"_kad_post_classname":"","footnotes":""},"categories":[7],"tags":[1676,2163,2208,2209],"class_list":["post-11958","post","type-post","status-publish","format-standard","has-post-thumbnail","hentry","category-ateliers-enfants","tag-havre-de-cinema","tag-la-petite-ecole-de-cinema","tag-le-studio","tag-portrait-cinematographique"],"_links":{"self":[{"href":"https:\/\/lafilledecorinthe.com\/wordpress\/wp-json\/wp\/v2\/posts\/11958","targetHints":{"allow":["GET"]}}],"collection":[{"href":"https:\/\/lafilledecorinthe.com\/wordpress\/wp-json\/wp\/v2\/posts"}],"about":[{"href":"https:\/\/lafilledecorinthe.com\/wordpress\/wp-json\/wp\/v2\/types\/post"}],"author":[{"embeddable":true,"href":"https:\/\/lafilledecorinthe.com\/wordpress\/wp-json\/wp\/v2\/users\/2"}],"replies":[{"embeddable":true,"href":"https:\/\/lafilledecorinthe.com\/wordpress\/wp-json\/wp\/v2\/comments?post=11958"}],"version-history":[{"count":14,"href":"https:\/\/lafilledecorinthe.com\/wordpress\/wp-json\/wp\/v2\/posts\/11958\/revisions"}],"predecessor-version":[{"id":14301,"href":"https:\/\/lafilledecorinthe.com\/wordpress\/wp-json\/wp\/v2\/posts\/11958\/revisions\/14301"}],"wp:featuredmedia":[{"embeddable":true,"href":"https:\/\/lafilledecorinthe.com\/wordpress\/wp-json\/wp\/v2\/media\/11959"}],"wp:attachment":[{"href":"https:\/\/lafilledecorinthe.com\/wordpress\/wp-json\/wp\/v2\/media?parent=11958"}],"wp:term":[{"taxonomy":"category","embeddable":true,"href":"https:\/\/lafilledecorinthe.com\/wordpress\/wp-json\/wp\/v2\/categories?post=11958"},{"taxonomy":"post_tag","embeddable":true,"href":"https:\/\/lafilledecorinthe.com\/wordpress\/wp-json\/wp\/v2\/tags?post=11958"}],"curies":[{"name":"wp","href":"https:\/\/api.w.org\/{rel}","templated":true}]}}