{"id":11882,"date":"2022-04-26T14:50:35","date_gmt":"2022-04-26T13:50:35","guid":{"rendered":"http:\/\/lafilledecorinthe.com\/wordpress\/?p=11882"},"modified":"2025-12-04T14:09:27","modified_gmt":"2025-12-04T13:09:27","slug":"les-trois-brigands-hayo-freitag-maternelle-et-cinema-18","status":"publish","type":"post","link":"https:\/\/lafilledecorinthe.com\/wordpress\/2022\/04\/les-trois-brigands-hayo-freitag-maternelle-et-cinema-18\/","title":{"rendered":"\u00ab\u00a0Les trois brigands\u00a0\u00bb Hayo Freitag, Maternelle et Cin\u00e9ma 18"},"content":{"rendered":"\n<p><\/p>\n\n\n\n<p><em>Le mal peut \u00eatre le terrain le plus fertile pour le bien, et le bien peut apprendre de l&rsquo;intelligence du mal\u2026\u00a0Les Trois brigands, je pourrais dire, est une fable sur la fa\u00e7on dont le bien et le mal sont vraiment tr\u00e8s li\u00e9s l&rsquo;un \u00e0 l&rsquo;autre, et comment ensemble ils peuvent \u00eatre tr\u00e8s amusants.<\/em><br><em>Tomi Ungerer, a treasury of 8 books<\/em>, Phaidon, 2021<\/p>\n\n\n\n<p>Maison de la Culture \u00e0 Bourges<br>Mercredi 27 avril 2022<br>Documents \u00e0 t\u00e9l\u00e9charger :\u00a0<a href=\"https:\/\/lafilledecorinthe.com\/wordpress\/wp-content\/uploads\/2022\/04\/Biblio-sitographie-1.pdf\">Biblio-sitographie<\/a>,\u00a0<a href=\"https:\/\/lafilledecorinthe.com\/wordpress\/wp-content\/uploads\/2022\/04\/Le-mensonge-de-Tiffany.pdf\">Le mensonge de Tiffany<\/a>,\u00a0<a href=\"https:\/\/lafilledecorinthe.com\/wordpress\/wp-content\/uploads\/2022\/04\/La-courageuse-fille-du-meunier-Wilhelm-Busch.pdf\">La courageuse fille du meunier, Wilhelm Busch<\/a>,\u00a0<a href=\"https:\/\/lafilledecorinthe.com\/wordpress\/wp-content\/uploads\/2022\/04\/La-chanson-des-brigands-.pdf\">La chanson des brigands<\/a><\/p>\n\n\n\n<p>En 1981, Tomi Ungerer discutait de ses livres avec Julien (10 ans).<\/p>\n\n\n\n<div style=\"position: relative; padding-bottom: 56.25%; height: 0; overflow: hidden;\"><iframe loading=\"lazy\" style=\"width: 100%; height: 100%; position: absolute; left: 0px; top: 0px; overflow: hidden;\" src=\"https:\/\/www.dailymotion.com\/embed\/video\/x724tlo?autoplay=1\" width=\"100%\" height=\"100%\" frameborder=\"0\" allowfullscreen=\"allowfullscreen\"> <\/iframe><\/div>\n\n\n\n<p>&nbsp;<\/p>\n\n\n\n<p>Gene Deitch a adapt\u00e9 quatre albums de Tomi Ungerer pour&nbsp;<em>Weston Woods<\/em>. Ces quatre courts m\u00e9trages sont expos\u00e9s au <a href=\"https:\/\/www.musees.strasbourg.eu\/musee-tomi-ungerer\" target=\"_blank\" rel=\"noopener\">mus\u00e9e Ungerer<\/a> de Strasbourg.<br><iframe loading=\"lazy\" title=\"YouTube video player\" src=\"https:\/\/www.youtube.com\/embed\/ijn80UFqDgQ?si=tlNCN--hVy2ocyqk\" width=\"560\" height=\"315\" frameborder=\"0\" allowfullscreen=\"allowfullscreen\"><\/iframe><\/p>\n","protected":false},"excerpt":{"rendered":"<p>Le mal peut \u00eatre le terrain le plus fertile pour le bien, et le bien peut apprendre de l&rsquo;intelligence du mal\u2026\u00a0Les Trois brigands, je pourrais dire, est une fable sur la fa\u00e7on dont le bien et le mal sont vraiment tr\u00e8s li\u00e9s l&rsquo;un \u00e0 l&rsquo;autre, et comment ensemble ils peuvent \u00eatre tr\u00e8s amusants.Tomi Ungerer, a&#8230;<\/p>\n","protected":false},"author":2,"featured_media":11925,"comment_status":"open","ping_status":"open","sticky":false,"template":"","format":"standard","meta":{"_kad_post_transparent":"","_kad_post_title":"","_kad_post_layout":"","_kad_post_sidebar_id":"","_kad_post_content_style":"","_kad_post_vertical_padding":"","_kad_post_feature":"","_kad_post_feature_position":"","_kad_post_header":false,"_kad_post_footer":false,"_kad_post_classname":"","footnotes":""},"categories":[8],"tags":[2200,2198,1551,2199,1550],"class_list":["post-11882","post","type-post","status-publish","format-standard","has-post-thumbnail","hentry","category-formations-adultes","tag-gene-deitch","tag-hayo-freitag","tag-les-trois-brigands","tag-maternelle-et-cinema-18","tag-tomi-ungerer"],"_links":{"self":[{"href":"https:\/\/lafilledecorinthe.com\/wordpress\/wp-json\/wp\/v2\/posts\/11882","targetHints":{"allow":["GET"]}}],"collection":[{"href":"https:\/\/lafilledecorinthe.com\/wordpress\/wp-json\/wp\/v2\/posts"}],"about":[{"href":"https:\/\/lafilledecorinthe.com\/wordpress\/wp-json\/wp\/v2\/types\/post"}],"author":[{"embeddable":true,"href":"https:\/\/lafilledecorinthe.com\/wordpress\/wp-json\/wp\/v2\/users\/2"}],"replies":[{"embeddable":true,"href":"https:\/\/lafilledecorinthe.com\/wordpress\/wp-json\/wp\/v2\/comments?post=11882"}],"version-history":[{"count":18,"href":"https:\/\/lafilledecorinthe.com\/wordpress\/wp-json\/wp\/v2\/posts\/11882\/revisions"}],"predecessor-version":[{"id":14555,"href":"https:\/\/lafilledecorinthe.com\/wordpress\/wp-json\/wp\/v2\/posts\/11882\/revisions\/14555"}],"wp:featuredmedia":[{"embeddable":true,"href":"https:\/\/lafilledecorinthe.com\/wordpress\/wp-json\/wp\/v2\/media\/11925"}],"wp:attachment":[{"href":"https:\/\/lafilledecorinthe.com\/wordpress\/wp-json\/wp\/v2\/media?parent=11882"}],"wp:term":[{"taxonomy":"category","embeddable":true,"href":"https:\/\/lafilledecorinthe.com\/wordpress\/wp-json\/wp\/v2\/categories?post=11882"},{"taxonomy":"post_tag","embeddable":true,"href":"https:\/\/lafilledecorinthe.com\/wordpress\/wp-json\/wp\/v2\/tags?post=11882"}],"curies":[{"name":"wp","href":"https:\/\/api.w.org\/{rel}","templated":true}]}}