{"id":11878,"date":"2022-04-02T10:08:34","date_gmt":"2022-04-02T09:08:34","guid":{"rendered":"http:\/\/lafilledecorinthe.com\/wordpress\/?p=11878"},"modified":"2025-12-03T17:00:24","modified_gmt":"2025-12-03T16:00:24","slug":"theatre-dombres-une-porte-vers-limaginaire","status":"publish","type":"post","link":"https:\/\/lafilledecorinthe.com\/wordpress\/2022\/04\/theatre-dombres-une-porte-vers-limaginaire\/","title":{"rendered":"Th\u00e9\u00e2tre d\u2019ombres, une porte vers l\u2019imaginaire&#8230;"},"content":{"rendered":"\n<p><em>En travaillant avec la silhouette noire, j&rsquo;y ai pris go\u00fbt. Au d\u00e9part, je l&rsquo;ai faite parce que je n&rsquo;avais pas d&rsquo;argent. Ensuite, quand j&rsquo;ai eu quelque argent, j&rsquo;ai continu\u00e9 \u00e0 en faire parce que \u00e7a me plaisait. Et je trouve que \u00e7a s&rsquo;applique tr\u00e8s bien au conte. Le th\u00e9\u00e2tre d&rsquo;ombre c&rsquo;est une nuit magique o\u00f9 tout peut arriver. Il y a une puret\u00e9 qui n&rsquo;est pas l\u00e0 avec l&rsquo;image ordinaire.&nbsp; &nbsp; &nbsp; &nbsp; &nbsp; &nbsp; &nbsp; &nbsp; Michel Ocelot, artificier de l&rsquo;imaginaire<\/em>, Silvana Editoriale, 2021<\/p>\n\n\n\n<p>Formation <em>Ma Premi\u00e8re S\u00e9ance <\/em>avec <em>Cin\u00e9mas93&nbsp; &nbsp; &nbsp; &nbsp; &nbsp; &nbsp; &nbsp; &nbsp; &nbsp; &nbsp; &nbsp; &nbsp; &nbsp; &nbsp; &nbsp; &nbsp; &nbsp; &nbsp; &nbsp; &nbsp; &nbsp; &nbsp; &nbsp; &nbsp; &nbsp; &nbsp; &nbsp; &nbsp; &nbsp; &nbsp; &nbsp; &nbsp; &nbsp; <\/em>Mercredi&nbsp;6 avril 2022 \u00e0 l&rsquo;INSP\u00c9 de Livry-Gargan<\/p>\n\n\n\n<p>Documents \u00e0 t\u00e9l\u00e9charger :&nbsp;<a href=\"https:\/\/lafilledecorinthe.com\/wordpress\/wp-content\/uploads\/2022\/04\/Biblio-sitographie-.pdf\">Biblio-sitographie<\/a>,&nbsp;<a href=\"https:\/\/lafilledecorinthe.com\/wordpress\/wp-content\/uploads\/2022\/04\/Thumbelina-Lotte-Reiniger-1954-.pdf\">Thumbelina, Lotte Reiniger, 1954<\/a>,&nbsp;<a href=\"https:\/\/lafilledecorinthe.com\/wordpress\/wp-content\/uploads\/2022\/04\/A\u0300-la-belle-e\u0301toile-me\u0301mory-des-paires-.pdf\">A\u0300 la belle e\u0301toile, me\u0301mory des paires<\/a>,&nbsp;<a href=\"https:\/\/lafilledecorinthe.com\/wordpress\/wp-content\/uploads\/2022\/04\/Shaun-Les-ombres-chinoises-.pdf\">Shaun, Les ombres chinoises<\/a><\/p>\n\n\n<div class=\"wp-block-image\">\n<figure class=\"aligncenter\"><a href=\"https:\/\/lafilledecorinthe.com\/wordpress\/wp-content\/uploads\/2022\/04\/Capture-d\u2019e\u0301cran-2022-04-02-a\u0300-11.02.04.png\"><img loading=\"lazy\" decoding=\"async\" width=\"1266\" height=\"876\" src=\"https:\/\/lafilledecorinthe.com\/wordpress\/wp-content\/uploads\/2022\/04\/Capture-d\u2019e\u0301cran-2022-04-02-a\u0300-11.02.04.png\" alt=\"Capture d\u2019e\u0301cran 2022-04-02 a\u0300 11.02.04\" class=\"wp-image-11896\" srcset=\"https:\/\/lafilledecorinthe.com\/wordpress\/wp-content\/uploads\/2022\/04\/Capture-d\u2019e\u0301cran-2022-04-02-a\u0300-11.02.04.png 1266w, https:\/\/lafilledecorinthe.com\/wordpress\/wp-content\/uploads\/2022\/04\/Capture-d\u2019e\u0301cran-2022-04-02-a\u0300-11.02.04-680x471.png 680w, https:\/\/lafilledecorinthe.com\/wordpress\/wp-content\/uploads\/2022\/04\/Capture-d\u2019e\u0301cran-2022-04-02-a\u0300-11.02.04-434x300.png 434w\" sizes=\"auto, (max-width: 1266px) 100vw, 1266px\" \/><\/a><figcaption class=\"wp-element-caption\">Jeux d&rsquo;ombres dans les albums et les films&#8230;<\/figcaption><\/figure>\n<\/div>\n\n\n<p><em>La Fourmi<\/em> de Robert Desnos mise en sc\u00e8ne par un groupe d&rsquo;enseignants talentueux !<\/p>\n\n\n<div class=\"wp-block-image\">\n<figure class=\"aligncenter\"><img loading=\"lazy\" decoding=\"async\" width=\"1732\" height=\"694\" src=\"https:\/\/lafilledecorinthe.com\/wordpress\/wp-content\/uploads\/2022\/04\/1.png\" alt=\"1\" class=\"wp-image-11914\" srcset=\"https:\/\/lafilledecorinthe.com\/wordpress\/wp-content\/uploads\/2022\/04\/1.png 1732w, https:\/\/lafilledecorinthe.com\/wordpress\/wp-content\/uploads\/2022\/04\/1-680x272.png 680w, https:\/\/lafilledecorinthe.com\/wordpress\/wp-content\/uploads\/2022\/04\/1-1280x513.png 1280w, https:\/\/lafilledecorinthe.com\/wordpress\/wp-content\/uploads\/2022\/04\/1-500x200.png 500w\" sizes=\"auto, (max-width: 1732px) 100vw, 1732px\" \/><\/figure>\n<\/div>\n\n\n<p><\/p>\n\n\n<div class=\"wp-block-image\">\n<figure class=\"aligncenter\"><img loading=\"lazy\" decoding=\"async\" width=\"1732\" height=\"698\" src=\"https:\/\/lafilledecorinthe.com\/wordpress\/wp-content\/uploads\/2022\/04\/2.png\" alt=\"2\" class=\"wp-image-11915\" srcset=\"https:\/\/lafilledecorinthe.com\/wordpress\/wp-content\/uploads\/2022\/04\/2.png 1732w, https:\/\/lafilledecorinthe.com\/wordpress\/wp-content\/uploads\/2022\/04\/2-680x274.png 680w, https:\/\/lafilledecorinthe.com\/wordpress\/wp-content\/uploads\/2022\/04\/2-1280x516.png 1280w, https:\/\/lafilledecorinthe.com\/wordpress\/wp-content\/uploads\/2022\/04\/2-500x202.png 500w\" sizes=\"auto, (max-width: 1732px) 100vw, 1732px\" \/><\/figure>\n<\/div>\n\n\n<p><\/p>\n\n\n<div class=\"wp-block-image\">\n<figure class=\"aligncenter\"><a href=\"https:\/\/lafilledecorinthe.com\/wordpress\/wp-content\/uploads\/2022\/04\/3.png\"><img loading=\"lazy\" decoding=\"async\" width=\"1732\" height=\"698\" src=\"https:\/\/lafilledecorinthe.com\/wordpress\/wp-content\/uploads\/2022\/04\/3.png\" alt=\"3\" class=\"wp-image-11916\" srcset=\"https:\/\/lafilledecorinthe.com\/wordpress\/wp-content\/uploads\/2022\/04\/3.png 1732w, https:\/\/lafilledecorinthe.com\/wordpress\/wp-content\/uploads\/2022\/04\/3-680x274.png 680w, https:\/\/lafilledecorinthe.com\/wordpress\/wp-content\/uploads\/2022\/04\/3-1280x516.png 1280w, https:\/\/lafilledecorinthe.com\/wordpress\/wp-content\/uploads\/2022\/04\/3-500x202.png 500w\" sizes=\"auto, (max-width: 1732px) 100vw, 1732px\" \/><\/a><\/figure>\n<\/div>\n\n\n<p><\/p>\n\n\n<div class=\"wp-block-image\">\n<figure class=\"aligncenter\"><a href=\"https:\/\/lafilledecorinthe.com\/wordpress\/wp-content\/uploads\/2022\/04\/4.png\"><img loading=\"lazy\" decoding=\"async\" width=\"1732\" height=\"698\" src=\"https:\/\/lafilledecorinthe.com\/wordpress\/wp-content\/uploads\/2022\/04\/4.png\" alt=\"4\" class=\"wp-image-11917\" srcset=\"https:\/\/lafilledecorinthe.com\/wordpress\/wp-content\/uploads\/2022\/04\/4.png 1732w, https:\/\/lafilledecorinthe.com\/wordpress\/wp-content\/uploads\/2022\/04\/4-680x274.png 680w, https:\/\/lafilledecorinthe.com\/wordpress\/wp-content\/uploads\/2022\/04\/4-1280x516.png 1280w, https:\/\/lafilledecorinthe.com\/wordpress\/wp-content\/uploads\/2022\/04\/4-500x202.png 500w\" sizes=\"auto, (max-width: 1732px) 100vw, 1732px\" \/><\/a><\/figure>\n<\/div>\n\n\n<p><\/p>\n\n\n\n<p>Un petit&nbsp;bijou&nbsp;de Lotte Reiniger, <em>Poucette, <\/em>1954<\/p>\n\n\n\n<div style=\"position: relative; padding-bottom: 56.25%; height: 0; overflow: hidden;\"><iframe loading=\"lazy\" style=\"width: 100%; height: 100%; position: absolute; left: 0px; top: 0px; overflow: hidden;\" src=\"https:\/\/www.dailymotion.com\/embed\/video\/x2z8dw5\" width=\"100%\" height=\"100%\" frameborder=\"0\" allowfullscreen=\"allowfullscreen\"> <\/iframe><\/div>\n","protected":false},"excerpt":{"rendered":"<p>En travaillant avec la silhouette noire, j&rsquo;y ai pris go\u00fbt. Au d\u00e9part, je l&rsquo;ai faite parce que je n&rsquo;avais pas d&rsquo;argent. Ensuite, quand j&rsquo;ai eu quelque argent, j&rsquo;ai continu\u00e9 \u00e0 en faire parce que \u00e7a me plaisait. Et je trouve que \u00e7a s&rsquo;applique tr\u00e8s bien au conte. Le th\u00e9\u00e2tre d&rsquo;ombre c&rsquo;est une nuit magique o\u00f9&#8230;<\/p>\n","protected":false},"author":2,"featured_media":11895,"comment_status":"open","ping_status":"open","sticky":false,"template":"","format":"standard","meta":{"_kad_post_transparent":"","_kad_post_title":"","_kad_post_layout":"","_kad_post_sidebar_id":"","_kad_post_content_style":"","_kad_post_vertical_padding":"","_kad_post_feature":"","_kad_post_feature_position":"","_kad_post_header":false,"_kad_post_footer":false,"_kad_post_classname":"","footnotes":""},"categories":[8],"tags":[2194,1554,253,600,1019,2195,2055,2197,2193,1982,2196],"class_list":["post-11878","post","type-post","status-publish","format-standard","has-post-thumbnail","hentry","category-formations-adultes","tag-a-la-belle-etoile","tag-cinemas93","tag-lotte-reiniger","tag-ma-premiere-seance","tag-michel-ocelot","tag-poucette","tag-rita-crocodile","tag-robert-desnos","tag-siri-melkior","tag-theatre-dombres","tag-une-fourmi-de-18-metres"],"_links":{"self":[{"href":"https:\/\/lafilledecorinthe.com\/wordpress\/wp-json\/wp\/v2\/posts\/11878","targetHints":{"allow":["GET"]}}],"collection":[{"href":"https:\/\/lafilledecorinthe.com\/wordpress\/wp-json\/wp\/v2\/posts"}],"about":[{"href":"https:\/\/lafilledecorinthe.com\/wordpress\/wp-json\/wp\/v2\/types\/post"}],"author":[{"embeddable":true,"href":"https:\/\/lafilledecorinthe.com\/wordpress\/wp-json\/wp\/v2\/users\/2"}],"replies":[{"embeddable":true,"href":"https:\/\/lafilledecorinthe.com\/wordpress\/wp-json\/wp\/v2\/comments?post=11878"}],"version-history":[{"count":15,"href":"https:\/\/lafilledecorinthe.com\/wordpress\/wp-json\/wp\/v2\/posts\/11878\/revisions"}],"predecessor-version":[{"id":14437,"href":"https:\/\/lafilledecorinthe.com\/wordpress\/wp-json\/wp\/v2\/posts\/11878\/revisions\/14437"}],"wp:featuredmedia":[{"embeddable":true,"href":"https:\/\/lafilledecorinthe.com\/wordpress\/wp-json\/wp\/v2\/media\/11895"}],"wp:attachment":[{"href":"https:\/\/lafilledecorinthe.com\/wordpress\/wp-json\/wp\/v2\/media?parent=11878"}],"wp:term":[{"taxonomy":"category","embeddable":true,"href":"https:\/\/lafilledecorinthe.com\/wordpress\/wp-json\/wp\/v2\/categories?post=11878"},{"taxonomy":"post_tag","embeddable":true,"href":"https:\/\/lafilledecorinthe.com\/wordpress\/wp-json\/wp\/v2\/tags?post=11878"}],"curies":[{"name":"wp","href":"https:\/\/api.w.org\/{rel}","templated":true}]}}