{"id":11869,"date":"2022-05-09T08:44:30","date_gmt":"2022-05-09T07:44:30","guid":{"rendered":"http:\/\/lafilledecorinthe.com\/wordpress\/?p=11869"},"modified":"2025-11-29T15:21:25","modified_gmt":"2025-11-29T14:21:25","slug":"321-action-au-jeu-de-paume-2","status":"publish","type":"post","link":"https:\/\/lafilledecorinthe.com\/wordpress\/2022\/05\/321-action-au-jeu-de-paume-2\/","title":{"rendered":"\u00ab\u00a03,2,1, action !\u00a0\u00bb au Jeu de Paume &#8211; 2"},"content":{"rendered":"\n<blockquote class=\"wp-block-quote is-layout-flow wp-block-quote-is-layout-flow\">\n<p><em>Le mirage est cousin de la r\u00e9flexion, un obstacle d\u00e9vie la pens\u00e9e. Penser signifie changer de direction, \u00eatre en mouvement, se heurter \u00e0 l&rsquo;obstacle, prendre des d\u00e9tours. Les pens\u00e9es sont libres, qui peut les deviner ? Elles filent comme des ombres dans la nuit.<\/em><br>Katinka Bock,\u00a0<em>Fata Morgana, <\/em>Jeu de Paume \/ Manuella \u00e9ditions, 2022<\/p>\n<\/blockquote>\n\n\n\n<p>La premi\u00e8re \u00e9dition du festival <em>Fata Morgana <\/em>invite&nbsp;les spectateurs, petits et grands, \u00e0 dialoguer avec une riche s\u00e9lection d&rsquo;\u0153uvres contemporaines&nbsp;sur la question essentielle ; \u00ab\u00a0<em>Qu&rsquo;est-ce que voir ?<\/em>\u00ab\u00a0. Parmi elles, <em>Bain de lumi\u00e8re <\/em>de l&rsquo;artiste Ann Veronica Janssens&nbsp; permet de revenir aux origines de la photographie et de&nbsp;s&rsquo;amuser avec sa perception.<\/p>\n\n\n<div class=\"wp-block-image\">\n<figure class=\"aligncenter\"><a href=\"https:\/\/lafilledecorinthe.com\/wordpress\/wp-content\/uploads\/2022\/04\/3-.png\"><img loading=\"lazy\" decoding=\"async\" width=\"1660\" height=\"868\" src=\"https:\/\/lafilledecorinthe.com\/wordpress\/wp-content\/uploads\/2022\/04\/3-.png\" alt=\"3-\" class=\"wp-image-11903\" srcset=\"https:\/\/lafilledecorinthe.com\/wordpress\/wp-content\/uploads\/2022\/04\/3-.png 1660w, https:\/\/lafilledecorinthe.com\/wordpress\/wp-content\/uploads\/2022\/04\/3--680x356.png 680w, https:\/\/lafilledecorinthe.com\/wordpress\/wp-content\/uploads\/2022\/04\/3--1280x669.png 1280w, https:\/\/lafilledecorinthe.com\/wordpress\/wp-content\/uploads\/2022\/04\/3--500x261.png 500w\" sizes=\"auto, (max-width: 1660px) 100vw, 1660px\" \/><\/a><figcaption class=\"wp-element-caption\">\u00ab\u00a0Le bain de lumi\u00e8re\u00a0\u00bb, Ann Veronica Janssens, 1998<\/figcaption><\/figure>\n<\/div>\n\n<div class=\"wp-block-image\">\n<figure class=\"aligncenter\"><a href=\"https:\/\/lafilledecorinthe.com\/wordpress\/wp-content\/uploads\/2022\/05\/Capture-d\u2019e\u0301cran-2022-05-09-a\u0300-08.58.23.png\"><img loading=\"lazy\" decoding=\"async\" width=\"1276\" height=\"650\" src=\"https:\/\/lafilledecorinthe.com\/wordpress\/wp-content\/uploads\/2022\/05\/Capture-d\u2019e\u0301cran-2022-05-09-a\u0300-08.58.23.png\" alt=\"Capture d\u2019e\u0301cran 2022-05-09 a\u0300 08.58.23\" class=\"wp-image-11944\" srcset=\"https:\/\/lafilledecorinthe.com\/wordpress\/wp-content\/uploads\/2022\/05\/Capture-d\u2019e\u0301cran-2022-05-09-a\u0300-08.58.23.png 1276w, https:\/\/lafilledecorinthe.com\/wordpress\/wp-content\/uploads\/2022\/05\/Capture-d\u2019e\u0301cran-2022-05-09-a\u0300-08.58.23-680x346.png 680w, https:\/\/lafilledecorinthe.com\/wordpress\/wp-content\/uploads\/2022\/05\/Capture-d\u2019e\u0301cran-2022-05-09-a\u0300-08.58.23-500x255.png 500w\" sizes=\"auto, (max-width: 1276px) 100vw, 1276px\" \/><\/a><figcaption class=\"wp-element-caption\">3- Regards partag\u00e9s sur une oeuvre de l&rsquo;exposition<\/figcaption><\/figure>\n<\/div>\n\n\n<p>Dans l&rsquo;auditorium les familles ont ensuite d\u00e9couvert le tr\u00e8s beau court m\u00e9trage d&rsquo;Anne Huynh adapt\u00e9 du po\u00e8me de Jacques Pr\u00e9vert, <a href=\"https:\/\/vimeo.com\/125800116\" target=\"_blank\" rel=\"noopener\"><em>L&rsquo;\u00e9cole des beaux-arts<\/em><\/a>.<\/p>\n\n\n<div class=\"wp-block-image\">\n<figure class=\"aligncenter\"><a href=\"https:\/\/lafilledecorinthe.com\/wordpress\/wp-content\/uploads\/2022\/05\/Capture-d\u2019e\u0301cran-2022-05-09-a\u0300-09.27.53.png\"><img loading=\"lazy\" decoding=\"async\" width=\"1792\" height=\"650\" src=\"https:\/\/lafilledecorinthe.com\/wordpress\/wp-content\/uploads\/2022\/05\/Capture-d\u2019e\u0301cran-2022-05-09-a\u0300-09.27.53.png\" alt=\"Capture d\u2019e\u0301cran 2022-05-09 a\u0300 09.27.53\" class=\"wp-image-11947\" srcset=\"https:\/\/lafilledecorinthe.com\/wordpress\/wp-content\/uploads\/2022\/05\/Capture-d\u2019e\u0301cran-2022-05-09-a\u0300-09.27.53.png 1792w, https:\/\/lafilledecorinthe.com\/wordpress\/wp-content\/uploads\/2022\/05\/Capture-d\u2019e\u0301cran-2022-05-09-a\u0300-09.27.53-680x247.png 680w, https:\/\/lafilledecorinthe.com\/wordpress\/wp-content\/uploads\/2022\/05\/Capture-d\u2019e\u0301cran-2022-05-09-a\u0300-09.27.53-1280x464.png 1280w, https:\/\/lafilledecorinthe.com\/wordpress\/wp-content\/uploads\/2022\/05\/Capture-d\u2019e\u0301cran-2022-05-09-a\u0300-09.27.53-500x181.png 500w\" sizes=\"auto, (max-width: 1792px) 100vw, 1792px\" \/><\/a><figcaption class=\"wp-element-caption\">2- Projection du court m\u00e9trage \u00ab\u00a0L&rsquo;\u00e9cole des beaux-arts\u00a0\u00bb, En sortant de l&rsquo;\u00e9cole, 2014<\/figcaption><\/figure>\n<\/div>\n\n\n<p>Place enfin \u00e0 l&rsquo;action, jouer au \u00ab\u00a0Jeu des formes \u00a0\u00bb en famille !<\/p>\n\n\n<div class=\"wp-block-image\">\n<figure class=\"aligncenter\"><a href=\"https:\/\/lafilledecorinthe.com\/wordpress\/wp-content\/uploads\/2022\/04\/jeux-des-formes.png\"><img loading=\"lazy\" decoding=\"async\" width=\"1860\" height=\"866\" src=\"https:\/\/lafilledecorinthe.com\/wordpress\/wp-content\/uploads\/2022\/04\/jeux-des-formes.png\" alt=\"jeux des formes\" class=\"wp-image-11905\" srcset=\"https:\/\/lafilledecorinthe.com\/wordpress\/wp-content\/uploads\/2022\/04\/jeux-des-formes.png 1860w, https:\/\/lafilledecorinthe.com\/wordpress\/wp-content\/uploads\/2022\/04\/jeux-des-formes-680x317.png 680w, https:\/\/lafilledecorinthe.com\/wordpress\/wp-content\/uploads\/2022\/04\/jeux-des-formes-1280x596.png 1280w, https:\/\/lafilledecorinthe.com\/wordpress\/wp-content\/uploads\/2022\/04\/jeux-des-formes-500x233.png 500w\" sizes=\"auto, (max-width: 1860px) 100vw, 1860px\" \/><\/a><figcaption class=\"wp-element-caption\">1- action !<\/figcaption><\/figure>\n<\/div>\n\n<div class=\"wp-block-image\">\n<figure class=\"aligncenter\"><a href=\"https:\/\/lafilledecorinthe.com\/wordpress\/wp-content\/uploads\/2022\/04\/jeux-des-formes3.png\"><img loading=\"lazy\" decoding=\"async\" width=\"1484\" height=\"866\" src=\"https:\/\/lafilledecorinthe.com\/wordpress\/wp-content\/uploads\/2022\/04\/jeux-des-formes3.png\" alt=\"jeux des formes3\" class=\"wp-image-11906\" srcset=\"https:\/\/lafilledecorinthe.com\/wordpress\/wp-content\/uploads\/2022\/04\/jeux-des-formes3.png 1484w, https:\/\/lafilledecorinthe.com\/wordpress\/wp-content\/uploads\/2022\/04\/jeux-des-formes3-680x397.png 680w, https:\/\/lafilledecorinthe.com\/wordpress\/wp-content\/uploads\/2022\/04\/jeux-des-formes3-1280x747.png 1280w, https:\/\/lafilledecorinthe.com\/wordpress\/wp-content\/uploads\/2022\/04\/jeux-des-formes3-500x292.png 500w\" sizes=\"auto, (max-width: 1484px) 100vw, 1484px\" \/><\/a><figcaption class=\"wp-element-caption\">1- action !<\/figcaption><\/figure>\n<\/div>\n\n<div class=\"wp-block-image\">\n<figure class=\"aligncenter\"><a href=\"https:\/\/lafilledecorinthe.com\/wordpress\/wp-content\/uploads\/2022\/05\/Capture-d\u2019e\u0301cran-2022-05-09-a\u0300-09.33.39.png\"><img loading=\"lazy\" decoding=\"async\" width=\"1542\" height=\"650\" src=\"https:\/\/lafilledecorinthe.com\/wordpress\/wp-content\/uploads\/2022\/05\/Capture-d\u2019e\u0301cran-2022-05-09-a\u0300-09.33.39.png\" alt=\"Capture d\u2019e\u0301cran 2022-05-09 a\u0300 09.33.39\" class=\"wp-image-11948\" srcset=\"https:\/\/lafilledecorinthe.com\/wordpress\/wp-content\/uploads\/2022\/05\/Capture-d\u2019e\u0301cran-2022-05-09-a\u0300-09.33.39.png 1542w, https:\/\/lafilledecorinthe.com\/wordpress\/wp-content\/uploads\/2022\/05\/Capture-d\u2019e\u0301cran-2022-05-09-a\u0300-09.33.39-680x287.png 680w, https:\/\/lafilledecorinthe.com\/wordpress\/wp-content\/uploads\/2022\/05\/Capture-d\u2019e\u0301cran-2022-05-09-a\u0300-09.33.39-1280x540.png 1280w, https:\/\/lafilledecorinthe.com\/wordpress\/wp-content\/uploads\/2022\/05\/Capture-d\u2019e\u0301cran-2022-05-09-a\u0300-09.33.39-500x211.png 500w\" sizes=\"auto, (max-width: 1542px) 100vw, 1542px\" \/><\/a><figcaption class=\"wp-element-caption\">1- action !<\/figcaption><\/figure>\n<\/div>\n\n\n<p>Pour prolonger l&rsquo;exposition,&nbsp;<a href=\"https:\/\/lafilledecorinthe.com\/wordpress\/wp-content\/uploads\/2022\/05\/Du-co\u0302te\u0301-des-livres-....pdf\">Du co\u0302te\u0301 des livres &#8230;<\/a><\/p>\n","protected":false},"excerpt":{"rendered":"<p>Le mirage est cousin de la r\u00e9flexion, un obstacle d\u00e9vie la pens\u00e9e. Penser signifie changer de direction, \u00eatre en mouvement, se heurter \u00e0 l&rsquo;obstacle, prendre des d\u00e9tours. Les pens\u00e9es sont libres, qui peut les deviner ? Elles filent comme des ombres dans la nuit.Katinka Bock,\u00a0Fata Morgana, Jeu de Paume \/ Manuella \u00e9ditions, 2022 La premi\u00e8re&#8230;<\/p>\n","protected":false},"author":2,"featured_media":11900,"comment_status":"open","ping_status":"open","sticky":false,"template":"","format":"standard","meta":{"_kad_post_transparent":"","_kad_post_title":"","_kad_post_layout":"","_kad_post_sidebar_id":"","_kad_post_content_style":"","_kad_post_vertical_padding":"","_kad_post_feature":"","_kad_post_feature_position":"","_kad_post_header":false,"_kad_post_footer":false,"_kad_post_classname":"","footnotes":""},"categories":[7],"tags":[2201,1332,1333,2202,2204,2206,2203,2205,48,2207,1828],"class_list":["post-11869","post","type-post","status-publish","format-standard","has-post-thumbnail","hentry","category-ateliers-enfants","tag-2201","tag-1332","tag-1333","tag-action","tag-ann-veronica-janssens","tag-anne-huynh","tag-bain-de-lumiere","tag-jacques-prevert","tag-jeu-de-paume","tag-jeu-des-formes","tag-lecole-des-beaux-arts"],"_links":{"self":[{"href":"https:\/\/lafilledecorinthe.com\/wordpress\/wp-json\/wp\/v2\/posts\/11869","targetHints":{"allow":["GET"]}}],"collection":[{"href":"https:\/\/lafilledecorinthe.com\/wordpress\/wp-json\/wp\/v2\/posts"}],"about":[{"href":"https:\/\/lafilledecorinthe.com\/wordpress\/wp-json\/wp\/v2\/types\/post"}],"author":[{"embeddable":true,"href":"https:\/\/lafilledecorinthe.com\/wordpress\/wp-json\/wp\/v2\/users\/2"}],"replies":[{"embeddable":true,"href":"https:\/\/lafilledecorinthe.com\/wordpress\/wp-json\/wp\/v2\/comments?post=11869"}],"version-history":[{"count":15,"href":"https:\/\/lafilledecorinthe.com\/wordpress\/wp-json\/wp\/v2\/posts\/11869\/revisions"}],"predecessor-version":[{"id":14302,"href":"https:\/\/lafilledecorinthe.com\/wordpress\/wp-json\/wp\/v2\/posts\/11869\/revisions\/14302"}],"wp:featuredmedia":[{"embeddable":true,"href":"https:\/\/lafilledecorinthe.com\/wordpress\/wp-json\/wp\/v2\/media\/11900"}],"wp:attachment":[{"href":"https:\/\/lafilledecorinthe.com\/wordpress\/wp-json\/wp\/v2\/media?parent=11869"}],"wp:term":[{"taxonomy":"category","embeddable":true,"href":"https:\/\/lafilledecorinthe.com\/wordpress\/wp-json\/wp\/v2\/categories?post=11869"},{"taxonomy":"post_tag","embeddable":true,"href":"https:\/\/lafilledecorinthe.com\/wordpress\/wp-json\/wp\/v2\/tags?post=11869"}],"curies":[{"name":"wp","href":"https:\/\/api.w.org\/{rel}","templated":true}]}}