{"id":11609,"date":"2021-12-18T09:52:15","date_gmt":"2021-12-18T08:52:15","guid":{"rendered":"http:\/\/lafilledecorinthe.com\/wordpress\/?p=11609"},"modified":"2025-11-29T15:26:07","modified_gmt":"2025-11-29T14:26:07","slug":"entre-deux-clics-a-la-mediatheque-de-charenton-le-pont","status":"publish","type":"post","link":"https:\/\/lafilledecorinthe.com\/wordpress\/2021\/12\/entre-deux-clics-a-la-mediatheque-de-charenton-le-pont\/","title":{"rendered":"\u00ab\u00a0Entre deux clics\u00a0\u00bb \u00e0 la m\u00e9diath\u00e8que de Charenton-le-Pont"},"content":{"rendered":"\n<blockquote class=\"wp-block-quote is-layout-flow wp-block-quote-is-layout-flow\">\n<p><em>Nous avons grandi \u00e0 une \u00e9poque o\u00f9 les images \u00e9taient rares, et maintenant que nous les utilisons presque comme une seconde nature, il peut sembler que nous en abusons. Mais dirions-nous que nous sommes devenus accros aux mots ? Si l&rsquo;on compare notre \u00e9poque avec les temps pass\u00e9s, o\u00f9 les gens \u00e9taient analphab\u00e8tes, dirions-nous que maintenant que nous savons \u00e9crire, nous sommes devenus accros \u00e0 l&rsquo;\u00e9criture ? Tout d\u00e9pend de l&rsquo;usage que l&rsquo;on fait de l&rsquo;\u00e9criture et de l&rsquo;image. Une utilisation g\u00e9n\u00e9ralis\u00e9e n&rsquo;est pas nocive en soi.<\/em><br>Joan Fontcuberta, <a href=\"https:\/\/www.barcelona.cat\/bcnmetropolis\/2007-2017\/en\/entrevista\/joan-fontcuberta-benvinguts-a-lera-postfotografica\/\" target=\"_blank\" rel=\"noopener\">Welcome to the post-photographic era<\/a>, Albert Forms<\/p>\n<\/blockquote>\n\n\n\n<p>D\u00e9but d\u00e9cembre deux ateliers <em>photo-vid\u00e9o<\/em> ont \u00e9t\u00e9 propos\u00e9s&nbsp;\u00e0 la m\u00e9diath\u00e8que <em>Des Quais<\/em> de Charenton. Le premier,&nbsp;<em>Image de soi, du selfie au sleeveface, <\/em>permettait d&rsquo;inscrire ces pratiques contemporaines dans une histoire de&nbsp;la repr\u00e9sentation de soi.<\/p>\n\n\n<div class=\"wp-block-image\">\n<figure class=\"aligncenter\"><a href=\"https:\/\/lafilledecorinthe.com\/wordpress\/wp-content\/uploads\/2021\/12\/selfie.jpg\"><img loading=\"lazy\" decoding=\"async\" width=\"2048\" height=\"704\" src=\"https:\/\/lafilledecorinthe.com\/wordpress\/wp-content\/uploads\/2021\/12\/selfie.jpg\" alt=\"selfie\" class=\"wp-image-11708\" srcset=\"https:\/\/lafilledecorinthe.com\/wordpress\/wp-content\/uploads\/2021\/12\/selfie.jpg 2048w, https:\/\/lafilledecorinthe.com\/wordpress\/wp-content\/uploads\/2021\/12\/selfie-680x234.jpg 680w, https:\/\/lafilledecorinthe.com\/wordpress\/wp-content\/uploads\/2021\/12\/selfie-1280x440.jpg 1280w, https:\/\/lafilledecorinthe.com\/wordpress\/wp-content\/uploads\/2021\/12\/selfie-500x172.jpg 500w\" sizes=\"auto, (max-width: 2048px) 100vw, 2048px\" \/><\/a><figcaption class=\"wp-element-caption\">Le \u00ab\u00a0selfie\u00a0\u00bb, \u00e9lu mot de l&rsquo;ann\u00e9e par les Dictionnaires d&rsquo;Oxford en 2013.<\/figcaption><\/figure>\n<\/div>\n\n<div class=\"wp-block-image\">\n<figure class=\"aligncenter\"><a href=\"https:\/\/lafilledecorinthe.com\/wordpress\/wp-content\/uploads\/2021\/12\/Capture-d\u2019\u00e9cran-2021-12-18-\u00e0-08.29.21.jpg\"><img loading=\"lazy\" decoding=\"async\" width=\"1684\" height=\"704\" src=\"https:\/\/lafilledecorinthe.com\/wordpress\/wp-content\/uploads\/2021\/12\/Capture-d\u2019\u00e9cran-2021-12-18-\u00e0-08.29.21.jpg\" alt=\"Capture d\u2019\u00e9cran 2021-12-18 \u00e0 08.29.21\" class=\"wp-image-11709\" srcset=\"https:\/\/lafilledecorinthe.com\/wordpress\/wp-content\/uploads\/2021\/12\/Capture-d\u2019\u00e9cran-2021-12-18-\u00e0-08.29.21.jpg 1684w, https:\/\/lafilledecorinthe.com\/wordpress\/wp-content\/uploads\/2021\/12\/Capture-d\u2019\u00e9cran-2021-12-18-\u00e0-08.29.21-680x284.jpg 680w, https:\/\/lafilledecorinthe.com\/wordpress\/wp-content\/uploads\/2021\/12\/Capture-d\u2019\u00e9cran-2021-12-18-\u00e0-08.29.21-1280x535.jpg 1280w, https:\/\/lafilledecorinthe.com\/wordpress\/wp-content\/uploads\/2021\/12\/Capture-d\u2019\u00e9cran-2021-12-18-\u00e0-08.29.21-500x209.jpg 500w\" sizes=\"auto, (max-width: 1684px) 100vw, 1684px\" \/><\/a><figcaption class=\"wp-element-caption\">Comment se cacher tout en se r\u00e9v\u00e9lant ? \/ Comment se r\u00e9v\u00e9ler tout en se cachant ?<\/figcaption><\/figure>\n<\/div>\n\n<div class=\"wp-block-image\">\n<figure class=\"aligncenter\"><a href=\"https:\/\/lafilledecorinthe.com\/wordpress\/wp-content\/uploads\/2021\/12\/Capture-d\u2019\u00e9cran-2021-12-18-\u00e0-08.34.33.jpg\"><img loading=\"lazy\" decoding=\"async\" width=\"1886\" height=\"704\" src=\"https:\/\/lafilledecorinthe.com\/wordpress\/wp-content\/uploads\/2021\/12\/Capture-d\u2019\u00e9cran-2021-12-18-\u00e0-08.34.33.jpg\" alt=\"Capture d\u2019\u00e9cran 2021-12-18 \u00e0 08.34.33\" class=\"wp-image-11710\" srcset=\"https:\/\/lafilledecorinthe.com\/wordpress\/wp-content\/uploads\/2021\/12\/Capture-d\u2019\u00e9cran-2021-12-18-\u00e0-08.34.33.jpg 1886w, https:\/\/lafilledecorinthe.com\/wordpress\/wp-content\/uploads\/2021\/12\/Capture-d\u2019\u00e9cran-2021-12-18-\u00e0-08.34.33-680x254.jpg 680w, https:\/\/lafilledecorinthe.com\/wordpress\/wp-content\/uploads\/2021\/12\/Capture-d\u2019\u00e9cran-2021-12-18-\u00e0-08.34.33-1280x478.jpg 1280w, https:\/\/lafilledecorinthe.com\/wordpress\/wp-content\/uploads\/2021\/12\/Capture-d\u2019\u00e9cran-2021-12-18-\u00e0-08.34.33-500x187.jpg 500w\" sizes=\"auto, (max-width: 1886px) 100vw, 1886px\" \/><\/a><\/figure>\n<\/div>\n\n\n<p><\/p>\n\n\n<div class=\"wp-block-image\">\n<figure class=\"aligncenter\"><a href=\"https:\/\/lafilledecorinthe.com\/wordpress\/wp-content\/uploads\/2021\/12\/Capture-d\u2019\u00e9cran-2021-12-18-\u00e0-08.53.40.jpg\"><img loading=\"lazy\" decoding=\"async\" width=\"2070\" height=\"702\" src=\"https:\/\/lafilledecorinthe.com\/wordpress\/wp-content\/uploads\/2021\/12\/Capture-d\u2019\u00e9cran-2021-12-18-\u00e0-08.53.40.jpg\" alt=\"Capture d\u2019\u00e9cran 2021-12-18 \u00e0 08.53.40\" class=\"wp-image-11712\" srcset=\"https:\/\/lafilledecorinthe.com\/wordpress\/wp-content\/uploads\/2021\/12\/Capture-d\u2019\u00e9cran-2021-12-18-\u00e0-08.53.40.jpg 2070w, https:\/\/lafilledecorinthe.com\/wordpress\/wp-content\/uploads\/2021\/12\/Capture-d\u2019\u00e9cran-2021-12-18-\u00e0-08.53.40-680x231.jpg 680w, https:\/\/lafilledecorinthe.com\/wordpress\/wp-content\/uploads\/2021\/12\/Capture-d\u2019\u00e9cran-2021-12-18-\u00e0-08.53.40-1280x434.jpg 1280w, https:\/\/lafilledecorinthe.com\/wordpress\/wp-content\/uploads\/2021\/12\/Capture-d\u2019\u00e9cran-2021-12-18-\u00e0-08.53.40-500x170.jpg 500w\" sizes=\"auto, (max-width: 2070px) 100vw, 2070px\" \/><\/a><\/figure>\n<\/div>\n\n\n<p><\/p>\n\n\n\n<p>L&rsquo;objectif du deuxi\u00e8me atelier,&nbsp;<em>Image du monde, une minute d\u2019attention,<\/em><b>&nbsp;<\/b>\u00e9tait de tourner l&rsquo;objectif de la cam\u00e9ra vers les autres, salari\u00e9s ou usagers de la m\u00e9diath\u00e8que, et de r\u00e9aliser un plan s\u00e9quence d&rsquo;une minute environ.<\/p>\n\n\n<div class=\"wp-block-image\">\n<figure class=\"aligncenter\"><a href=\"https:\/\/lafilledecorinthe.com\/wordpress\/wp-content\/uploads\/2021\/12\/20211204_154841.jpeg\"><img loading=\"lazy\" decoding=\"async\" width=\"3353\" height=\"2477\" src=\"https:\/\/lafilledecorinthe.com\/wordpress\/wp-content\/uploads\/2021\/12\/20211204_154841.jpeg\" alt=\"20211204_154841\" class=\"wp-image-11713\" srcset=\"https:\/\/lafilledecorinthe.com\/wordpress\/wp-content\/uploads\/2021\/12\/20211204_154841.jpeg 3353w, https:\/\/lafilledecorinthe.com\/wordpress\/wp-content\/uploads\/2021\/12\/20211204_154841-680x502.jpeg 680w, https:\/\/lafilledecorinthe.com\/wordpress\/wp-content\/uploads\/2021\/12\/20211204_154841-1280x946.jpeg 1280w, https:\/\/lafilledecorinthe.com\/wordpress\/wp-content\/uploads\/2021\/12\/20211204_154841-406x300.jpeg 406w\" sizes=\"auto, (max-width: 3353px) 100vw, 3353px\" \/><\/a><\/figure>\n<\/div>\n\n\n<p><\/p>\n\n\n<div class=\"wp-block-image\">\n<figure class=\"aligncenter\"><a href=\"https:\/\/lafilledecorinthe.com\/wordpress\/wp-content\/uploads\/2021\/12\/Capture-d\u2019\u00e9cran-2021-12-18-\u00e0-09.08.38.jpg\"><img loading=\"lazy\" decoding=\"async\" width=\"2002\" height=\"648\" src=\"https:\/\/lafilledecorinthe.com\/wordpress\/wp-content\/uploads\/2021\/12\/Capture-d\u2019\u00e9cran-2021-12-18-\u00e0-09.08.38.jpg\" alt=\"Capture d\u2019\u00e9cran 2021-12-18 \u00e0 09.08.38\" class=\"wp-image-11714\" srcset=\"https:\/\/lafilledecorinthe.com\/wordpress\/wp-content\/uploads\/2021\/12\/Capture-d\u2019\u00e9cran-2021-12-18-\u00e0-09.08.38.jpg 2002w, https:\/\/lafilledecorinthe.com\/wordpress\/wp-content\/uploads\/2021\/12\/Capture-d\u2019\u00e9cran-2021-12-18-\u00e0-09.08.38-680x220.jpg 680w, https:\/\/lafilledecorinthe.com\/wordpress\/wp-content\/uploads\/2021\/12\/Capture-d\u2019\u00e9cran-2021-12-18-\u00e0-09.08.38-1280x414.jpg 1280w, https:\/\/lafilledecorinthe.com\/wordpress\/wp-content\/uploads\/2021\/12\/Capture-d\u2019\u00e9cran-2021-12-18-\u00e0-09.08.38-500x162.jpg 500w\" sizes=\"auto, (max-width: 2002px) 100vw, 2002px\" \/><\/a><figcaption class=\"wp-element-caption\">Nos r\u00e9f\u00e9rences : les vues Lumi\u00e8re, le projet <a href=\"https:\/\/www.eine-einstellung-zur-arbeit.net\/de\/filme\/\" target=\"_blank\" rel=\"noopener\">Eine Einstellung zur Arbeit<\/a> de Harun Farocki et d\u2019Antje Ehmann<\/figcaption><\/figure>\n<\/div>\n\n<div class=\"wp-block-image\">\n<figure class=\"aligncenter\"><a href=\"https:\/\/lafilledecorinthe.com\/wordpress\/wp-content\/uploads\/2021\/12\/Capture-d\u2019\u00e9cran-2021-12-18-\u00e0-09.18.08.jpg\"><img loading=\"lazy\" decoding=\"async\" width=\"1942\" height=\"702\" src=\"https:\/\/lafilledecorinthe.com\/wordpress\/wp-content\/uploads\/2021\/12\/Capture-d\u2019\u00e9cran-2021-12-18-\u00e0-09.18.08.jpg\" alt=\"Capture d\u2019\u00e9cran 2021-12-18 \u00e0 09.18.08\" class=\"wp-image-11715\" srcset=\"https:\/\/lafilledecorinthe.com\/wordpress\/wp-content\/uploads\/2021\/12\/Capture-d\u2019\u00e9cran-2021-12-18-\u00e0-09.18.08.jpg 1942w, https:\/\/lafilledecorinthe.com\/wordpress\/wp-content\/uploads\/2021\/12\/Capture-d\u2019\u00e9cran-2021-12-18-\u00e0-09.18.08-680x246.jpg 680w, https:\/\/lafilledecorinthe.com\/wordpress\/wp-content\/uploads\/2021\/12\/Capture-d\u2019\u00e9cran-2021-12-18-\u00e0-09.18.08-1280x463.jpg 1280w, https:\/\/lafilledecorinthe.com\/wordpress\/wp-content\/uploads\/2021\/12\/Capture-d\u2019\u00e9cran-2021-12-18-\u00e0-09.18.08-500x181.jpg 500w\" sizes=\"auto, (max-width: 1942px) 100vw, 1942px\" \/><\/a><\/figure>\n<\/div>\n\n\n<p><\/p>\n\n\n<div class=\"wp-block-image\">\n<figure class=\"aligncenter\"><img loading=\"lazy\" decoding=\"async\" width=\"2084\" height=\"702\" src=\"https:\/\/lafilledecorinthe.com\/wordpress\/wp-content\/uploads\/2021\/12\/Capture-d\u2019\u00e9cran-2021-12-18-\u00e0-09.24.56.jpg\" alt=\"Capture d\u2019\u00e9cran 2021-12-18 \u00e0 09.24.56\" class=\"wp-image-11716\" srcset=\"https:\/\/lafilledecorinthe.com\/wordpress\/wp-content\/uploads\/2021\/12\/Capture-d\u2019\u00e9cran-2021-12-18-\u00e0-09.24.56.jpg 2084w, https:\/\/lafilledecorinthe.com\/wordpress\/wp-content\/uploads\/2021\/12\/Capture-d\u2019\u00e9cran-2021-12-18-\u00e0-09.24.56-680x229.jpg 680w, https:\/\/lafilledecorinthe.com\/wordpress\/wp-content\/uploads\/2021\/12\/Capture-d\u2019\u00e9cran-2021-12-18-\u00e0-09.24.56-1280x431.jpg 1280w, https:\/\/lafilledecorinthe.com\/wordpress\/wp-content\/uploads\/2021\/12\/Capture-d\u2019\u00e9cran-2021-12-18-\u00e0-09.24.56-500x168.jpg 500w\" sizes=\"auto, (max-width: 2084px) 100vw, 2084px\" \/><\/figure>\n<\/div>\n\n\n<p><\/p>\n\n\n<div class=\"wp-block-image\">\n<figure class=\"aligncenter\"><a href=\"https:\/\/lafilledecorinthe.com\/wordpress\/wp-content\/uploads\/2021\/12\/Capture-d\u2019\u00e9cran-2021-12-18-\u00e0-09.32.36.jpg\"><img loading=\"lazy\" decoding=\"async\" width=\"2084\" height=\"706\" src=\"https:\/\/lafilledecorinthe.com\/wordpress\/wp-content\/uploads\/2021\/12\/Capture-d\u2019\u00e9cran-2021-12-18-\u00e0-09.32.36.jpg\" alt=\"Capture d\u2019\u00e9cran 2021-12-18 \u00e0 09.32.36\" class=\"wp-image-11718\" srcset=\"https:\/\/lafilledecorinthe.com\/wordpress\/wp-content\/uploads\/2021\/12\/Capture-d\u2019\u00e9cran-2021-12-18-\u00e0-09.32.36.jpg 2084w, https:\/\/lafilledecorinthe.com\/wordpress\/wp-content\/uploads\/2021\/12\/Capture-d\u2019\u00e9cran-2021-12-18-\u00e0-09.32.36-680x230.jpg 680w, https:\/\/lafilledecorinthe.com\/wordpress\/wp-content\/uploads\/2021\/12\/Capture-d\u2019\u00e9cran-2021-12-18-\u00e0-09.32.36-1280x434.jpg 1280w, https:\/\/lafilledecorinthe.com\/wordpress\/wp-content\/uploads\/2021\/12\/Capture-d\u2019\u00e9cran-2021-12-18-\u00e0-09.32.36-500x169.jpg 500w\" sizes=\"auto, (max-width: 2084px) 100vw, 2084px\" \/><\/a><\/figure>\n<\/div>\n\n\n<p><\/p>\n\n\n<div class=\"wp-block-image\">\n<figure class=\"aligncenter\"><a href=\"https:\/\/lafilledecorinthe.com\/wordpress\/wp-content\/uploads\/2021\/12\/Capture-d\u2019\u00e9cran-2021-12-18-\u00e0-09.42.23.jpg\"><img loading=\"lazy\" decoding=\"async\" width=\"1894\" height=\"702\" src=\"https:\/\/lafilledecorinthe.com\/wordpress\/wp-content\/uploads\/2021\/12\/Capture-d\u2019\u00e9cran-2021-12-18-\u00e0-09.42.23.jpg\" alt=\"Capture d\u2019\u00e9cran 2021-12-18 \u00e0 09.42.23\" class=\"wp-image-11720\" srcset=\"https:\/\/lafilledecorinthe.com\/wordpress\/wp-content\/uploads\/2021\/12\/Capture-d\u2019\u00e9cran-2021-12-18-\u00e0-09.42.23.jpg 1894w, https:\/\/lafilledecorinthe.com\/wordpress\/wp-content\/uploads\/2021\/12\/Capture-d\u2019\u00e9cran-2021-12-18-\u00e0-09.42.23-680x252.jpg 680w, https:\/\/lafilledecorinthe.com\/wordpress\/wp-content\/uploads\/2021\/12\/Capture-d\u2019\u00e9cran-2021-12-18-\u00e0-09.42.23-1280x474.jpg 1280w, https:\/\/lafilledecorinthe.com\/wordpress\/wp-content\/uploads\/2021\/12\/Capture-d\u2019\u00e9cran-2021-12-18-\u00e0-09.42.23-500x185.jpg 500w\" sizes=\"auto, (max-width: 1894px) 100vw, 1894px\" \/><\/a><\/figure>\n<\/div>\n\n<div class=\"wp-block-image\">\n<figure class=\"aligncenter\"><img loading=\"lazy\" decoding=\"async\" width=\"2036\" height=\"704\" src=\"https:\/\/lafilledecorinthe.com\/wordpress\/wp-content\/uploads\/2021\/12\/Capture-d\u2019\u00e9cran-2021-12-18-\u00e0-09.43.12.jpg\" alt=\"Capture d\u2019\u00e9cran 2021-12-18 \u00e0 09.43.12\" class=\"wp-image-11721\" srcset=\"https:\/\/lafilledecorinthe.com\/wordpress\/wp-content\/uploads\/2021\/12\/Capture-d\u2019\u00e9cran-2021-12-18-\u00e0-09.43.12.jpg 2036w, https:\/\/lafilledecorinthe.com\/wordpress\/wp-content\/uploads\/2021\/12\/Capture-d\u2019\u00e9cran-2021-12-18-\u00e0-09.43.12-680x235.jpg 680w, https:\/\/lafilledecorinthe.com\/wordpress\/wp-content\/uploads\/2021\/12\/Capture-d\u2019\u00e9cran-2021-12-18-\u00e0-09.43.12-1280x443.jpg 1280w, https:\/\/lafilledecorinthe.com\/wordpress\/wp-content\/uploads\/2021\/12\/Capture-d\u2019\u00e9cran-2021-12-18-\u00e0-09.43.12-500x173.jpg 500w\" sizes=\"auto, (max-width: 2036px) 100vw, 2036px\" \/><\/figure>\n<\/div>\n\n\n<p>Un grand merci aux biblioth\u00e9caires et aux usagers qui ont accept\u00e9 d&rsquo;\u00eatre film\u00e9 et bravo aux participants.<\/p>\n","protected":false},"excerpt":{"rendered":"<p>Nous avons grandi \u00e0 une \u00e9poque o\u00f9 les images \u00e9taient rares, et maintenant que nous les utilisons presque comme une seconde nature, il peut sembler que nous en abusons. Mais dirions-nous que nous sommes devenus accros aux mots ? Si l&rsquo;on compare notre \u00e9poque avec les temps pass\u00e9s, o\u00f9 les gens \u00e9taient analphab\u00e8tes, dirions-nous que&#8230;<\/p>\n","protected":false},"author":2,"featured_media":11728,"comment_status":"open","ping_status":"open","sticky":false,"template":"","format":"standard","meta":{"_kad_post_transparent":"","_kad_post_title":"","_kad_post_layout":"","_kad_post_sidebar_id":"","_kad_post_content_style":"","_kad_post_vertical_padding":"","_kad_post_feature":"","_kad_post_feature_position":"","_kad_post_header":false,"_kad_post_footer":false,"_kad_post_classname":"","footnotes":""},"categories":[7],"tags":[2179,2178,2102,2177,2174,689,1748,2175,1999,2176],"class_list":["post-11609","post","type-post","status-publish","format-standard","has-post-thumbnail","hentry","category-ateliers-enfants","tag-antje-ehmann","tag-arun-farocki","tag-charenton-le-pont","tag-eine-einstellung-zur-arbeit","tag-entre-deux-clics","tag-joan-fontcuberta","tag-mediatheque","tag-selfie","tag-sleeveface","tag-vues-lumiere"],"_links":{"self":[{"href":"https:\/\/lafilledecorinthe.com\/wordpress\/wp-json\/wp\/v2\/posts\/11609","targetHints":{"allow":["GET"]}}],"collection":[{"href":"https:\/\/lafilledecorinthe.com\/wordpress\/wp-json\/wp\/v2\/posts"}],"about":[{"href":"https:\/\/lafilledecorinthe.com\/wordpress\/wp-json\/wp\/v2\/types\/post"}],"author":[{"embeddable":true,"href":"https:\/\/lafilledecorinthe.com\/wordpress\/wp-json\/wp\/v2\/users\/2"}],"replies":[{"embeddable":true,"href":"https:\/\/lafilledecorinthe.com\/wordpress\/wp-json\/wp\/v2\/comments?post=11609"}],"version-history":[{"count":12,"href":"https:\/\/lafilledecorinthe.com\/wordpress\/wp-json\/wp\/v2\/posts\/11609\/revisions"}],"predecessor-version":[{"id":14309,"href":"https:\/\/lafilledecorinthe.com\/wordpress\/wp-json\/wp\/v2\/posts\/11609\/revisions\/14309"}],"wp:featuredmedia":[{"embeddable":true,"href":"https:\/\/lafilledecorinthe.com\/wordpress\/wp-json\/wp\/v2\/media\/11728"}],"wp:attachment":[{"href":"https:\/\/lafilledecorinthe.com\/wordpress\/wp-json\/wp\/v2\/media?parent=11609"}],"wp:term":[{"taxonomy":"category","embeddable":true,"href":"https:\/\/lafilledecorinthe.com\/wordpress\/wp-json\/wp\/v2\/categories?post=11609"},{"taxonomy":"post_tag","embeddable":true,"href":"https:\/\/lafilledecorinthe.com\/wordpress\/wp-json\/wp\/v2\/tags?post=11609"}],"curies":[{"name":"wp","href":"https:\/\/api.w.org\/{rel}","templated":true}]}}