{"id":11587,"date":"2021-12-10T21:57:39","date_gmt":"2021-12-10T20:57:39","guid":{"rendered":"http:\/\/lafilledecorinthe.com\/wordpress\/?p=11587"},"modified":"2025-12-04T14:04:54","modified_gmt":"2025-12-04T13:04:54","slug":"maternelle-et-cinema-dans-le-val-de-marne-3","status":"publish","type":"post","link":"https:\/\/lafilledecorinthe.com\/wordpress\/2021\/12\/maternelle-et-cinema-dans-le-val-de-marne-3\/","title":{"rendered":"\u00ab\u00a0Maternelle et Cin\u00e9ma\u00a0\u00bb dans le Val-de-Marne"},"content":{"rendered":"\n<p><strong>Projection-conf\u00e9rence :<\/strong><br>Cin\u00e9ma <em>Le Vincennes<\/em><br>Samedi 11 d\u00e9cembre 2021<\/p>\n\n\n<div class=\"wp-block-image\">\n<figure class=\"aligncenter\"><a href=\"https:\/\/lafilledecorinthe.com\/wordpress\/wp-content\/uploads\/2021\/12\/Capture-d\u2019\u00e9cran-2022-01-24-\u00e0-19.00.45.jpg\"><img loading=\"lazy\" decoding=\"async\" width=\"2076\" height=\"984\" src=\"https:\/\/lafilledecorinthe.com\/wordpress\/wp-content\/uploads\/2021\/12\/Capture-d\u2019\u00e9cran-2022-01-24-\u00e0-19.00.45.jpg\" alt=\"Capture d\u2019\u00e9cran 2022-01-24 \u00e0 19.00.45\" class=\"wp-image-11750\" srcset=\"https:\/\/lafilledecorinthe.com\/wordpress\/wp-content\/uploads\/2021\/12\/Capture-d\u2019\u00e9cran-2022-01-24-\u00e0-19.00.45.jpg 2076w, https:\/\/lafilledecorinthe.com\/wordpress\/wp-content\/uploads\/2021\/12\/Capture-d\u2019\u00e9cran-2022-01-24-\u00e0-19.00.45-680x322.jpg 680w, https:\/\/lafilledecorinthe.com\/wordpress\/wp-content\/uploads\/2021\/12\/Capture-d\u2019\u00e9cran-2022-01-24-\u00e0-19.00.45-1280x607.jpg 1280w, https:\/\/lafilledecorinthe.com\/wordpress\/wp-content\/uploads\/2021\/12\/Capture-d\u2019\u00e9cran-2022-01-24-\u00e0-19.00.45-500x237.jpg 500w\" sizes=\"auto, (max-width: 2076px) 100vw, 2076px\" \/><\/a><figcaption class=\"wp-element-caption\">\u00a9 Laura Koeppel, Cin\u00e9ma \u00ab\u00a0Le Vincennes\u00a0\u00bb<\/figcaption><\/figure>\n<\/div>\n\n\n<p><a href=\"https:\/\/lafilledecorinthe.com\/wordpress\/wp-content\/uploads\/2021\/12\/Bibliographie-Sitographie.pdf\">Bibliographie : Sitographie<\/a><\/p>\n\n\n<div class=\"wp-block-image\">\n<figure class=\"aligncenter\"><a href=\"https:\/\/lafilledecorinthe.com\/wordpress\/wp-content\/uploads\/2021\/12\/Le\u0301o.jpg\"><img loading=\"lazy\" decoding=\"async\" width=\"1536\" height=\"1150\" src=\"https:\/\/lafilledecorinthe.com\/wordpress\/wp-content\/uploads\/2021\/12\/Le\u0301o.jpg\" alt=\"Le\u0301o\" class=\"wp-image-11592\" srcset=\"https:\/\/lafilledecorinthe.com\/wordpress\/wp-content\/uploads\/2021\/12\/Le\u0301o.jpg 1536w, https:\/\/lafilledecorinthe.com\/wordpress\/wp-content\/uploads\/2021\/12\/Le\u0301o-680x509.jpg 680w, https:\/\/lafilledecorinthe.com\/wordpress\/wp-content\/uploads\/2021\/12\/Le\u0301o-1280x958.jpg 1280w, https:\/\/lafilledecorinthe.com\/wordpress\/wp-content\/uploads\/2021\/12\/Le\u0301o-401x300.jpg 401w\" sizes=\"auto, (max-width: 1536px) 100vw, 1536px\" \/><\/a><\/figure>\n<\/div>\n\n\n<p>Documents \u00e0 t\u00e9l\u00e9charger :&nbsp;&nbsp;<a href=\"https:\/\/lafilledecorinthe.com\/wordpress\/wp-content\/uploads\/2021\/12\/Un-poisson...Images-se\u0301quentielles-.pdf\">Un poisson&#8230;Images se\u0301quentielles<\/a>,&nbsp;<a href=\"https:\/\/lafilledecorinthe.com\/wordpress\/wp-content\/uploads\/2021\/12\/Pilotin-de-lide\u0301e-a\u0300-la-re\u0301alisation-.pdf\">Pilotin, de l&rsquo;ide\u0301e a\u0300 la re\u0301alisation<\/a>,&nbsp;<a href=\"https:\/\/lafilledecorinthe.com\/wordpress\/wp-content\/uploads\/2021\/12\/Fre\u0301de\u0301ric-Les-provisions-de-Fre\u0301de\u0301ric-.pdf\">Fre\u0301de\u0301ric Les provisions de Fre\u0301de\u0301ric<\/a><\/p>\n\n\n<div class=\"wp-block-image\">\n<figure class=\"aligncenter\"><a href=\"https:\/\/lafilledecorinthe.com\/wordpress\/wp-content\/uploads\/2021\/12\/Toujours-la\u0300-pour-toi.jpg\"><img loading=\"lazy\" decoding=\"async\" width=\"1536\" height=\"1154\" src=\"https:\/\/lafilledecorinthe.com\/wordpress\/wp-content\/uploads\/2021\/12\/Toujours-la\u0300-pour-toi.jpg\" alt=\"Toujours la\u0300 pour toi\" class=\"wp-image-11596\" srcset=\"https:\/\/lafilledecorinthe.com\/wordpress\/wp-content\/uploads\/2021\/12\/Toujours-la\u0300-pour-toi.jpg 1536w, https:\/\/lafilledecorinthe.com\/wordpress\/wp-content\/uploads\/2021\/12\/Toujours-la\u0300-pour-toi-680x511.jpg 680w, https:\/\/lafilledecorinthe.com\/wordpress\/wp-content\/uploads\/2021\/12\/Toujours-la\u0300-pour-toi-1280x962.jpg 1280w, https:\/\/lafilledecorinthe.com\/wordpress\/wp-content\/uploads\/2021\/12\/Toujours-la\u0300-pour-toi-399x300.jpg 399w\" sizes=\"auto, (max-width: 1536px) 100vw, 1536px\" \/><\/a><\/figure>\n<\/div>\n\n\n<p><\/p>\n\n\n\n<p>Documents \u00e0 t\u00e9l\u00e9charger :&nbsp;<a href=\"https:\/\/lafilledecorinthe.com\/wordpress\/wp-content\/uploads\/2021\/12\/Miriam-et-les-boutons-verts-Le-partage-de-l\u2019attention-.pdf\">Miriam et les boutons verts, Le partage de l\u2019attention<\/a>,&nbsp;<a href=\"https:\/\/lafilledecorinthe.com\/wordpress\/wp-content\/uploads\/2021\/12\/Miriam-et-les-boutons-verts-Que-voit-le-petit-fre\u0300re-de-Miriam-.pdf\">Miriam et les boutons verts, Que voit le petit fre\u0300re de Miriam ?<\/a>,&nbsp;<a href=\"https:\/\/lafilledecorinthe.com\/wordpress\/wp-content\/uploads\/2021\/12\/Miriam-et-les-boutons-verts-Que-voit-la-poule-.pdf\">Miriam et les boutons verts, Que voit la poule ?<\/a>,&nbsp;<a href=\"https:\/\/lafilledecorinthe.com\/wordpress\/wp-content\/uploads\/2021\/12\/Miriam-et-les-boutons-verts-peindre-un-souvenir-.pdf\">Miriam et les boutons verts, peindre un souvenir<\/a>,&nbsp;<a href=\"https:\/\/lafilledecorinthe.com\/wordpress\/wp-content\/uploads\/2021\/12\/Moroshka-Que-ressentent-ils-.pdf\">Moroshka, Que ressentent-ils ? &#8211;<\/a>,&nbsp;<a href=\"https:\/\/lafilledecorinthe.com\/wordpress\/wp-content\/uploads\/2021\/12\/Moroshka-Loup-ou\u0300-es-tu-.pdf\">Moroshka, Loup, ou\u0300 es-tu ?<\/a>,&nbsp;<a href=\"https:\/\/lafilledecorinthe.com\/wordpress\/wp-content\/uploads\/2021\/12\/Loiseau-et-la-chenille-Strate\u0301gies-face-a\u0300-un-pre\u0301dateur.pdf\">L&rsquo;oiseau et la chenille, Strate\u0301gies face a\u0300 un pre\u0301dateur<\/a>,&nbsp;<a href=\"https:\/\/lafilledecorinthe.com\/wordpress\/wp-content\/uploads\/2021\/12\/moufle-images-se\u0301quentielles-.pdf\">moufle images se\u0301quentielles<\/a>,&nbsp;<a href=\"https:\/\/lafilledecorinthe.com\/wordpress\/wp-content\/uploads\/2021\/12\/Papa-a\u0300-grand-pas-images-se\u0301quentielles-.pdf\">Papa a\u0300 grand pas, images se\u0301quentielles<\/a><\/p>\n\n\n<div class=\"wp-block-image\">\n<figure class=\"aligncenter\"><a href=\"https:\/\/lafilledecorinthe.com\/wordpress\/wp-content\/uploads\/2021\/12\/Dans-la-nature.jpg\"><img loading=\"lazy\" decoding=\"async\" width=\"1536\" height=\"1154\" src=\"https:\/\/lafilledecorinthe.com\/wordpress\/wp-content\/uploads\/2021\/12\/Dans-la-nature.jpg\" alt=\"Dans la nature\" class=\"wp-image-11606\" srcset=\"https:\/\/lafilledecorinthe.com\/wordpress\/wp-content\/uploads\/2021\/12\/Dans-la-nature.jpg 1536w, https:\/\/lafilledecorinthe.com\/wordpress\/wp-content\/uploads\/2021\/12\/Dans-la-nature-680x511.jpg 680w, https:\/\/lafilledecorinthe.com\/wordpress\/wp-content\/uploads\/2021\/12\/Dans-la-nature-1280x962.jpg 1280w, https:\/\/lafilledecorinthe.com\/wordpress\/wp-content\/uploads\/2021\/12\/Dans-la-nature-399x300.jpg 399w\" sizes=\"auto, (max-width: 1536px) 100vw, 1536px\" \/><\/a><\/figure>\n<\/div>\n\n\n<p><\/p>\n\n\n\n<p>Documents \u00e0 t\u00e9l\u00e9charger :&nbsp;<a title=\"\u00ab&nbsp;Ecole et Cin\u00e9ma-maternelle&nbsp;\u00bb dans le Val d\u2019Oise\" href=\"https:\/\/lafilledecorinthe.com\/wordpress\/2020\/11\/ecole-et-cinema-maternelle-dans-le-val-doise\/\">ici<\/a><\/p>\n\n\n\n<p>Le programme <em>Toujours l\u00e0 pour toi<\/em>&nbsp;est programm\u00e9 dans le cadre de la trente-deuxi\u00e8me \u00e9dition du festival <a href=\"https:\/\/cinejunior.fr\/\" target=\"_blank\" rel=\"noopener\">Cin\u00e9 Junior<\/a>.<\/p>\n\n\n<div class=\"wp-block-image\">\n<figure class=\"aligncenter\"><a href=\"https:\/\/lafilledecorinthe.com\/wordpress\/wp-content\/uploads\/2021\/12\/affiche-cine-junior-2022-paysage-web-V2-scaled.jpeg\"><img loading=\"lazy\" decoding=\"async\" width=\"2560\" height=\"1561\" src=\"https:\/\/lafilledecorinthe.com\/wordpress\/wp-content\/uploads\/2021\/12\/affiche-cine-junior-2022-paysage-web-V2-scaled.jpeg\" alt=\"affiche-cine-junior-2022-paysage-web-V2-scaled\" class=\"wp-image-11754\" srcset=\"https:\/\/lafilledecorinthe.com\/wordpress\/wp-content\/uploads\/2021\/12\/affiche-cine-junior-2022-paysage-web-V2-scaled.jpeg 2560w, https:\/\/lafilledecorinthe.com\/wordpress\/wp-content\/uploads\/2021\/12\/affiche-cine-junior-2022-paysage-web-V2-scaled-680x415.jpeg 680w, https:\/\/lafilledecorinthe.com\/wordpress\/wp-content\/uploads\/2021\/12\/affiche-cine-junior-2022-paysage-web-V2-scaled-1280x781.jpeg 1280w, https:\/\/lafilledecorinthe.com\/wordpress\/wp-content\/uploads\/2021\/12\/affiche-cine-junior-2022-paysage-web-V2-scaled-492x300.jpeg 492w\" sizes=\"auto, (max-width: 2560px) 100vw, 2560px\" \/><\/a><figcaption class=\"wp-element-caption\">Illustration de Marion Lacourt<\/figcaption><\/figure>\n<\/div>\n\n\n<p>Pour t\u00e9l\u00e9charger le dossier p\u00e9dagogique du programme&nbsp;<em>Toujours l\u00e0 pour toi<\/em>&nbsp;c&rsquo;est <a href=\"https:\/\/cinejunior.fr\/wp-content\/uploads\/sites\/2\/2021\/12\/Dossier-pe%CC%81dagogique-Toujours-la%CC%80-pour-toi.pdf\" target=\"_blank\" rel=\"noopener\">ici<\/a>&nbsp;et pour conna\u00eetre les horaires des s\u00e9ances programm\u00e9es dans le cadre du festival c&rsquo;est&nbsp;<a href=\"https:\/\/cinejunior.fr\/project\/seances-toujours-la-pour-toi\/\" target=\"_blank\" rel=\"noopener\">l\u00e0<\/a> !<\/p>\n","protected":false},"excerpt":{"rendered":"<p>Projection-conf\u00e9rence :Cin\u00e9ma Le VincennesSamedi 11 d\u00e9cembre 2021 Bibliographie : Sitographie Documents \u00e0 t\u00e9l\u00e9charger :&nbsp;&nbsp;Un poisson&#8230;Images se\u0301quentielles,&nbsp;Pilotin, de l&rsquo;ide\u0301e a\u0300 la re\u0301alisation,&nbsp;Fre\u0301de\u0301ric Les provisions de Fre\u0301de\u0301ric Documents \u00e0 t\u00e9l\u00e9charger :&nbsp;Miriam et les boutons verts, Le partage de l\u2019attention,&nbsp;Miriam et les boutons verts, Que voit le petit fre\u0300re de Miriam ?,&nbsp;Miriam et les boutons verts, Que voit&#8230;<\/p>\n","protected":false},"author":2,"featured_media":11588,"comment_status":"open","ping_status":"open","sticky":false,"template":"","format":"standard","meta":{"_kad_post_transparent":"","_kad_post_title":"","_kad_post_layout":"","_kad_post_sidebar_id":"","_kad_post_content_style":"","_kad_post_vertical_padding":"","_kad_post_feature":"","_kad_post_feature_position":"","_kad_post_header":false,"_kad_post_footer":false,"_kad_post_classname":"","footnotes":""},"categories":[8],"tags":[2154,974,1803,1849,2038,1249,36,965,2155,960],"class_list":["post-11587","post","type-post","status-publish","format-standard","has-post-thumbnail","hentry","category-formations-adultes","tag-cinema-le-vincennes","tag-cinema-public","tag-festival-cine-junior","tag-giulio-gianini","tag-le-grand-dehors","tag-le-petit-monde-de-leo","tag-leo-lionni","tag-maternelle-et-cinema","tag-toujours-la-pour-toi","tag-val-de-marne"],"_links":{"self":[{"href":"https:\/\/lafilledecorinthe.com\/wordpress\/wp-json\/wp\/v2\/posts\/11587","targetHints":{"allow":["GET"]}}],"collection":[{"href":"https:\/\/lafilledecorinthe.com\/wordpress\/wp-json\/wp\/v2\/posts"}],"about":[{"href":"https:\/\/lafilledecorinthe.com\/wordpress\/wp-json\/wp\/v2\/types\/post"}],"author":[{"embeddable":true,"href":"https:\/\/lafilledecorinthe.com\/wordpress\/wp-json\/wp\/v2\/users\/2"}],"replies":[{"embeddable":true,"href":"https:\/\/lafilledecorinthe.com\/wordpress\/wp-json\/wp\/v2\/comments?post=11587"}],"version-history":[{"count":9,"href":"https:\/\/lafilledecorinthe.com\/wordpress\/wp-json\/wp\/v2\/posts\/11587\/revisions"}],"predecessor-version":[{"id":14546,"href":"https:\/\/lafilledecorinthe.com\/wordpress\/wp-json\/wp\/v2\/posts\/11587\/revisions\/14546"}],"wp:featuredmedia":[{"embeddable":true,"href":"https:\/\/lafilledecorinthe.com\/wordpress\/wp-json\/wp\/v2\/media\/11588"}],"wp:attachment":[{"href":"https:\/\/lafilledecorinthe.com\/wordpress\/wp-json\/wp\/v2\/media?parent=11587"}],"wp:term":[{"taxonomy":"category","embeddable":true,"href":"https:\/\/lafilledecorinthe.com\/wordpress\/wp-json\/wp\/v2\/categories?post=11587"},{"taxonomy":"post_tag","embeddable":true,"href":"https:\/\/lafilledecorinthe.com\/wordpress\/wp-json\/wp\/v2\/tags?post=11587"}],"curies":[{"name":"wp","href":"https:\/\/api.w.org\/{rel}","templated":true}]}}