{"id":11534,"date":"2021-12-17T19:09:48","date_gmt":"2021-12-17T18:09:48","guid":{"rendered":"http:\/\/lafilledecorinthe.com\/wordpress\/?p=11534"},"modified":"2025-12-07T07:34:48","modified_gmt":"2025-12-07T06:34:48","slug":"le-portrait-avec-la-petite-ecole-de-cinema-76","status":"publish","type":"post","link":"https:\/\/lafilledecorinthe.com\/wordpress\/2021\/12\/le-portrait-avec-la-petite-ecole-de-cinema-76\/","title":{"rendered":"Le portrait avec \u00ab\u00a0La Petite \u00c9cole de Cin\u00e9ma\u00a0\u00bb&#8230; 76"},"content":{"rendered":"\n<p><em>\u00ab\u00a0Je crois que je ne suis fait que pour les visages, et encore, il faut qu\u2019ils soient seuls sur l\u2019\u00e9cran, et de face, et presque immobiles, simplement dans le but de mettre en valeur leur \u00e9nergie en expansion infini. J\u2019ai commenc\u00e9 \u00e0 \u00eatre \u2011vaguement- cin\u00e9aste \u00e0 partir du moment o\u00f9 je n\u2019ai plus invent\u00e9 la moindre action dramatique. Je ne filmais que ce qui avait \u00e9t\u00e9 v\u00e9cu par moi, ou par quelqu\u2019un qui avait soigneusement consign\u00e9 son exp\u00e9rience.<\/em><br><em>\u00a0\u00bb\u00a0Je reviens toujours au m\u00eame point\u00a0: c\u2018est au tournage pour moi que les choses se passent. Ce qui est rat\u00e9 au tournage est rat\u00e9 au montage, est rat\u00e9 pour l\u2019\u0153il du spectateur.\u00a0\u00bb<\/em><br>Ren\u00e9 Pr\u00e9dal, Alain Cavalier : <a href=\"https:\/\/zintv.org\/outil\/filmer-visages\/\" target=\"_blank\" rel=\"noopener\">\u00ab Filmer les visages \u00bb<\/a>, L&rsquo;AvantSc\u00e8ne cin\u00e9ma, n\u00b0 440-441, mars-avril 1995.<\/p>\n\n\n\n<p><strong>Ateliers sur le portrait<\/strong><br><em>La petite \u00e9cole de Cin\u00e9ma<\/em><br><a href=\"https:\/\/www.havredecinema.fr\/\" target=\"_blank\" rel=\"noopener\">Havre de Cin\u00e9ma<\/a><br>Du 18 au 26 novembre 2021<\/p>\n\n\n\n<p>J&rsquo;ai eu le plaisir de&nbsp;partir \u00e0 la rencontre d&rsquo;une quinzaine de classes de l&rsquo;agglom\u00e9ration havraise inscrites dans le dispositif <a href=\"https:\/\/www.havredecinema.fr\/petite-%C3%A9cole-de-cin%C3%A9ma\" target=\"_blank\" rel=\"noopener\">La Petite \u00e9cole de Cin\u00e9ma<\/a>, dispositif&nbsp;mis en place par l&rsquo;association <em>Havre de Cin\u00e9ma<\/em> et l&rsquo;\u00e9ducation nationale depuis plusieurs ann\u00e9es. Avec la complicit\u00e9 d&rsquo;un cin\u00e9aste, chaque classe&nbsp;r\u00e9alise&nbsp;cette ann\u00e9e un court m\u00e9trage sur la th\u00e9matique du portrait.&nbsp;Mon objectif \u00e9tait d&rsquo;introduire cette th\u00e9matique par la&nbsp;d\u00e9couverte d&rsquo;oeuvres&nbsp;choisies pour susciter chez les \u00e9l\u00e8ves des interrogations et des \u00e9changes au sein de leurs classes.<\/p>\n\n\n\n<p>Dans un premier temps les \u00e9l\u00e8ves \u00e9taient invit\u00e9s&nbsp;\u00e0 dire le mot qu&rsquo;ils associaient spontan\u00e9ment au mot portrait. Cette liste \u00e9tait interrog\u00e9e \u00e0 la fin de la s\u00e9ance&nbsp;; avions-nous lors de l&rsquo;atelier \u00e9voqu\u00e9 tous ces mots ? Vers quelles autres perpectives nous entra\u00eenaient ceux qui n&rsquo;avaient pas \u00e9t\u00e9 cit\u00e9s ?<\/p>\n\n\n<div class=\"wp-block-image\">\n<figure class=\"aligncenter\"><a href=\"https:\/\/lafilledecorinthe.com\/wordpress\/wp-content\/uploads\/2021\/12\/1.jpg\"><img loading=\"lazy\" decoding=\"async\" width=\"1726\" height=\"704\" src=\"https:\/\/lafilledecorinthe.com\/wordpress\/wp-content\/uploads\/2021\/12\/1.jpg\" alt=\"1\" class=\"wp-image-11685\" srcset=\"https:\/\/lafilledecorinthe.com\/wordpress\/wp-content\/uploads\/2021\/12\/1.jpg 1726w, https:\/\/lafilledecorinthe.com\/wordpress\/wp-content\/uploads\/2021\/12\/1-680x277.jpg 680w, https:\/\/lafilledecorinthe.com\/wordpress\/wp-content\/uploads\/2021\/12\/1-1280x522.jpg 1280w, https:\/\/lafilledecorinthe.com\/wordpress\/wp-content\/uploads\/2021\/12\/1-500x204.jpg 500w\" sizes=\"auto, (max-width: 1726px) 100vw, 1726px\" \/><\/a><\/figure>\n<\/div>\n\n\n<p><\/p>\n\n\n\n<p>Puis j&rsquo;ai mis&nbsp;mes mots dans ceux de <a href=\"http:\/\/classes.bnf.fr\/dossitsm\/b-plinea.htm\" target=\"_blank\" rel=\"noopener\">Pline l&rsquo;Ancien<\/a> pour raconter aux \u00e9l\u00e8ves l&rsquo;histoire de <a title=\"Pourquoi ce nom \u00ab&nbsp;La fille de Corinthe&nbsp;\u00bb ?\" href=\"https:\/\/lafilledecorinthe.com\/wordpress\/\">la fille de Corinthe<\/a> et de son p\u00e8re, le potier Butad\u00e8s. Nous avons ensuite&nbsp;d\u00e9couvert comment deux&nbsp;artistes s&rsquo;\u00e9taient empar\u00e9s de ce mythe&nbsp;\u00e0 quelques si\u00e8cles d&rsquo;\u00e9cart, le peintre belge&nbsp;Joseph-Beno\u00eet Suv\u00e9e et la photographe am\u00e9ricaine Karen Knorr.<\/p>\n\n\n<div class=\"wp-block-image\">\n<figure class=\"aligncenter\"><a href=\"https:\/\/lafilledecorinthe.com\/wordpress\/wp-content\/uploads\/2021\/12\/2.png\"><img loading=\"lazy\" decoding=\"async\" width=\"1490\" height=\"704\" src=\"https:\/\/lafilledecorinthe.com\/wordpress\/wp-content\/uploads\/2021\/12\/2.png\" alt=\"2\" class=\"wp-image-11686\" srcset=\"https:\/\/lafilledecorinthe.com\/wordpress\/wp-content\/uploads\/2021\/12\/2.png 1490w, https:\/\/lafilledecorinthe.com\/wordpress\/wp-content\/uploads\/2021\/12\/2-680x321.png 680w, https:\/\/lafilledecorinthe.com\/wordpress\/wp-content\/uploads\/2021\/12\/2-1280x605.png 1280w, https:\/\/lafilledecorinthe.com\/wordpress\/wp-content\/uploads\/2021\/12\/2-500x236.png 500w\" sizes=\"auto, (max-width: 1490px) 100vw, 1490px\" \/><\/a><\/figure>\n<\/div>\n\n\n<p><\/p>\n\n\n<div class=\"wp-block-image\">\n<figure class=\"aligncenter\"><img loading=\"lazy\" decoding=\"async\" width=\"1642\" height=\"704\" src=\"https:\/\/lafilledecorinthe.com\/wordpress\/wp-content\/uploads\/2021\/12\/3.jpg\" alt=\"3\" class=\"wp-image-11687\" srcset=\"https:\/\/lafilledecorinthe.com\/wordpress\/wp-content\/uploads\/2021\/12\/3.jpg 1642w, https:\/\/lafilledecorinthe.com\/wordpress\/wp-content\/uploads\/2021\/12\/3-680x292.jpg 680w, https:\/\/lafilledecorinthe.com\/wordpress\/wp-content\/uploads\/2021\/12\/3-1280x549.jpg 1280w, https:\/\/lafilledecorinthe.com\/wordpress\/wp-content\/uploads\/2021\/12\/3-500x214.jpg 500w\" sizes=\"auto, (max-width: 1642px) 100vw, 1642px\" \/><\/figure>\n<\/div>\n\n\n<p><\/p>\n\n\n\n<p>La reproduction du tableau de <a href=\"https:\/\/histoire-image.org\/fr\/etudes\/portrait-officiel-louis-xiv\" target=\"_blank\" rel=\"noopener\">Louis XIV en costume de sacre<\/a> a fait beaucoup r\u00e9agir les enfants. Pourquoi portait-il des collants et des chaussures \u00e0 talons ? Pourquoi a-t-il des cheveux longs ? Quel \u00e2ge&nbsp;avait-il lorsque le peintre a fait son portrait ? Que repr\u00e9sente le petit portrait inscrit sur la colonne ? Pourquoi ses habits sont-ils de la m\u00eame couleur que son fauteuil ? Que repr\u00e9sente le motif dor\u00e9 ? Pourquoi porte-t-il un bavoir ? Quel effet fait-il sur nous ? Pourquoi boude-t-il ?<\/p>\n\n\n<div class=\"wp-block-image\">\n<figure class=\"aligncenter\"><img loading=\"lazy\" decoding=\"async\" width=\"1642\" height=\"704\" src=\"https:\/\/lafilledecorinthe.com\/wordpress\/wp-content\/uploads\/2021\/12\/4.jpg\" alt=\"4\" class=\"wp-image-11691\" srcset=\"https:\/\/lafilledecorinthe.com\/wordpress\/wp-content\/uploads\/2021\/12\/4.jpg 1642w, https:\/\/lafilledecorinthe.com\/wordpress\/wp-content\/uploads\/2021\/12\/4-680x292.jpg 680w, https:\/\/lafilledecorinthe.com\/wordpress\/wp-content\/uploads\/2021\/12\/4-1280x549.jpg 1280w, https:\/\/lafilledecorinthe.com\/wordpress\/wp-content\/uploads\/2021\/12\/4-500x214.jpg 500w\" sizes=\"auto, (max-width: 1642px) 100vw, 1642px\" \/><\/figure>\n<\/div>\n\n\n<p>&nbsp;Nous avons ensuite compar\u00e9 la peinture de Hyacinthe Rigaud au portrait photographique de Sarah&nbsp;Bernhardt r\u00e9alis\u00e9 par Nadar \u00e0 la fin du XIX \u00e8me si\u00e8cle. Qu&rsquo;ont-ils en commun ? Qu&rsquo;est-ce qui les diff\u00e9rencie ?<\/p>\n\n\n<div class=\"wp-block-image\">\n<figure class=\"aligncenter\"><a href=\"https:\/\/lafilledecorinthe.com\/wordpress\/wp-content\/uploads\/2021\/12\/5.png\"><img loading=\"lazy\" decoding=\"async\" width=\"1658\" height=\"704\" src=\"https:\/\/lafilledecorinthe.com\/wordpress\/wp-content\/uploads\/2021\/12\/5.png\" alt=\"5\" class=\"wp-image-11692\" srcset=\"https:\/\/lafilledecorinthe.com\/wordpress\/wp-content\/uploads\/2021\/12\/5.png 1658w, https:\/\/lafilledecorinthe.com\/wordpress\/wp-content\/uploads\/2021\/12\/5-680x289.png 680w, https:\/\/lafilledecorinthe.com\/wordpress\/wp-content\/uploads\/2021\/12\/5-1280x543.png 1280w, https:\/\/lafilledecorinthe.com\/wordpress\/wp-content\/uploads\/2021\/12\/5-500x212.png 500w\" sizes=\"auto, (max-width: 1658px) 100vw, 1658px\" \/><\/a><\/figure>\n<\/div>\n\n\n<p><\/p>\n\n\n\n<p>Apr\u00e8s l&rsquo;exploration des images fixes nous avons d\u00e9couvert un portrait cin\u00e9matographique, Antoinette, <a href=\"https:\/\/ciclic.fr\/ressources\/l-illusionniste\" target=\"_blank\" rel=\"noopener\">l&rsquo;illusionniste<\/a>&nbsp;d&rsquo;Alain Cavalier. C&rsquo;est peu dire que les \u00e9l\u00e8ves et les enseignants sont tomb\u00e9s sous le charme de cette vieille dame de 86 ans au regard malicieux.<\/p>\n\n\n<div class=\"wp-block-image\">\n<figure class=\"aligncenter\"><a href=\"https:\/\/lafilledecorinthe.com\/wordpress\/wp-content\/uploads\/2021\/12\/6.jpg\"><img loading=\"lazy\" decoding=\"async\" width=\"1650\" height=\"704\" src=\"https:\/\/lafilledecorinthe.com\/wordpress\/wp-content\/uploads\/2021\/12\/6.jpg\" alt=\"6\" class=\"wp-image-11694\" srcset=\"https:\/\/lafilledecorinthe.com\/wordpress\/wp-content\/uploads\/2021\/12\/6.jpg 1650w, https:\/\/lafilledecorinthe.com\/wordpress\/wp-content\/uploads\/2021\/12\/6-680x290.jpg 680w, https:\/\/lafilledecorinthe.com\/wordpress\/wp-content\/uploads\/2021\/12\/6-1280x546.jpg 1280w, https:\/\/lafilledecorinthe.com\/wordpress\/wp-content\/uploads\/2021\/12\/6-500x213.jpg 500w\" sizes=\"auto, (max-width: 1650px) 100vw, 1650px\" \/><\/a><\/figure>\n<\/div>\n\n\n<p><\/p>\n\n\n\n<p>Beaucoup d&rsquo;enfants ont \u00e9t\u00e9 marqu\u00e9s par l&rsquo;habilet\u00e9 d&rsquo;Antoinette \u00e0 r\u00e9aliser ses diff\u00e9rents tours de magie. Ce n&rsquo;est pas l&rsquo;activit\u00e9 qu&rsquo;ils imaginaient pour&nbsp;une vieille dame ! Certains ont \u00e9t\u00e9 aussi sensibles au r\u00e9cit de sa vie et \u00e0 l&rsquo;attention qu&rsquo;elle a pour les personnes \u00e2g\u00e9es et les enfants handicap\u00e9s. Enfin chacun a r\u00e9alis\u00e9 un portrait d&rsquo;Antoinette au format d&rsquo;une photo d&rsquo;identit\u00e9. Un joli patchwork autour de cette vieille dame espi\u00e8gle.<\/p>\n\n\n<div class=\"wp-block-image\">\n<figure class=\"aligncenter\"><a href=\"https:\/\/lafilledecorinthe.com\/wordpress\/wp-content\/uploads\/2021\/12\/Capture-d\u2019\u00e9cran-2021-12-17-\u00e0-16.59.08.jpg\"><img loading=\"lazy\" decoding=\"async\" width=\"1342\" height=\"704\" src=\"https:\/\/lafilledecorinthe.com\/wordpress\/wp-content\/uploads\/2021\/12\/Capture-d\u2019\u00e9cran-2021-12-17-\u00e0-16.59.08.jpg\" alt=\"Capture d\u2019\u00e9cran 2021-12-17 \u00e0 16.59.08\" class=\"wp-image-11697\" srcset=\"https:\/\/lafilledecorinthe.com\/wordpress\/wp-content\/uploads\/2021\/12\/Capture-d\u2019\u00e9cran-2021-12-17-\u00e0-16.59.08.jpg 1342w, https:\/\/lafilledecorinthe.com\/wordpress\/wp-content\/uploads\/2021\/12\/Capture-d\u2019\u00e9cran-2021-12-17-\u00e0-16.59.08-680x357.jpg 680w, https:\/\/lafilledecorinthe.com\/wordpress\/wp-content\/uploads\/2021\/12\/Capture-d\u2019\u00e9cran-2021-12-17-\u00e0-16.59.08-1280x671.jpg 1280w, https:\/\/lafilledecorinthe.com\/wordpress\/wp-content\/uploads\/2021\/12\/Capture-d\u2019\u00e9cran-2021-12-17-\u00e0-16.59.08-500x262.jpg 500w\" sizes=\"auto, (max-width: 1342px) 100vw, 1342px\" \/><\/a><\/figure>\n<\/div>\n\n\n<p><\/p>\n\n\n<div class=\"wp-block-image\">\n<figure class=\"aligncenter\"><a href=\"https:\/\/lafilledecorinthe.com\/wordpress\/wp-content\/uploads\/2021\/12\/Capture-d\u2019\u00e9cran-2021-12-17-\u00e0-17.05.56.jpg\"><img loading=\"lazy\" decoding=\"async\" width=\"1842\" height=\"704\" src=\"https:\/\/lafilledecorinthe.com\/wordpress\/wp-content\/uploads\/2021\/12\/Capture-d\u2019\u00e9cran-2021-12-17-\u00e0-17.05.56.jpg\" alt=\"Capture d\u2019\u00e9cran 2021-12-17 \u00e0 17.05.56\" class=\"wp-image-11698\" srcset=\"https:\/\/lafilledecorinthe.com\/wordpress\/wp-content\/uploads\/2021\/12\/Capture-d\u2019\u00e9cran-2021-12-17-\u00e0-17.05.56.jpg 1842w, https:\/\/lafilledecorinthe.com\/wordpress\/wp-content\/uploads\/2021\/12\/Capture-d\u2019\u00e9cran-2021-12-17-\u00e0-17.05.56-680x260.jpg 680w, https:\/\/lafilledecorinthe.com\/wordpress\/wp-content\/uploads\/2021\/12\/Capture-d\u2019\u00e9cran-2021-12-17-\u00e0-17.05.56-1280x489.jpg 1280w, https:\/\/lafilledecorinthe.com\/wordpress\/wp-content\/uploads\/2021\/12\/Capture-d\u2019\u00e9cran-2021-12-17-\u00e0-17.05.56-500x191.jpg 500w\" sizes=\"auto, (max-width: 1842px) 100vw, 1842px\" \/><\/a><\/figure>\n<\/div>\n\n\n<p><\/p>\n\n\n\n<p>Quelques notions abord\u00e9es au fil des \u00e9changes : lumi\u00e8re &#8211; ombre &#8211; description &#8211; sensation &#8211; fiction &#8211; documentaire &#8211; mise en sc\u00e8ne &#8211; illusion &#8211;&nbsp;cadrage &#8211; tournage &#8211; montage &#8211;&nbsp; hors champ &#8211; plan &#8211; regard cam\u00e9ra<\/p>\n\n\n\n<p>Et une vid\u00e9o sur un grand monsieur qui est&nbsp;rest\u00e9 en hors champ pendant l&rsquo;atelier !<\/p>\n\n\n\n<p><iframe loading=\"lazy\" title=\"YouTube video player\" src=\"https:\/\/www.youtube.com\/embed\/wS68RGlmthU\" width=\"560\" height=\"315\" frameborder=\"0\" allowfullscreen=\"allowfullscreen\"><\/iframe><\/p>\n","protected":false},"excerpt":{"rendered":"<p>\u00ab\u00a0Je crois que je ne suis fait que pour les visages, et encore, il faut qu\u2019ils soient seuls sur l\u2019\u00e9cran, et de face, et presque immobiles, simplement dans le but de mettre en valeur leur \u00e9nergie en expansion infini. J\u2019ai commenc\u00e9 \u00e0 \u00eatre \u2011vaguement- cin\u00e9aste \u00e0 partir du moment o\u00f9 je n\u2019ai plus invent\u00e9 la&#8230;<\/p>\n","protected":false},"author":2,"featured_media":11542,"comment_status":"open","ping_status":"open","sticky":false,"template":"","format":"standard","meta":{"_kad_post_transparent":"","_kad_post_title":"","_kad_post_layout":"","_kad_post_sidebar_id":"","_kad_post_content_style":"","_kad_post_vertical_padding":"","_kad_post_feature":"","_kad_post_feature_position":"","_kad_post_header":false,"_kad_post_footer":false,"_kad_post_classname":"","footnotes":""},"categories":[7],"tags":[2164,2172,2169,2167,1424,2173,2163,2168,2171,2165,2166,31,2170],"class_list":["post-11534","post","type-post","status-publish","format-standard","has-post-thumbnail","hentry","category-ateliers-enfants","tag-alain-cavalier","tag-antoinette","tag-hyacinthe-rigaud","tag-joseph-benoit-suvee","tag-karen-knorr","tag-lillusionniste","tag-la-petite-ecole-de-cinema","tag-louis-xiv-en-costume-de-sacre","tag-nadar","tag-pline-lancien","tag-pline-lancien-pour-raconter-aux-eleves-lhistoire-de-la-fille-de-corinthe","tag-portrait","tag-sarah-bernhardt"],"_links":{"self":[{"href":"https:\/\/lafilledecorinthe.com\/wordpress\/wp-json\/wp\/v2\/posts\/11534","targetHints":{"allow":["GET"]}}],"collection":[{"href":"https:\/\/lafilledecorinthe.com\/wordpress\/wp-json\/wp\/v2\/posts"}],"about":[{"href":"https:\/\/lafilledecorinthe.com\/wordpress\/wp-json\/wp\/v2\/types\/post"}],"author":[{"embeddable":true,"href":"https:\/\/lafilledecorinthe.com\/wordpress\/wp-json\/wp\/v2\/users\/2"}],"replies":[{"embeddable":true,"href":"https:\/\/lafilledecorinthe.com\/wordpress\/wp-json\/wp\/v2\/comments?post=11534"}],"version-history":[{"count":28,"href":"https:\/\/lafilledecorinthe.com\/wordpress\/wp-json\/wp\/v2\/posts\/11534\/revisions"}],"predecessor-version":[{"id":14826,"href":"https:\/\/lafilledecorinthe.com\/wordpress\/wp-json\/wp\/v2\/posts\/11534\/revisions\/14826"}],"wp:featuredmedia":[{"embeddable":true,"href":"https:\/\/lafilledecorinthe.com\/wordpress\/wp-json\/wp\/v2\/media\/11542"}],"wp:attachment":[{"href":"https:\/\/lafilledecorinthe.com\/wordpress\/wp-json\/wp\/v2\/media?parent=11534"}],"wp:term":[{"taxonomy":"category","embeddable":true,"href":"https:\/\/lafilledecorinthe.com\/wordpress\/wp-json\/wp\/v2\/categories?post=11534"},{"taxonomy":"post_tag","embeddable":true,"href":"https:\/\/lafilledecorinthe.com\/wordpress\/wp-json\/wp\/v2\/tags?post=11534"}],"curies":[{"name":"wp","href":"https:\/\/api.w.org\/{rel}","templated":true}]}}