{"id":11512,"date":"2021-11-09T15:36:59","date_gmt":"2021-11-09T14:36:59","guid":{"rendered":"http:\/\/lafilledecorinthe.com\/wordpress\/?p=11512"},"modified":"2025-12-04T20:50:36","modified_gmt":"2025-12-04T19:50:36","slug":"ecole-et-cinema-94-cadet-deau-douce","status":"publish","type":"post","link":"https:\/\/lafilledecorinthe.com\/wordpress\/2021\/11\/ecole-et-cinema-94-cadet-deau-douce\/","title":{"rendered":"Ecole et Cin\u00e9ma 94, \u00ab\u00a0Cadet d&rsquo;eau douce\u00a0\u00bb"},"content":{"rendered":"\n<p><\/p>\n\n\n\n<p><em>La nature m\u00eame du personnage de Buster est celle d&rsquo;un objet, f\u00e9tu de paille lanc\u00e9 dans la temp\u00eate, ou poussi\u00e8re l\u00e2ch\u00e9e dans les rouages broyeurs de la soci\u00e9t\u00e9.<\/em><br><em>Le regard de Buster Keaton<\/em>, Robert Benayoun, Editions Herscher, 1982, page 55<\/p>\n\n\n\n<p><strong>Conf\u00e9rence film\u00e9e :<\/strong><br><i>Cadet d\u2019eau douce (Steamboat Bill Junior)<\/i>de Charles Reisner avec Buster Keaton, 1928\u00a0 <a href=\"https:\/\/www.lepalais.com\/\" target=\"_blank\" rel=\"noopener\"><em>Cin\u00e9mas du Palais<\/em><\/a> \u00e0 Cr\u00e9teil avec le monteur Steven Gaborieau<br>Mardi 9 novembre 2021<\/p>\n\n\n\n<p>Documents \u00e0 t\u00e9l\u00e9charger :&nbsp;<a href=\"https:\/\/lafilledecorinthe.com\/wordpress\/wp-content\/uploads\/2021\/11\/Pour-aller-plus-loin-.pdf\">Pour aller plus loin<\/a>,&nbsp;<a href=\"https:\/\/lafilledecorinthe.com\/wordpress\/wp-content\/uploads\/2021\/11\/Le-gag-des-chapeaux-.pdf\">Le gag des chapeaux<\/a>,&nbsp;<a href=\"https:\/\/lafilledecorinthe.com\/wordpress\/wp-content\/uploads\/2021\/11\/D\u2019un-cadre-a\u0300-lautre-.pdf\">D\u2019un cadre a\u0300 l&rsquo;autre<\/a>,&nbsp;<a href=\"https:\/\/lafilledecorinthe.com\/wordpress\/wp-content\/uploads\/2021\/11\/Un-tour-de-magie-de\u0301voile\u0301-.pdf\">Un tour de magie de\u0301voile\u0301<\/a>&nbsp;et aussi <a title=\"\u00ab&nbsp;Ecole et cin\u00e9ma &nbsp;\u00bb dans la Haute-Vienne\" href=\"https:\/\/lafilledecorinthe.com\/wordpress\/2019\/10\/ecole-et-cinema-dans-la-haute-vienne\/\">ici&nbsp;<\/a>et <a title=\"Coll\u00e8ge au Cin\u00e9ma 37, \u00ab&nbsp;Le m\u00e9cano de la G\u00e9n\u00e9ral&nbsp;\u00bb\" href=\"https:\/\/lafilledecorinthe.com\/wordpress\/2021\/10\/college-au-cinema-37-le-mecano-de-la-general\/\">ici<\/a><\/p>\n\n\n<div class=\"wp-block-image\">\n<figure class=\"aligncenter\"><a href=\"https:\/\/lafilledecorinthe.com\/wordpress\/wp-content\/uploads\/2021\/11\/Buster-enfants.jpg\"><img loading=\"lazy\" decoding=\"async\" width=\"1478\" height=\"1174\" src=\"https:\/\/lafilledecorinthe.com\/wordpress\/wp-content\/uploads\/2021\/11\/Buster-enfants.jpg\" alt=\"Buster enfants\" class=\"wp-image-11520\" srcset=\"https:\/\/lafilledecorinthe.com\/wordpress\/wp-content\/uploads\/2021\/11\/Buster-enfants.jpg 1478w, https:\/\/lafilledecorinthe.com\/wordpress\/wp-content\/uploads\/2021\/11\/Buster-enfants-680x540.jpg 680w, https:\/\/lafilledecorinthe.com\/wordpress\/wp-content\/uploads\/2021\/11\/Buster-enfants-1280x1017.jpg 1280w, https:\/\/lafilledecorinthe.com\/wordpress\/wp-content\/uploads\/2021\/11\/Buster-enfants-378x300.jpg 378w\" sizes=\"auto, (max-width: 1478px) 100vw, 1478px\" \/><\/a><\/figure>\n<\/div>\n\n\n<p><\/p>\n\n\n\n<p><em>Il n&rsquo;\u00e9tait qu&rsquo;un petit gar\u00e7on quand il mit au point son personnage comique&#8230; Il arborait chaque projet avec la m\u00eame adorable conviction du petit gar\u00e7on qui s&rsquo;acquitte de tout le mieux possible.&nbsp; &nbsp; &nbsp; &nbsp; &nbsp; &nbsp; &nbsp; &nbsp; &nbsp; &nbsp; &nbsp; &nbsp; &nbsp; &nbsp; &nbsp; &nbsp; &nbsp; &nbsp; &nbsp; &nbsp; &nbsp; &nbsp; &nbsp; &nbsp; &nbsp; &nbsp; &nbsp; &nbsp; &nbsp; &nbsp; &nbsp; &nbsp; &nbsp; &nbsp; &nbsp; &nbsp; &nbsp; &nbsp; &nbsp; &nbsp; &nbsp; &nbsp; &nbsp; &nbsp; &nbsp; &nbsp; &nbsp; &nbsp; &nbsp; &nbsp; &nbsp; &nbsp; &nbsp; &nbsp; &nbsp; &nbsp; &nbsp; &nbsp; &nbsp; <\/em>Louise Brooks, extrait de <em>Double Exposure<\/em>, Roddy McDowall, 1966<\/p>\n\n\n\n<p>Un petit air de famille avec Marcel, le c\u00e9l\u00e8bre chimpanz\u00e9 d&rsquo;Anthony Browne.<\/p>\n\n\n<div class=\"wp-block-image\">\n<figure class=\"aligncenter\"><img loading=\"lazy\" decoding=\"async\" width=\"988\" height=\"860\" src=\"https:\/\/lafilledecorinthe.com\/wordpress\/wp-content\/uploads\/2021\/11\/Marcel.png\" alt=\"Marcel\" class=\"wp-image-11526\" srcset=\"https:\/\/lafilledecorinthe.com\/wordpress\/wp-content\/uploads\/2021\/11\/Marcel.png 988w, https:\/\/lafilledecorinthe.com\/wordpress\/wp-content\/uploads\/2021\/11\/Marcel-680x592.png 680w, https:\/\/lafilledecorinthe.com\/wordpress\/wp-content\/uploads\/2021\/11\/Marcel-345x300.png 345w\" sizes=\"auto, (max-width: 988px) 100vw, 988px\" \/><\/figure>\n<\/div>\n\n\n<p>Deadpan (Pince sans rire), Installation vid\u00e9o de Steve McQueen, 1997<\/p>\n\n\n<div class=\"wp-block-image\">\n<figure class=\"aligncenter\"><img loading=\"lazy\" decoding=\"async\" width=\"1532\" height=\"890\" src=\"https:\/\/lafilledecorinthe.com\/wordpress\/wp-content\/uploads\/2021\/11\/deadPan.png\" alt=\"deadPan\" class=\"wp-image-11528\" srcset=\"https:\/\/lafilledecorinthe.com\/wordpress\/wp-content\/uploads\/2021\/11\/deadPan.png 1532w, https:\/\/lafilledecorinthe.com\/wordpress\/wp-content\/uploads\/2021\/11\/deadPan-680x395.png 680w, https:\/\/lafilledecorinthe.com\/wordpress\/wp-content\/uploads\/2021\/11\/deadPan-1280x744.png 1280w, https:\/\/lafilledecorinthe.com\/wordpress\/wp-content\/uploads\/2021\/11\/deadPan-500x290.png 500w\" sizes=\"auto, (max-width: 1532px) 100vw, 1532px\" \/><\/figure>\n<\/div>\n\n\n<p><\/p>\n","protected":false},"excerpt":{"rendered":"<p>La nature m\u00eame du personnage de Buster est celle d&rsquo;un objet, f\u00e9tu de paille lanc\u00e9 dans la temp\u00eate, ou poussi\u00e8re l\u00e2ch\u00e9e dans les rouages broyeurs de la soci\u00e9t\u00e9.Le regard de Buster Keaton, Robert Benayoun, Editions Herscher, 1982, page 55 Conf\u00e9rence film\u00e9e :Cadet d\u2019eau douce (Steamboat Bill Junior)de Charles Reisner avec Buster Keaton, 1928\u00a0 Cin\u00e9mas du&#8230;<\/p>\n","protected":false},"author":2,"featured_media":11515,"comment_status":"open","ping_status":"open","sticky":false,"template":"","format":"standard","meta":{"_kad_post_transparent":"","_kad_post_title":"","_kad_post_layout":"","_kad_post_sidebar_id":"","_kad_post_content_style":"","_kad_post_vertical_padding":"","_kad_post_feature":"","_kad_post_feature_position":"","_kad_post_header":false,"_kad_post_footer":false,"_kad_post_classname":"","footnotes":""},"categories":[8],"tags":[2150,1713,2147,2148,962,2152,1795,2149,2151],"class_list":["post-11512","post","type-post","status-publish","format-standard","has-post-thumbnail","hentry","category-formations-adultes","tag-anthony-browne","tag-buster-keaton","tag-cadet-deau-douce","tag-cinemas-du-palais","tag-creteil","tag-deadpan","tag-ecole-et-cinema-94","tag-marcel","tag-steve-mcqueen"],"_links":{"self":[{"href":"https:\/\/lafilledecorinthe.com\/wordpress\/wp-json\/wp\/v2\/posts\/11512","targetHints":{"allow":["GET"]}}],"collection":[{"href":"https:\/\/lafilledecorinthe.com\/wordpress\/wp-json\/wp\/v2\/posts"}],"about":[{"href":"https:\/\/lafilledecorinthe.com\/wordpress\/wp-json\/wp\/v2\/types\/post"}],"author":[{"embeddable":true,"href":"https:\/\/lafilledecorinthe.com\/wordpress\/wp-json\/wp\/v2\/users\/2"}],"replies":[{"embeddable":true,"href":"https:\/\/lafilledecorinthe.com\/wordpress\/wp-json\/wp\/v2\/comments?post=11512"}],"version-history":[{"count":12,"href":"https:\/\/lafilledecorinthe.com\/wordpress\/wp-json\/wp\/v2\/posts\/11512\/revisions"}],"predecessor-version":[{"id":14637,"href":"https:\/\/lafilledecorinthe.com\/wordpress\/wp-json\/wp\/v2\/posts\/11512\/revisions\/14637"}],"wp:featuredmedia":[{"embeddable":true,"href":"https:\/\/lafilledecorinthe.com\/wordpress\/wp-json\/wp\/v2\/media\/11515"}],"wp:attachment":[{"href":"https:\/\/lafilledecorinthe.com\/wordpress\/wp-json\/wp\/v2\/media?parent=11512"}],"wp:term":[{"taxonomy":"category","embeddable":true,"href":"https:\/\/lafilledecorinthe.com\/wordpress\/wp-json\/wp\/v2\/categories?post=11512"},{"taxonomy":"post_tag","embeddable":true,"href":"https:\/\/lafilledecorinthe.com\/wordpress\/wp-json\/wp\/v2\/tags?post=11512"}],"curies":[{"name":"wp","href":"https:\/\/api.w.org\/{rel}","templated":true}]}}