{"id":11436,"date":"2021-10-19T19:47:01","date_gmt":"2021-10-19T18:47:01","guid":{"rendered":"http:\/\/lafilledecorinthe.com\/wordpress\/?p=11436"},"modified":"2025-12-04T20:48:14","modified_gmt":"2025-12-04T19:48:14","slug":"ma-premiere-seance-2021-2022","status":"publish","type":"post","link":"https:\/\/lafilledecorinthe.com\/wordpress\/2021\/10\/ma-premiere-seance-2021-2022\/","title":{"rendered":"\u00ab\u00a0Ma premi\u00e8re s\u00e9ance\u00a0\u00bb 2021-2022"},"content":{"rendered":"\n<p><em>\u00ab\u00a0Principes pour le d\u00e9veloppement d&rsquo;un esprit complet : \u00e9tudiez la science de l&rsquo;art, \u00e9tudiez l&rsquo;art de la science. D\u00e9veloppez vos sens &#8211; en particulier, apprenez \u00e0 voir.\u00a0\u00bb<\/em><br>L\u00e9onard de Vinci (1452-1519)<br><em>\u00ab\u00a0Il y eut une fois, Quelqu&rsquo;un qui pouvait regarder le m\u00eame spectacle ou le m\u00eame objet, tant\u00f4t comme l&rsquo;e\u00fbt regard\u00e9 un peintre, et tant\u00f4t en naturaliste; tant\u00f4t comme un physicien, et d&rsquo;autre fois comme un po\u00e8te; et aucun de ses regards n&rsquo;\u00e9tait superficiel.\u00a0\u00bb<\/em><br>Pr\u00e9face de Paul Val\u00e9ry, L\u00e9onard de Vinci, Carnets, Quarto-Gallimard, 2019<\/p>\n\n\n\n<p><strong>Projection-conf\u00e9rence :<\/strong><br>Cin\u00e9ma <em>Le M\u00e9li\u00e8s<\/em> \u00e0 Montreuil<br>Mercredi 20 octobre 2021<\/p>\n\n\n\n<p>Documents \u00e0 t\u00e9l\u00e9charger :&nbsp;<a href=\"https:\/\/lafilledecorinthe.com\/wordpress\/wp-content\/uploads\/2021\/10\/Pour-aller-plus-loin1.pdf\">Pour aller plus loin<\/a><\/p>\n\n\n<div class=\"wp-block-image\">\n<figure class=\"aligncenter\"><a href=\"https:\/\/lafilledecorinthe.com\/wordpress\/wp-content\/uploads\/2021\/10\/Capture-d\u2019e\u0301cran-2021-10-18-a\u0300-20.11.08.png\"><img loading=\"lazy\" decoding=\"async\" width=\"1538\" height=\"1156\" src=\"https:\/\/lafilledecorinthe.com\/wordpress\/wp-content\/uploads\/2021\/10\/Capture-d\u2019e\u0301cran-2021-10-18-a\u0300-20.11.08.png\" alt=\"Capture d\u2019e\u0301cran 2021-10-18 a\u0300 20.11.08\" class=\"wp-image-11493\" srcset=\"https:\/\/lafilledecorinthe.com\/wordpress\/wp-content\/uploads\/2021\/10\/Capture-d\u2019e\u0301cran-2021-10-18-a\u0300-20.11.08.png 1538w, https:\/\/lafilledecorinthe.com\/wordpress\/wp-content\/uploads\/2021\/10\/Capture-d\u2019e\u0301cran-2021-10-18-a\u0300-20.11.08-680x511.png 680w, https:\/\/lafilledecorinthe.com\/wordpress\/wp-content\/uploads\/2021\/10\/Capture-d\u2019e\u0301cran-2021-10-18-a\u0300-20.11.08-1280x962.png 1280w, https:\/\/lafilledecorinthe.com\/wordpress\/wp-content\/uploads\/2021\/10\/Capture-d\u2019e\u0301cran-2021-10-18-a\u0300-20.11.08-399x300.png 399w\" sizes=\"auto, (max-width: 1538px) 100vw, 1538px\" \/><\/a><\/figure>\n<\/div>\n\n\n<p><\/p>\n\n\n\n<p>Documents \u00e0 t\u00e9l\u00e9charger :&nbsp;<a href=\"https:\/\/lafilledecorinthe.com\/wordpress\/wp-content\/uploads\/2021\/10\/les-formes-circulaires-.pdf\">les formes circulaires<\/a>&nbsp;et <a href=\"https:\/\/lafilledecorinthe.com\/wordpress\/2020\/10\/ma-premiere-seance-2020-2021\/\" target=\"_blank\" rel=\"noopener\">ici<\/a><\/p>\n\n\n<div class=\"wp-block-image\">\n<figure class=\"aligncenter\"><a href=\"https:\/\/lafilledecorinthe.com\/wordpress\/wp-content\/uploads\/2021\/10\/couv-3.png\"><img loading=\"lazy\" decoding=\"async\" width=\"1536\" height=\"1156\" src=\"https:\/\/lafilledecorinthe.com\/wordpress\/wp-content\/uploads\/2021\/10\/couv-3.png\" alt=\"couv 3\" class=\"wp-image-11509\" srcset=\"https:\/\/lafilledecorinthe.com\/wordpress\/wp-content\/uploads\/2021\/10\/couv-3.png 1536w, https:\/\/lafilledecorinthe.com\/wordpress\/wp-content\/uploads\/2021\/10\/couv-3-680x512.png 680w, https:\/\/lafilledecorinthe.com\/wordpress\/wp-content\/uploads\/2021\/10\/couv-3-1280x963.png 1280w, https:\/\/lafilledecorinthe.com\/wordpress\/wp-content\/uploads\/2021\/10\/couv-3-399x300.png 399w\" sizes=\"auto, (max-width: 1536px) 100vw, 1536px\" \/><\/a><\/figure>\n<\/div>\n\n\n<p><\/p>\n\n\n\n<p>Documents \u00e0 t\u00e9l\u00e9charger :&nbsp;<a href=\"https:\/\/lafilledecorinthe.com\/wordpress\/wp-content\/uploads\/2021\/10\/Couche\u0301e-Robert-Desnos-.pdf\">Couche\u0301e, Robert Desnos<\/a>,&nbsp;<a href=\"https:\/\/lafilledecorinthe.com\/wordpress\/wp-content\/uploads\/2021\/10\/Couche\u0301eplans-objectifs-et-subjectifs-.pdf\">Couche\u0301e, plans objectifs et subjectifs<\/a>,&nbsp;<a href=\"https:\/\/lafilledecorinthe.com\/wordpress\/wp-content\/uploads\/2021\/10\/Cache-cache-le-regard-dune-naturaliste-.pdf\">Cache-cache, le regard d&rsquo;une naturaliste<\/a>,&nbsp;<a href=\"https:\/\/lafilledecorinthe.com\/wordpress\/wp-content\/uploads\/2021\/10\/NetFlou-.pdf\">Net:Flou<\/a>,&nbsp;<a href=\"https:\/\/lafilledecorinthe.com\/wordpress\/wp-content\/uploads\/2021\/10\/Cache-cache-une-question-de-taille-.pdf\">Cache-cache, une question de taille<\/a>,&nbsp;<a href=\"https:\/\/lafilledecorinthe.com\/wordpress\/wp-content\/uploads\/2021\/10\/La-pollinisation-.pdf\">La pollinisation<\/a>,&nbsp;&nbsp;<a href=\"https:\/\/lafilledecorinthe.com\/wordpress\/wp-content\/uploads\/2021\/10\/Du-iz-tak-Images-se\u0301quentielles-.pdf\">Du iz tak, Images se\u0301quentielles<\/a>,&nbsp;<a href=\"https:\/\/lafilledecorinthe.com\/wordpress\/wp-content\/uploads\/2021\/10\/La-chanson-du-nain-au-bonnet-rouge-.pdf\">La chanson du nain au bonnet rouge<\/a>,&nbsp;<a href=\"https:\/\/lafilledecorinthe.com\/wordpress\/wp-content\/uploads\/2021\/10\/Images-se\u0301quentielles-Tulip-.pdf\">Images se\u0301quentielles, Tulip<\/a>,&nbsp;<a href=\"https:\/\/lafilledecorinthe.com\/wordpress\/wp-content\/uploads\/2021\/10\/Ou\u0300-se-cache-la-petite-chenille-.pdf\">Ou\u0300 se cache la petite chenille ?<\/a><\/p>\n\n\n\n<p>Le cycle de vie des fleurs racont\u00e9 dans un magnifique court m\u00e9trage,&nbsp;<em>Story of flowers, <\/em>Azuma Makoto, Kathie Scott, James Paulley, 2016<\/p>\n\n\n\n<p><iframe loading=\"lazy\" title=\"vimeo-player\" src=\"https:\/\/player.vimeo.com\/video\/219961246?h=d1d0f972d7\" width=\"640\" height=\"320\" frameborder=\"0\" allowfullscreen=\"allowfullscreen\"><\/iframe><\/p>\n\n\n\n<p>Et aussi un time-lapse&nbsp;sur le lien entre les insectes et les fleurs :<\/p>\n\n\n\n<p><iframe loading=\"lazy\" title=\"vimeo-player\" src=\"https:\/\/player.vimeo.com\/video\/147209710?h=82292caafb\" width=\"640\" height=\"360\" frameborder=\"0\" allowfullscreen=\"allowfullscreen\"><\/iframe><\/p>\n","protected":false},"excerpt":{"rendered":"<p>\u00ab\u00a0Principes pour le d\u00e9veloppement d&rsquo;un esprit complet : \u00e9tudiez la science de l&rsquo;art, \u00e9tudiez l&rsquo;art de la science. D\u00e9veloppez vos sens &#8211; en particulier, apprenez \u00e0 voir.\u00a0\u00bbL\u00e9onard de Vinci (1452-1519)\u00ab\u00a0Il y eut une fois, Quelqu&rsquo;un qui pouvait regarder le m\u00eame spectacle ou le m\u00eame objet, tant\u00f4t comme l&rsquo;e\u00fbt regard\u00e9 un peintre, et tant\u00f4t en naturaliste;&#8230;<\/p>\n","protected":false},"author":2,"featured_media":11483,"comment_status":"open","ping_status":"open","sticky":false,"template":"","format":"standard","meta":{"_kad_post_transparent":"","_kad_post_title":"","_kad_post_layout":"","_kad_post_sidebar_id":"","_kad_post_content_style":"","_kad_post_vertical_padding":"","_kad_post_feature":"","_kad_post_feature_position":"","_kad_post_header":false,"_kad_post_footer":false,"_kad_post_classname":"","footnotes":""},"categories":[8],"tags":[2144,2024,2145,600,2146],"class_list":["post-11436","post","type-post","status-publish","format-standard","has-post-thumbnail","hentry","category-formations-adultes","tag-2021-2022","tag-droles-de-lumieres","tag-jardins-enchantes","tag-ma-premiere-seance","tag-story-of-flowers"],"_links":{"self":[{"href":"https:\/\/lafilledecorinthe.com\/wordpress\/wp-json\/wp\/v2\/posts\/11436","targetHints":{"allow":["GET"]}}],"collection":[{"href":"https:\/\/lafilledecorinthe.com\/wordpress\/wp-json\/wp\/v2\/posts"}],"about":[{"href":"https:\/\/lafilledecorinthe.com\/wordpress\/wp-json\/wp\/v2\/types\/post"}],"author":[{"embeddable":true,"href":"https:\/\/lafilledecorinthe.com\/wordpress\/wp-json\/wp\/v2\/users\/2"}],"replies":[{"embeddable":true,"href":"https:\/\/lafilledecorinthe.com\/wordpress\/wp-json\/wp\/v2\/comments?post=11436"}],"version-history":[{"count":18,"href":"https:\/\/lafilledecorinthe.com\/wordpress\/wp-json\/wp\/v2\/posts\/11436\/revisions"}],"predecessor-version":[{"id":14608,"href":"https:\/\/lafilledecorinthe.com\/wordpress\/wp-json\/wp\/v2\/posts\/11436\/revisions\/14608"}],"wp:featuredmedia":[{"embeddable":true,"href":"https:\/\/lafilledecorinthe.com\/wordpress\/wp-json\/wp\/v2\/media\/11483"}],"wp:attachment":[{"href":"https:\/\/lafilledecorinthe.com\/wordpress\/wp-json\/wp\/v2\/media?parent=11436"}],"wp:term":[{"taxonomy":"category","embeddable":true,"href":"https:\/\/lafilledecorinthe.com\/wordpress\/wp-json\/wp\/v2\/categories?post=11436"},{"taxonomy":"post_tag","embeddable":true,"href":"https:\/\/lafilledecorinthe.com\/wordpress\/wp-json\/wp\/v2\/tags?post=11436"}],"curies":[{"name":"wp","href":"https:\/\/api.w.org\/{rel}","templated":true}]}}