{"id":11356,"date":"2021-09-21T10:46:49","date_gmt":"2021-09-21T09:46:49","guid":{"rendered":"http:\/\/lafilledecorinthe.com\/wordpress\/?p=11356"},"modified":"2025-12-04T20:28:44","modified_gmt":"2025-12-04T19:28:44","slug":"ecole-et-cinema-92-le-voyage-de-chihiro","status":"publish","type":"post","link":"https:\/\/lafilledecorinthe.com\/wordpress\/2021\/09\/ecole-et-cinema-92-le-voyage-de-chihiro\/","title":{"rendered":"\u00ab\u00a0\u00c9cole et Cin\u00e9ma 92\u00a0\u00bb, Le voyage de Chihiro"},"content":{"rendered":"\n<p><\/p>\n\n\n\n<p class=\"p1\"><i>\u00ab Jusqu&rsquo;\u00e0 maintenant, je cr\u00e9ais un personnage principal en me disant&nbsp;\u00ab je souhaite qu&rsquo;une telle personne existe. \u00bb&nbsp;Cette fois, j&rsquo;ai cr\u00e9\u00e9 une h\u00e9ro\u00efne qui est une petite fille ordinaire, quelqu&rsquo;un avec qui les spectateurs pourront sympathiser, quelqu&rsquo;un dont ils pourront dire,&nbsp;\u00ab oui, c&rsquo;est comme \u00e7a en vrai. \u00bb&nbsp;C&rsquo;est tr\u00e8s important de la rendre cr\u00e9dible et r\u00e9aliste. A partir de l\u00e0, ce n&rsquo;est plus une histoire o\u00f9 les personnages deviennent adultes, mais une histoire o\u00f9 ils d\u00e9couvrent quelque chose qui est \u00e0 l&rsquo;int\u00e9rieur d&rsquo;eux-m\u00eames, et qui r\u00e9veill\u00e9 par les circonstances particuli\u00e8res&nbsp;[&#8230;]&nbsp;Dans ces circonstances rencontr\u00e9es par Chihiro, la plupart des hommes paniqueraient ou refuseraient d&rsquo;y croire, mais ces hommes finiraient par \u00eatre d\u00e9vor\u00e9s. On peut dire qu&rsquo;en fait, le talent de Chihiro est de trouver la force de ne pas se laisser d\u00e9vorer. En aucune fa\u00e7on, elle n&rsquo;est devenue l&rsquo;h\u00e9ro\u00efne parce qu&rsquo;elle serait une jolie petite fille dot\u00e9e d&rsquo;un c\u0153ur exceptionnel. \u00bb <\/i><a href=\"https:\/\/www.buta-connection.net\/index.php\/longs-metrages\/films-de-hayao-miyazaki\/le-voyage-de-chihiro?start=2\">Citation<\/a> de&nbsp;Hayao Miyazaki<\/p>\n\n\n\n<p class=\"p1\"><strong>Projection-conf\u00e9rence :<\/strong><br><em>Le voyage de Chihiro, <\/em>Hayao Miyazaki, 2001<br>Cin\u00e9ma <em>Jean Vigo<\/em> de Gennevilliers<br>Samedi 2 octobre 2021<br>Cin\u00e9ma <em>Le Rex\u00a0<\/em>de Ch\u00e2tenay-Malabry<br>Samedi\u00a09 octobre 2021<br>Co-animation avec Marc Laugenie (conseiller p\u00e9dagogique en musique)<\/p>\n\n\n\n<p class=\"p1\">&nbsp;\u00c0 t\u00e9l\u00e9charger :&nbsp;<a href=\"https:\/\/lafilledecorinthe.com\/wordpress\/wp-content\/uploads\/2021\/09\/Pour-aller-plus-loin-.pdf\">Pour aller plus loin<\/a>,&nbsp;<a href=\"https:\/\/lafilledecorinthe.com\/wordpress\/wp-content\/uploads\/2021\/09\/De-Chihiro-a\u0300-Sen-.pdf\">De Chihiro a\u0300 Sen<\/a>,&nbsp;<a href=\"https:\/\/lafilledecorinthe.com\/wordpress\/wp-content\/uploads\/2021\/09\/D\u2019un-passage-a\u0300-l\u2019autre-.pdf\">D\u2019un passage a\u0300 l\u2019autre<\/a>,&nbsp;<a href=\"https:\/\/lafilledecorinthe.com\/wordpress\/wp-content\/uploads\/2021\/09\/Le-shinto-ou-la-voie-des-Kami-.pdf\">Le shinto ou la voie des Kami<\/a>,&nbsp;<a href=\"https:\/\/lafilledecorinthe.com\/wordpress\/wp-content\/uploads\/2021\/09\/Des-me\u0301tamorphoses-.pdf\">Des me\u0301tamorphoses<\/a>,&nbsp;<a href=\"https:\/\/lafilledecorinthe.com\/wordpress\/wp-content\/uploads\/2021\/09\/La-me\u0301tamorphose-de-Bo\u0302.pdf\">La me\u0301tamorphose de Bo\u0302<\/a>,&nbsp;<a href=\"https:\/\/lafilledecorinthe.com\/wordpress\/wp-content\/uploads\/2021\/09\/L\u2019extrait-La-descente-d\u2019escalier-1.pdf\">L\u2019extrait La descente d\u2019escalier 1<\/a>,&nbsp;<a href=\"https:\/\/lafilledecorinthe.com\/wordpress\/wp-content\/uploads\/2021\/09\/L\u2019extrait-La-descente-d\u2019escalier-2.pdf\">L\u2019extrait La descente d\u2019escalier 2<\/a>,&nbsp;<a href=\"https:\/\/lafilledecorinthe.com\/wordpress\/wp-content\/uploads\/2021\/09\/Voyage-en-ballon.pdf\">Voyage en ballon<\/a><\/p>\n\n\n<div class=\"wp-block-image\">\n<figure class=\"aligncenter\"><a href=\"https:\/\/lafilledecorinthe.com\/wordpress\/wp-content\/uploads\/2021\/09\/Capture-d\u2019\u00e9cran-2021-09-21-\u00e0-09.45.55.jpg\"><img loading=\"lazy\" decoding=\"async\" width=\"1590\" height=\"504\" src=\"https:\/\/lafilledecorinthe.com\/wordpress\/wp-content\/uploads\/2021\/09\/Capture-d\u2019\u00e9cran-2021-09-21-\u00e0-09.45.55.jpg\" alt=\"Capture d\u2019\u00e9cran 2021-09-21 \u00e0 09.45.55\" class=\"wp-image-11398\" srcset=\"https:\/\/lafilledecorinthe.com\/wordpress\/wp-content\/uploads\/2021\/09\/Capture-d\u2019\u00e9cran-2021-09-21-\u00e0-09.45.55.jpg 1590w, https:\/\/lafilledecorinthe.com\/wordpress\/wp-content\/uploads\/2021\/09\/Capture-d\u2019\u00e9cran-2021-09-21-\u00e0-09.45.55-680x216.jpg 680w, https:\/\/lafilledecorinthe.com\/wordpress\/wp-content\/uploads\/2021\/09\/Capture-d\u2019\u00e9cran-2021-09-21-\u00e0-09.45.55-1280x406.jpg 1280w, https:\/\/lafilledecorinthe.com\/wordpress\/wp-content\/uploads\/2021\/09\/Capture-d\u2019\u00e9cran-2021-09-21-\u00e0-09.45.55-500x158.jpg 500w\" sizes=\"auto, (max-width: 1590px) 100vw, 1590px\" \/><\/a><\/figure>\n<\/div>\n\n\n<p class=\"p1\"><\/p>\n\n\n\n<p class=\"p1\">Apr\u00e8s la sortie du film <em>Princesse Mononoke,&nbsp;<\/em>Hayao Miyazaki, \u00e9puis\u00e9 par plus de deux ans de travail intensif, annonce pour la premi\u00e8re fois son d\u00e9part \u00e0 la retraite. La mort accidentelle de son successeur d\u00e9sign\u00e9, Yoshifumi Kondo, lui fait reprendre le chemin des studios pour&nbsp;r\u00e9aliser Le&nbsp;v<em>oyage de Chihiro<\/em>. Depuis lors,&nbsp;Hayao Miyazaki a annonc\u00e9 un certain nombre de fois sa retraite pour revenir&nbsp;sur sa d\u00e9cision quelque temps plus tard. Deux longs m\u00e9trages sont attendus, tel le personnage du vieux Kamaji,&nbsp;Hayao Miyazaki semble bien \u00eatre l&rsquo;esclave consentant du cin\u00e9ma.<\/p>\n\n\n\n<p class=\"p1\">L&rsquo;adaptation en long m\u00e9trage de son court m\u00e9trage <em>Boro la Chenille.<\/em><\/p>\n\n\n\n<p class=\"p1\"><em> <iframe loading=\"lazy\" title=\"YouTube video player\" src=\"https:\/\/www.youtube.com\/embed\/j4-6YI04IiE\" width=\"560\" height=\"315\" frameborder=\"0\" allowfullscreen=\"allowfullscreen\"><\/iframe><\/em><\/p>\n\n\n\n<p>&nbsp;Le deuxi\u00e8me long m\u00e9trage auquel Hayao Miyazaki travaille depuis 2016 est en lien avec le roman de Yoshino Genzaburo paru en 1937, <em>Comment vivez-vous ?<\/em>. Le film racontera combien le livre du journaliste&nbsp;Genzaburo a&nbsp;\u00e9t\u00e9 important dans la vie du h\u00e9ros. Le film est d\u00e9di\u00e9 \u00e0 son petit-fils.<\/p>\n\n\n<div class=\"wp-block-image\">\n<figure class=\"aligncenter\"><a href=\"https:\/\/lafilledecorinthe.com\/wordpress\/wp-content\/uploads\/2021\/09\/Capture-d\u2019\u00e9cran-2021-09-21-\u00e0-10.31.42.jpg\"><img loading=\"lazy\" decoding=\"async\" width=\"750\" height=\"578\" src=\"https:\/\/lafilledecorinthe.com\/wordpress\/wp-content\/uploads\/2021\/09\/Capture-d\u2019\u00e9cran-2021-09-21-\u00e0-10.31.42.jpg\" alt=\"Capture d\u2019\u00e9cran 2021-09-21 \u00e0 10.31.42\" class=\"wp-image-11401\" srcset=\"https:\/\/lafilledecorinthe.com\/wordpress\/wp-content\/uploads\/2021\/09\/Capture-d\u2019\u00e9cran-2021-09-21-\u00e0-10.31.42.jpg 750w, https:\/\/lafilledecorinthe.com\/wordpress\/wp-content\/uploads\/2021\/09\/Capture-d\u2019\u00e9cran-2021-09-21-\u00e0-10.31.42-680x524.jpg 680w, https:\/\/lafilledecorinthe.com\/wordpress\/wp-content\/uploads\/2021\/09\/Capture-d\u2019\u00e9cran-2021-09-21-\u00e0-10.31.42-389x300.jpg 389w\" sizes=\"auto, (max-width: 750px) 100vw, 750px\" \/><\/a><\/figure>\n<\/div>\n\n\n<p><\/p>\n\n\n\n<p>En attendant la sortie du film, on peut se plonger dans la lecture du roman qui vient d&rsquo;\u00eatre \u00e9dit\u00e9 en fran\u00e7ais.<\/p>\n\n\n\n<p>Le livre de Sachiko Kashiwaba,&nbsp;<em>La Cit\u00e9 des Brumes oubli\u00e9es,&nbsp;<\/em>une source importante pour <em>Le voyage de Chihiro,<\/em> est lui aussi enfin traduit en fran\u00e7ais et il sort le 13 octobre. Un petit tour dans vos librairies va s&rsquo;imposer !<\/p>\n\n\n<div class=\"wp-block-image\">\n<figure class=\"aligncenter\"><img loading=\"lazy\" decoding=\"async\" width=\"600\" height=\"851\" src=\"https:\/\/lafilledecorinthe.com\/wordpress\/wp-content\/uploads\/2021\/09\/la-cite\u0301-des-brumes-oublie\u0301es.jpeg\" alt=\"la cite\u0301 des brumes oublie\u0301es\" class=\"wp-image-11402\" srcset=\"https:\/\/lafilledecorinthe.com\/wordpress\/wp-content\/uploads\/2021\/09\/la-cite\u0301-des-brumes-oublie\u0301es.jpeg 600w, https:\/\/lafilledecorinthe.com\/wordpress\/wp-content\/uploads\/2021\/09\/la-cite\u0301-des-brumes-oublie\u0301es-479x680.jpeg 479w, https:\/\/lafilledecorinthe.com\/wordpress\/wp-content\/uploads\/2021\/09\/la-cite\u0301-des-brumes-oublie\u0301es-212x300.jpeg 212w\" sizes=\"auto, (max-width: 600px) 100vw, 600px\" \/><\/figure>\n<\/div>\n\n\n<p><\/p>\n","protected":false},"excerpt":{"rendered":"<p>\u00ab Jusqu&rsquo;\u00e0 maintenant, je cr\u00e9ais un personnage principal en me disant&nbsp;\u00ab je souhaite qu&rsquo;une telle personne existe. \u00bb&nbsp;Cette fois, j&rsquo;ai cr\u00e9\u00e9 une h\u00e9ro\u00efne qui est une petite fille ordinaire, quelqu&rsquo;un avec qui les spectateurs pourront sympathiser, quelqu&rsquo;un dont ils pourront dire,&nbsp;\u00ab oui, c&rsquo;est comme \u00e7a en vrai. \u00bb&nbsp;C&rsquo;est tr\u00e8s important de la rendre cr\u00e9dible et&#8230;<\/p>\n","protected":false},"author":2,"featured_media":11363,"comment_status":"open","ping_status":"open","sticky":false,"template":"","format":"standard","meta":{"_kad_post_transparent":"","_kad_post_title":"","_kad_post_layout":"","_kad_post_sidebar_id":"","_kad_post_content_style":"","_kad_post_vertical_padding":"","_kad_post_feature":"","_kad_post_feature_position":"","_kad_post_header":false,"_kad_post_footer":false,"_kad_post_classname":"","footnotes":""},"categories":[8],"tags":[2119,2121,373,662,2122,2118,658,2123,2120],"class_list":["post-11356","post","type-post","status-publish","format-standard","has-post-thumbnail","hentry","category-formations-adultes","tag-boro-la-chenille","tag-comment-vivez-vous","tag-ecole-et-cinema-92","tag-hayao-miyazaki","tag-la-cite-des-brumes-oubliees","tag-le-voyage-de-chihiro","tag-marc-laugenie","tag-sachiko-kashiwaba","tag-yoshino-genzaburo"],"_links":{"self":[{"href":"https:\/\/lafilledecorinthe.com\/wordpress\/wp-json\/wp\/v2\/posts\/11356","targetHints":{"allow":["GET"]}}],"collection":[{"href":"https:\/\/lafilledecorinthe.com\/wordpress\/wp-json\/wp\/v2\/posts"}],"about":[{"href":"https:\/\/lafilledecorinthe.com\/wordpress\/wp-json\/wp\/v2\/types\/post"}],"author":[{"embeddable":true,"href":"https:\/\/lafilledecorinthe.com\/wordpress\/wp-json\/wp\/v2\/users\/2"}],"replies":[{"embeddable":true,"href":"https:\/\/lafilledecorinthe.com\/wordpress\/wp-json\/wp\/v2\/comments?post=11356"}],"version-history":[{"count":13,"href":"https:\/\/lafilledecorinthe.com\/wordpress\/wp-json\/wp\/v2\/posts\/11356\/revisions"}],"predecessor-version":[{"id":14617,"href":"https:\/\/lafilledecorinthe.com\/wordpress\/wp-json\/wp\/v2\/posts\/11356\/revisions\/14617"}],"wp:featuredmedia":[{"embeddable":true,"href":"https:\/\/lafilledecorinthe.com\/wordpress\/wp-json\/wp\/v2\/media\/11363"}],"wp:attachment":[{"href":"https:\/\/lafilledecorinthe.com\/wordpress\/wp-json\/wp\/v2\/media?parent=11356"}],"wp:term":[{"taxonomy":"category","embeddable":true,"href":"https:\/\/lafilledecorinthe.com\/wordpress\/wp-json\/wp\/v2\/categories?post=11356"},{"taxonomy":"post_tag","embeddable":true,"href":"https:\/\/lafilledecorinthe.com\/wordpress\/wp-json\/wp\/v2\/tags?post=11356"}],"curies":[{"name":"wp","href":"https:\/\/api.w.org\/{rel}","templated":true}]}}